{"id":49532,"date":"2021-09-27T03:46:28","date_gmt":"2021-09-26T23:46:28","guid":{"rendered":"https:\/\/fedai.az\/?p=49532"},"modified":"2021-09-27T03:46:32","modified_gmt":"2021-09-26T23:46:32","slug":"ikinci-qarabag-muharib%c9%99si","status":"publish","type":"post","link":"https:\/\/fedai.az\/?p=49532","title":{"rendered":"\u0130kinci Qaraba\u011f m\u00fcharib\u0259si"},"content":{"rendered":"\n<p><strong>V\u0259t\u0259n m\u00fcharib\u0259si v\u0259 ya &#171;D\u0259mir Yumruq&#187; \u0259m\u0259liyyat\u0131<\/strong><\/p>\n\n\n\n<p>27 sentyabr 2020-ci il s\u0259h\u0259r saatlar\u0131nda Erm\u0259nistan Silahl\u0131 Q\u00fcvv\u0259l\u0259rinin geni\u015fmiqyasl\u0131 t\u0259xribat t\u00f6r\u0259d\u0259r\u0259k c\u0259bh\u0259boyu zonada yerl\u0259\u015f\u0259n Az\u0259rbaycan ordusunun m\u00f6vqel\u0259rini v\u0259 ya\u015fay\u0131\u015f m\u0259nt\u0259q\u0259l\u0259rini iri\u00e7apl\u0131 silahlar, minaatanlar v\u0259 m\u00fcxt\u0259lif \u00e7apl\u0131 artilleriya qur\u011fular\u0131ndan intensiv at\u0259\u015f\u0259 tutmas\u0131 n\u0259tic\u0259sind\u0259, Erm\u0259nistan ordusunun d\u00f6y\u00fc\u015f aktivliyinin qar\u015f\u0131s\u0131n\u0131 almaq, m\u00fclki \u0259halinin t\u0259hl\u00fck\u0259sizliyini t\u0259min etm\u0259k m\u0259qs\u0259dil\u0259 Az\u0259rbaycan ordusunun komandanl\u0131\u011f\u0131 t\u0259r\u0259find\u0259n qo\u015funlar\u0131n b\u00fct\u00fcn c\u0259bh\u0259 boyu s\u00fcr\u0259tli \u0259ks-h\u00fccum \u0259m\u0259liyyat\u0131 ba\u015flamas\u0131 bar\u0259d\u0259 q\u0259rar verilib. Qar\u015f\u0131durmalar n\u0259tic\u0259sind\u0259 Erm\u0259nistanda h\u0259rbi v\u0259ziyy\u0259t v\u0259 \u00fcmumi s\u0259f\u0259rb\u0259rlik, Az\u0259rbaycanda is\u0259 h\u0259rbi v\u0259ziyy\u0259t v\u0259 komendant saat\u0131, 28 sentyabrda qism\u0259n s\u0259f\u0259rb\u0259rlik elan edilmi\u015fdir. Qar\u015f\u0131durmalar q\u0131sa m\u00fcdd\u0259td\u0259 s\u00fcr\u0259tl\u0259 alovlanm\u0131\u015f v\u0259 \u0130kinci Qaraba\u011f m\u00fcharib\u0259sin\u0259 \u00e7evrilmi\u015fdir.&nbsp;<\/p>\n\n\n\n<p>\u00c7oxsayl\u0131 \u00f6lk\u0259l\u0259r v\u0259 Birl\u0259\u015fmi\u015f Mill\u0259tl\u0259r T\u0259\u015fkilat\u0131 h\u0259rbi \u0259m\u0259liyyatlar\u0131 dayand\u0131rma\u011fa, h\u0259r iki t\u0259r\u0259fi g\u0259rginliyi azaltma\u011fa v\u0259 dan\u0131\u015f\u0131qlar\u0131 t\u0259xir\u0259 salmadan davam etdirm\u0259y\u0259 \u00e7a\u011f\u0131rm\u0131\u015fd\u0131r. \u018ffqan\u0131stan, Ukrayna, Pakistan, T\u00fcrkiy\u0259 v\u0259 \u015eimali Kipr T\u00fcrk Respublikas\u0131 is\u0259 Az\u0259rbaycana d\u0259st\u0259k olduqlar\u0131n\u0131 bildirmi\u015fdir. 29 sentyabr tarixind\u0259 BMT T\u0259hl\u00fck\u0259sizlik \u015euras\u0131 Da\u011fl\u0131q Qaraba\u011fdak\u0131 v\u0259ziyy\u0259tl\u0259 \u0259laq\u0259dar t\u0259cili iclas ke\u00e7irmi\u015fdir. Rusiyan\u0131n vasit\u0259\u00e7iliyi il\u0259 Beyn\u0259lxalq Q\u0131rm\u0131z\u0131 Xa\u00e7 Komit\u0259si t\u0259r\u0259find\u0259n d\u0259st\u0259kl\u0259n\u0259n v\u0259 h\u0259m Erm\u0259nistan, h\u0259m d\u0259 Az\u0259rbaycan t\u0259r\u0259find\u0259n q\u0259bul edil\u0259n humanitar at\u0259\u015fk\u0259s r\u0259smi olaraq 10 oktyabr tarixind\u0259 q\u00fcvv\u0259y\u0259 mins\u0259 d\u0259, Erm\u0259nistan Silahl\u0131 Q\u00fcvv\u0259l\u0259rinin m\u00fclki v\u0259t\u0259nda\u015flar\u0131 h\u0259d\u0259f\u0259 alan terror aktlar\u0131 n\u0259tic\u0259sind\u0259 at\u0259\u015fk\u0259s yenid\u0259n pozulmu\u015f, yaral\u0131lar\u0131n v\u0259 m\u0259hbuslar\u0131n m\u00fcbadil\u0259si dayand\u0131r\u0131lm\u0131\u015fd\u0131r.&nbsp;<\/p>\n\n\n\n<p><strong>M\u00fcharib\u0259y\u0259 z\u0259min<\/strong><\/p>\n\n\n\n<p>Birinci Qaraba\u011f m\u00fcharib\u0259si n\u0259tic\u0259sind\u0259 \u00f6z torpaqlar\u0131n\u0131n 20 faizini itir\u0259n Az\u0259rbaycan Respublikas\u0131 \u0259sas\u0259n 1994-c\u00fc ild\u0259 imzalanm\u0131\u015f Bi\u015fkek protokolundan sonra Erm\u0259nistan Respublikas\u0131 il\u0259 BMT T\u0259hl\u00fck\u0259sizlik \u015euras\u0131n\u0131n i\u015f\u011fal\u00e7\u0131 q\u00fcvv\u0259l\u0259rin qeyd-\u015f\u0259rtsiz Az\u0259rbaycan torpaqlar\u0131ndan \u00e7\u0131xar\u0131lmas\u0131n\u0131 n\u0259z\u0259rd\u0259 tutan q\u0259rarlar\u0131n\u0131n icra olunmas\u0131 \u00fc\u00e7\u00fcn m\u00fcxt\u0259lif beyn\u0259lxalq qurumlar \u00e7\u0259r\u00e7iv\u0259sind\u0259 uzunm\u00fcdd\u0259tli diplomatik dan\u0131\u015f\u0131qlar apard\u0131. S\u00fclh dan\u0131\u015f\u0131qlar\u0131 prosesi 2018-ci ild\u0259 Erm\u0259nistanda r\u0259ngli inqilab n\u0259tic\u0259sind\u0259 hakimiyy\u0259t\u0259 g\u0259lmi\u015f Nikol Pa\u015finyan\u0131n &#171;Qaraba\u011f Erm\u0259nistand\u0131r v\u0259 n\u00f6qt\u0259&#187; kimi populist b\u0259y\u0259natlar\u0131 v\u0259 Az\u0259rbaycan\u0131n i\u015f\u011fal olunmu\u015f \u0259razil\u0259rin\u0259 ard\u0131c\u0131l qanunsuz s\u0259f\u0259rl\u0259ri kimi t\u0259xribat\u00e7\u0131 xarakter da\u015f\u0131yan h\u0259r\u0259k\u0259tl\u0259ri il\u0259 ciddi \u00f6l\u00e7\u00fcd\u0259 sars\u0131ld\u0131.<\/p>\n\n\n\n<p>T\u0259xribat\u00e7\u0131 \u0259m\u0259ll\u0259rin davam\u0131 qismind\u0259, 2019-cu ilin mart ay\u0131nda Erm\u0259nistan\u0131n m\u00fcdafi\u0259 naziri David Tonoyan AB\u015e-da r\u0259smi s\u0259f\u0259rd\u0259 olark\u0259n, &#171;yeni torpaqlar\u0131 \u00fc\u00e7\u00fcn yeni m\u00fcharib\u0259&#187; \u00e7a\u011f\u0131r\u0131\u015f\u0131 etdi. Tonoyan\u0131n b\u0259y\u0259nat\u0131 t\u0259mas x\u0259ttind\u0259 bir s\u0131ra h\u0259rbi t\u0259xribatlarla m\u00fc\u015faiy\u0259t olundu. Erm\u0259nistan Silahl\u0131 Q\u00fcvv\u0259l\u0259rinin b\u00f6lm\u0259l\u0259ri 2020-ci ilin iyul ay\u0131nda Az\u0259rbaycan-Erm\u0259nistan d\u00f6vl\u0259t s\u0259rh\u0259dinin Tovuz istiqam\u0259tind\u0259 \u0259lveri\u015fli m\u00f6vqel\u0259ri \u0259l\u0259 ke\u00e7irm\u0259k m\u0259qs\u0259dil\u0259 artilleriya at\u0259\u015find\u0259n istifad\u0259 ed\u0259r\u0259k h\u00fccuma ke\u00e7m\u0259y\u0259 c\u0259hd g\u00f6st\u0259rs\u0259 d\u0259, m\u00fcv\u0259ff\u0259q ola bilm\u0259di. 23 iyulda is\u0259 Erm\u0259nistan Silahl\u0131 Q\u00fcvv\u0259l\u0259ri, Rusiya il\u0259 ortaq hava h\u00fccumundan m\u00fcdafi\u0259 sistemi t\u0259liml\u0259rin\u0259 ba\u015flad\u0131\u011f\u0131n\u0131 elan etdi. Bunun ard\u0131nca, Az\u0259rbaycan \u0259razisind\u0259, Az\u0259rbaycan Silahl\u0131 Q\u00fcvv\u0259l\u0259ri v\u0259 T\u00fcrkiy\u0259 Silahl\u0131 Q\u00fcvv\u0259l\u0259rinin birg\u0259 i\u015ftirak\u0131 il\u0259 sentyabr ay\u0131n\u0131n \u0259vv\u0259lin\u0259 q\u0259d\u0259r davam ed\u0259n bir s\u0131ra h\u0259rbi t\u0259liml\u0259r ke\u00e7irildi. Avqust ay\u0131nda, t\u0259mas x\u0259ttinin Goranboy rayonu istiqam\u0259tind\u0259 Erm\u0259nistan Silahl\u0131 Q\u00fcvv\u0259l\u0259rinin diversiya-k\u0259\u015ffiyyat qrupu t\u0259xribat t\u00f6r\u0259tm\u0259y\u0259 c\u0259hd g\u00f6st\u0259rmi\u015f lakin g\u00f6r\u00fcl\u0259n t\u0259dbirl\u0259r n\u0259tic\u0259sind\u0259 diversiya qrupu itki ver\u0259r\u0259k geri \u00e7\u0259kilmi\u015f v\u0259 qrupun komandiri ba\u015f leytenant Qurgin Alberyan \u0259sir g\u00f6t\u00fcr\u00fclm\u00fc\u015fd\u00fcr.<\/p>\n\n\n\n<p>Birba\u015fa h\u0259rbi t\u0259xribatlarla yana\u015f\u0131, Erm\u0259nistan t\u0259r\u0259find\u0259n beyn\u0259lxalq h\u00fcquqi prinsipl\u0259r\u0259 zidd olaraq Az\u0259rbaycan Respublikas\u0131n\u0131n i\u015f\u011fal alt\u0131ndak\u0131 \u0259razil\u0259rin\u0259 \u00e7ox sayda YPG, PKK terror\u00e7ular\u0131n\u0131n o c\u00fcml\u0259d\u0259n, Beyrut liman\u0131nda ba\u015f tutan partlay\u0131\u015flardan sonra minl\u0259rl\u0259 Livan erm\u0259nil\u0259rinin k\u00f6\u00e7\u00fcr\u00fclm\u0259si m\u00fcnaqi\u015f\u0259ni daha da alovland\u0131rd\u0131. Situasiyan\u0131n g\u0259rginliyi 2020-ci ilin avqust ay\u0131n\u0131n sonlar\u0131nda Erm\u0259nistan\u0131n ba\u015f nazirinin h\u0259yat yolda\u015f\u0131 Anna Hakopyan\u0131n Az\u0259rbaycan\u0131n i\u015f\u011fal alt\u0131ndak\u0131 \u0259razil\u0259rind\u0259 qeyri-leqal olaraq t\u0259\u015fkil olunmu\u015f h\u0259rbi t\u0259limd\u0259 i\u015ftirak\u0131n\u0131 ictimail\u0259\u015fdirm\u0259si il\u0259 pik h\u0259dd\u0259 \u00e7atd\u0131. Erm\u0259nistan t\u0259r\u0259finin bu q\u0259bild\u0259n olan s\u0259m\u0259r\u0259siz v\u0259 t\u0259hrikedici b\u0259yanatlar\u0131 v\u0259 h\u0259r\u0259k\u0259tl\u0259ri bir s\u0131ra t\u0259dqiqat\u00e7\u0131lar t\u0259r\u0259find\u0259n dan\u0131\u015f\u0131qlar prosesind\u0259n tamamil\u0259 imtina olaraq qiym\u0259tl\u0259ndirilmi\u015fdir.&nbsp;<\/p>\n\n\n\n<figure class=\"wp-block-image size-large\"><img loading=\"lazy\" decoding=\"async\" width=\"1024\" height=\"574\" src=\"https:\/\/fedai.az\/wp-content\/uploads\/2021\/09\/ilham_1-1024x574.jpg\" alt=\"\" class=\"wp-image-49533\" srcset=\"https:\/\/fedai.az\/wp-content\/uploads\/2021\/09\/ilham_1-1024x574.jpg 1024w, https:\/\/fedai.az\/wp-content\/uploads\/2021\/09\/ilham_1-300x168.jpg 300w, https:\/\/fedai.az\/wp-content\/uploads\/2021\/09\/ilham_1-150x84.jpg 150w, https:\/\/fedai.az\/wp-content\/uploads\/2021\/09\/ilham_1-768x430.jpg 768w, https:\/\/fedai.az\/wp-content\/uploads\/2021\/09\/ilham_1-1536x861.jpg 1536w, https:\/\/fedai.az\/wp-content\/uploads\/2021\/09\/ilham_1-715x400.jpg 715w, https:\/\/fedai.az\/wp-content\/uploads\/2021\/09\/ilham_1.jpg 1920w\" sizes=\"auto, (max-width: 1024px) 100vw, 1024px\" \/><\/figure>\n\n\n\n<p>25 sentyabr 2020-ci ild\u0259 Az\u0259rbaycan Respublikas\u0131n\u0131n Prezidenti \u0130lham \u018fliyevin BMT Ba\u015f Assambleyas\u0131n\u0131n 75-ci sessiyas\u0131n\u0131n \u00fcmumi debatlar\u0131nda videoformatda \u00e7\u0131x\u0131\u015f\u0131nda Erm\u0259nistan\u0131n t\u0259xribatlar\u0131 n\u0259tic\u0259sind\u0259 az\u0259rbaycanl\u0131 h\u0259rb\u00e7il\u0259rin v\u0259 76 ya\u015fl\u0131 m\u00fclki v\u0259t\u0259nda\u015f\u0131n h\u0259lak olmas\u0131, habel\u0259 m\u00fclki infrastruktura vurulan ciddi ziyan qeyd olunmu\u015fdur. O c\u00fcml\u0259d\u0259n, Az\u0259rbaycan Respublikas\u0131n\u0131n Prezidenti iyulun 17-d\u0259n etibar\u0259n sentyabr ay\u0131na q\u0259d\u0259r h\u0259rbi y\u00fck t\u0259yyar\u0259l\u0259ri il\u0259 Erm\u0259nistana min tondan art\u0131q h\u0259rbi avadanl\u0131\u011f\u0131n da\u015f\u0131nd\u0131\u011f\u0131n\u0131 bildirmi\u015fdir. &nbsp;Az\u0259rbaycan Respublikas\u0131n\u0131n Prezidentinin k\u00f6m\u0259k\u00e7isi &#8212; &nbsp;Prezident Administrasiyas\u0131n\u0131n xarici siyas\u0259t m\u0259s\u0259l\u0259l\u0259ri \u015f\u00f6b\u0259sinin m\u00fcdiri Hikm\u0259t Hac\u0131yev sentyabr\u0131n 27-d\u0259 saat 06:00 rad\u0259l\u0259rind\u0259 Erm\u0259nistan Silahl\u0131 Q\u00fcvv\u0259l\u0259rinin at\u0259\u015fk\u0259s rejimini kobud \u015f\u0259kild\u0259 pozmas\u0131 il\u0259 ba\u011fl\u0131 b\u0259yanat yaym\u0131\u015fd\u0131r. H\u0259min g\u00fcn Az\u0259rbaycan Silahl\u0131 Q\u00fcvv\u0259l\u0259ri erm\u0259ni t\u0259xribatlar\u0131n\u0131n qar\u015f\u0131s\u0131n\u0131 almaq \u00fc\u00e7\u00fcn \u0259ks-h\u0259ml\u0259 \u0259m\u0259liyyatlar\u0131na ba\u015flam\u0131\u015f v\u0259 respublika \u0259razisind\u0259 h\u0259rbi v\u0259ziyy\u0259t elan olunmu\u015fdur.&nbsp;<\/p>\n\n\n\n<p><strong>D\u00f6y\u00fc\u015fl\u0259rin gedi\u015fi<\/strong><\/p>\n\n\n\n<p>Bu d\u00f6y\u00fc\u015fl\u0259rd\u0259 Az\u0259rbaycan xeyli az itki il\u0259 b\u00f6y\u00fck ir\u0259lil\u0259yi\u015fl\u0259r\u0259 imza atd\u0131. Ba\u015flan\u011f\u0131cda bir s\u0131ra k\u0259ndl\u0259ri v\u0259 strateji k\u00f6rp\u00fcl\u0259ri i\u015f\u011faldan azad etdikd\u0259n sonra Az\u0259rbaycan Silahl\u0131 Q\u00fcvv\u0259l\u0259ri oktyabr\u0131n 22-d\u0259 Qaraba\u011f\u0131n \u0130ranla c\u0259nub s\u0259rh\u0259dini tamamil\u0259 azad etdi v\u0259 23 oktyabrda La\u00e7\u0131n D\u0259hlizin\u0259 do\u011fru ir\u0259lil\u0259m\u0259y\u0259 ba\u015flad\u0131. La\u00e7\u0131n D\u0259hlizi Qaraba\u011fdak\u0131 qondarma qurumla Erm\u0259nistan\u0131 birl\u0259\u015fdir\u0259n yegan\u0259 b\u00f6y\u00fck (dig\u0259rl\u0259ri il\u0259 m\u00fcqayis\u0259d\u0259) magistral yol idi. . Magistral yola n\u0259zar\u0259t Erm\u0259nistandan yanacaq, d\u00f6y\u00fc\u015f sursat\u0131 v\u0259 h\u0259rbi m\u00f6hk\u0259ml\u0259tm\u0259 ehtiyatlar\u0131n\u0131n qar\u015f\u0131s\u0131n\u0131 alacaqd\u0131. Az\u0259rbaycan \u0259n\u0259n\u0259vi olaraq g\u00fcn \u0259rzind\u0259 h\u0259rbi karvanlar\u0131n qar\u015f\u0131s\u0131n\u0131 almaq \u00fc\u00e7\u00fcn artilleriya, minaatan v\u0259 h\u0259tta birba\u015fa at\u0259\u015f v\u0259 ya idar\u0259 olunan raketl\u0259rl\u0259 Erm\u0259nistan ordusuna z\u0259rb\u0259l\u0259r endirirdi. Davam ed\u0259n m\u00fcharib\u0259 \u0259rzind\u0259 4 oktyabrda C\u0259bray\u0131l, 17 oktyabrda F\u00fczuli, 20 oktyabrda Z\u0259ngilan, 25 oktyabrda Qubadl\u0131 v\u0259 8 noyabrda \u015eu\u015fa \u015f\u0259h\u0259ri i\u015f\u011faldan azad edilmi\u015fdir.&nbsp;<\/p>\n\n\n\n<p><strong>M\u00fcasir h\u0259rb tarixind\u0259 misli g\u00f6r\u00fcnm\u0259mi\u015f \u015eu\u015fa \u0259m\u0259liyyat\u0131&nbsp;<\/strong><\/p>\n\n\n\n<p>V\u0259t\u0259n m\u00fcharib\u0259sinin t\u0259f\u0259rr\u00fcatlar\u0131na h\u0259l\u0259 tam ayd\u0131nl\u0131q g\u0259lm\u0259yib. Amma indid\u0259n \u0259minlikl\u0259 dem\u0259k olar ki, \u015eu\u015fan\u0131n i\u015f\u011faldan azad edilm\u0259si \u0259m\u0259liyyat\u0131 tarixd\u0259 \u0259b\u0259di qalacaq. Qaraba\u011f\u0131n tac\u0131, d\u00f6y\u00fcn\u0259n \u00fcr\u0259yi \u015eu\u015fa t\u0259bii istehkam oldu\u011fundan \u015f\u0259h\u0259r\u0259 tanklarla, yaxud dig\u0259r a\u011f\u0131r silahlarla girm\u0259k m\u00fcmk\u00fcn deyildi. Onu alma\u011f\u0131n iki variant\u0131 vard\u0131. Birinci halda \u015f\u0259h\u0259rd\u0259ki d\u00fc\u015fm\u0259n q\u00fcvv\u0259l\u0259rini hava z\u0259rb\u0259l\u0259ri, top at\u0259\u015fl\u0259ri il\u0259 m\u0259hv etm\u0259k olard\u0131. Komandanl\u0131q buna getm\u0259di. \u00c7\u00fcnki \u015f\u0259h\u0259rin bombardman edilm\u0259si b\u00f6y\u00fck da\u011f\u0131nt\u0131lara s\u0259b\u0259b olacaqd\u0131. Buna g\u00f6r\u0259 d\u0259 alternativ variant kimi \u0259lb\u0259yaxa d\u00f6y\u00fc\u015f taktikas\u0131 se\u00e7ildi. Q\u0259hr\u0259man \u0259sg\u0259r v\u0259 zabitl\u0259rimiz y\u00fcng\u00fcl silahlarla qal\u0131n me\u015f\u0259l\u0259rd\u0259n, d\u0259rin d\u0259r\u0259l\u0259rd\u0259n ke\u00e7\u0259r\u0259k, qayalar, da\u011flar a\u015faraq d\u00fc\u015fm\u0259ni \u00fczb\u0259\u00fcz d\u00f6y\u00fc\u015fd\u0259 m\u0259hv etdi. \u015eu\u015fa d\u00f6y\u00fc\u015fl\u0259rinin getdiyi vaxt Xank\u0259ndid\u0259 olan xarici jurnalistl\u0259rd\u0259n biri erm\u0259nil\u0259rin d\u00fc\u015fd\u00fcy\u00fc ac\u0131nacaql\u0131 v\u0259ziyy\u0259ti bel\u0259 t\u0259svir edirdi: \u015eu\u015fan\u0131 m\u00fcdafi\u0259 ed\u0259nl\u0259r p\u0259r\u0259n-p\u0259r\u0259n d\u00fc\u015f\u00fcbl\u0259r. H\u0259rbi t\u0259cili yard\u0131m ma\u015f\u0131nlar\u0131nda onlarla yaral\u0131 qan i\u00e7ind\u0259 Xank\u0259ndi x\u0259st\u0259xanas\u0131na da\u015f\u0131n\u0131r. Qalan d\u00f6y\u00fc\u015f\u00e7\u00fcl\u0259r yor\u011fun halda yolboyu h\u0259rbi geyiml\u0259rini \u00e7\u0131xar\u0131b ataraq da\u011fdan enirl\u0259r. T\u0259cili yard\u0131m ma\u015f\u0131nlar\u0131 arams\u0131z olaraq gedib-g\u0259lir. Avtomobild\u0259 yaral\u0131 \u0259sg\u0259rl\u0259r bir-birinin \u00fcst\u00fcn\u0259 qalaqlan\u0131b. Onlar\u0131n ald\u0131\u011f\u0131 x\u0259sar\u0259tl\u0259r \u0259lb\u0259yaxa d\u00f6y\u00fc\u015fl\u0259r getdiyinin s\u00fcbutudur. \u201cLe Monde\u201d n\u0259\u015frinin h\u0259min g\u00fcnl\u0259rd\u0259 yayd\u0131\u011f\u0131 ba\u015fqa bir reportajda deyilirdi ki, Erm\u0259nistan ordusunun m\u0259\u011flubiyy\u0259t\u0259 u\u011frad\u0131lm\u0131\u015f h\u0259rb\u00e7il\u0259ri yaral\u0131 halda \u015eu\u015fan\u0131 t\u0259rk ed\u0259r\u0259k Xank\u0259ndiy\u0259 qa\u00e7\u0131rlar. M\u00fcz\u0259ff\u0259r Ali Ba\u015f Komandan \u0130lham \u018fliyev noyabr\u0131n 8-d\u0259 xalq\u0131m\u0131za \u015eu\u015fan\u0131n azad edilm\u0259si m\u00fcjd\u0259sini verdi. \u015eu\u015fa z\u0259f\u0259ri, \u0259slind\u0259, m\u00fcharib\u0259nin taleyini h\u0259ll etdi. Ert\u0259si g\u00fcn daha 70-d\u0259n \u00e7ox k\u0259ndin azad olunmas\u0131 x\u0259b\u0259ri g\u0259ldi v\u0259 bundan bir g\u00fcn sonra Pa\u015finyan Az\u0259rbaycan Prezidentinin \u015f\u0259rtl\u0259rini q\u0259bul ed\u0259r\u0259k kapitulyasiya akt\u0131na imza atma\u011fa m\u0259cbur oldu.<\/p>\n\n\n\n<p>Noyabr\u0131n 10-da Az\u0259rbaycan Prezidenti, Erm\u0259nistan\u0131n ba\u015f naziri v\u0259 Rusiya Prezidenti m\u00fcnaqi\u015f\u0259 zonas\u0131nda at\u0259\u015fin v\u0259 b\u00fct\u00fcn h\u0259rbi \u0259m\u0259liyyatlar\u0131n tam dayand\u0131r\u0131lmas\u0131 bar\u0259d\u0259 b\u0259yanat imzalad\u0131lar. B\u0259yanata \u0259sas\u0259n noyabr\u0131n 20-d\u0259 A\u011fdam, 25-d\u0259 K\u0259lb\u0259c\u0259r, dekabr\u0131n 1-d\u0259 is\u0259 La\u00e7\u0131n rayonlar\u0131 bir g\u00fcll\u0259 at\u0131lmadan, he\u00e7 bir \u015f\u0259hid verilm\u0259d\u0259n azad edildi. B\u0259yanatda h\u0259m\u00e7inin Nax\u00e7\u0131van Muxtar Respublikas\u0131 il\u0259 Az\u0259rbaycan\u0131n q\u0259rb rayonlar\u0131n\u0131 birl\u0259\u015fdir\u0259n yeni n\u0259qliyyat kommunikasiyalar\u0131n\u0131n in\u015fas\u0131n\u0131n t\u0259min edilm\u0259si elan edilmi\u015fdir. Bel\u0259likl\u0259 Az\u0259rbaycan\u0131n h\u0259rbi q\u0259l\u0259b\u0259si Erm\u0259nistan\u0131 kapitulasiyaya m\u0259cbur etdi. 11 dekabrda Da\u011fl\u0131q Qaraba\u011fda h\u0259rbi \u0259m\u0259liyyatlar\u0131n ba\u015fa \u00e7atmas\u0131 v\u0259 Rusiya Federasiyas\u0131n\u0131n s\u00fclhm\u0259raml\u0131 \u0259m\u0259liyyatlar\u0131n\u0131n ba\u015flad\u0131\u011f\u0131 andan etibar\u0259n ilk d\u0259f\u0259 at\u0259\u015fk\u0259s pozulub. Hadrutda at\u0259\u015fk\u0259s rejiminin pozulmas\u0131 il\u0259 ba\u011fl\u0131 bir hal qeyd\u0259 al\u0131n\u0131b. N\u0259tic\u0259d\u0259 Az\u0259rbaycan ordusunun bir h\u0259rb\u00e7isi yaralan\u0131b.&nbsp;<\/p>\n\n\n\n<p><strong>Az\u0259rbaycan\u0131n h\u0259rbi \u00fcst\u00fcnl\u00fcy\u00fc<\/strong><\/p>\n\n\n\n<p>Az\u0259rbaycan ordusu 44 g\u00fcnl\u00fck m\u00fcharib\u0259 \u0259rzind\u0259 \u201cHarop\u201d z\u0259rb\u0259 pilotsuz aparatlar\u0131ndan, o c\u00fcml\u0259d\u0259n \u0130sraill\u0259 birg\u0259 Az\u0259rbaycanda istehsal olunan \u201cZ\u0259rb\u0259\u201d dronlar\u0131ndan v\u0259 dig\u0259r PUA-lardan, o c\u00fcml\u0259d\u0259n \u201cBayraktar TB2\u201d z\u0259rb\u0259 pilotsuz t\u0259yyar\u0259l\u0259rind\u0259n geni\u015f istifad\u0259 edib. T\u0259kc\u0259 Bayraktar TB2 dronlar\u0131 vasit\u0259sil\u0259 Az\u0259rbaycan Erm\u0259nistan\u0131n bir milyard dollar d\u0259y\u0259rind\u0259 h\u0259rbi texnikas\u0131n\u0131 m\u0259hv edib. Dronlar h\u0259m d\u00fc\u015fm\u0259nin texnikas\u0131na v\u0259 canl\u0131 q\u00fcvv\u0259sin\u0259 d\u0259qiq z\u0259rb\u0259l\u0259rin endirilm\u0259si, h\u0259m artilleriya at\u0259\u015fini korreksiya etm\u0259k v\u0259 k\u0259\u015ffiyyat aparmaq m\u0259qs\u0259dl\u0259ri il\u0259 t\u0259tbiq olunub. Rus h\u0259rbi ekspert Pavel Felqenhauer qeyd edir ki, t\u0259xmin\u0259n b\u0259rab\u0259r h\u0259rbi v\u0259ziyy\u0259tl\u0259r\u0259 baxmayaraq, Az\u0259rbaycan ordusu texnoloji \u00fcst\u00fcnl\u00fcy\u0259 sahib idi.&nbsp;<\/p>\n\n\n\n<figure class=\"wp-block-image size-large is-resized\"><img loading=\"lazy\" decoding=\"async\" src=\"https:\/\/fedai.az\/wp-content\/uploads\/2021\/09\/763688_s99dcwwn3q-1.jpg\" alt=\"\" class=\"wp-image-49534\" width=\"919\" height=\"549\" srcset=\"https:\/\/fedai.az\/wp-content\/uploads\/2021\/09\/763688_s99dcwwn3q-1.jpg 650w, https:\/\/fedai.az\/wp-content\/uploads\/2021\/09\/763688_s99dcwwn3q-1-300x179.jpg 300w, https:\/\/fedai.az\/wp-content\/uploads\/2021\/09\/763688_s99dcwwn3q-1-150x90.jpg 150w, https:\/\/fedai.az\/wp-content\/uploads\/2021\/09\/763688_s99dcwwn3q-1-184x109.jpg 184w\" sizes=\"auto, (max-width: 919px) 100vw, 919px\" \/><\/figure>\n\n\n\n<p><strong>\u0130kinci Qaraba\u011f m\u00fcharib\u0259sind\u0259 itkil\u0259r&nbsp;<\/strong><\/p>\n\n\n\n<p>Az\u0259rbaycan Respublikas\u0131 M\u00fcdafi\u0259 Nazirliyinin yayd\u0131\u011f\u0131 m\u0259lumata \u0259sas\u0259n V\u0259t\u0259n m\u00fcharib\u0259sind\u0259 Silahl\u0131 Q\u00fcvv\u0259l\u0259rimizin 2783 n\u0259f\u0259r h\u0259rbi qulluq\u00e7usu h\u0259lak olmu\u015fdur. Bir s\u0131ra h\u0259rbi qulluq\u00e7ular\u0131n DNT analiz metodu il\u0259 \u015f\u0259xsiyy\u0259tinin m\u00fc\u0259yy\u0259n edilm\u0259si v\u0259 itkin d\u00fc\u015fm\u00fc\u015f 100 n\u0259f\u0259rd\u0259n art\u0131q h\u0259rbi qulluq\u00e7unun tap\u0131lmas\u0131 il\u0259 \u015f\u0259hidl\u0259rin say\u0131 arta bil\u0259r. H\u0259rbi qulluq\u00e7ular\u0131n tibb m\u00fc\u0259ssis\u0259l\u0259rind\u0259 m\u00fcalic\u0259si davam etdirilir. Az\u0259rbaycan\u0131n h\u0259rbi texnika bax\u0131m\u0131ndan itkil\u0259ri az olmu\u015fdur.<\/p>\n\n\n\n<p>Erm\u0259nistan t\u0259r\u0259fi m\u00fcharib\u0259 zaman\u0131 3363&nbsp;h\u0259rbi\u00e7isinin \u00f6ld\u00fcy\u00fcn\u00fc t\u0259sdiq ets\u0259 d\u0259, reall\u0131qda bu r\u0259q\u0259min daha \u00e7ox oldu\u011fu bilin\u0259n h\u0259qiq\u0259tdir.&nbsp;<\/p>\n\n\n\n<p>44 g\u00fcn davam ed\u0259n m\u00fcharib\u0259 n\u0259tic\u0259sind\u0259 Erm\u0259nistan 10 \u0259d\u0259d S-300 v\u0259 onun taktiki-d\u00f6y\u00fc\u015f vasit\u0259l\u0259ri, 366 tank, 352 m\u00fcxt\u0259lif \u00e7apl\u0131 top, 22 \u0259d\u0259d pilotsuz u\u00e7u\u015f aparat\u0131, 5 Su-25 t\u0259yyar\u0259si, 50 Tor, Osa, Kub, Kruq modelli zenit-raket kompleksind\u0259n m\u0259hrum olub. Eyni zamanda d\u00f6y\u00fc\u015f \u0259m\u0259liyyatlar\u0131 \u00e7\u0259r\u00e7iv\u0259sind\u0259 x\u00fcsusi \u0259h\u0259miyy\u0259t\u0259 malik 97 \u0259d\u0259d Qrad, 4 \u0259d\u0259d Smer\u00e7, 1 Tos odsa\u00e7an, 2 Uraqan, 1 \u0259d\u0259d Yars, To\u00e7ka-U, ballistik raketl\u0259r, Elbrus raket kompleksl\u0259ri d\u0259 m\u0259hv edilib. Az\u0259rbaycan ordusunun m\u0259hv etdiyi v\u0259 ya q\u0259nim\u0259t kimi g\u00f6t\u00fcrd\u00fcy\u00fc h\u0259rbi texnikas\u0131n\u0131n d\u0259y\u0259ri minimum qiym\u0259tl\u0259ndirm\u0259 \u0259sas\u0131nda \u0259n az\u0131 3,8 milyard AB\u015e dollar\u0131 d\u0259y\u0259rind\u0259dir.<\/p>\n\n\n\n<p><strong>\u018fcn\u0259bil\u0259rin, muzdlular\u0131n v\u0259 terror qrupla\u015fmalar\u0131n\u0131n m\u00fcharib\u0259d\u0259 i\u015ftirak\u0131<\/strong><\/p>\n\n\n\n<p>M\u00fcnaqi\u015f\u0259d\u0259n \u0259vv\u0259l t\u00fcrk m\u0259nb\u0259l\u0259ri \u0130raq v\u0259 Suriyadan bir \u00e7ox YPG v\u0259 PKK \u00fczv\u00fcn\u00fcn Az\u0259rbaycana qar\u015f\u0131 erm\u0259ni yaraql\u0131lar\u0131 yeti\u015fdirm\u0259k \u00fc\u00e7\u00fcn Da\u011fl\u0131q Qaraba\u011fa k\u00f6\u00e7\u00fcr\u00fcld\u00fcy\u00fcn\u00fc x\u0259b\u0259r vermi\u015fdir. 30 sentyabrda T\u00fcrkiy\u0259 m\u0259nb\u0259l\u0259ri 300-\u0259 yax\u0131n PKK d\u00f6y\u00fc\u015f\u00e7\u00fcs\u00fcn\u00fcn \u0130ran vasit\u0259sil\u0259 Da\u011fl\u0131q Qaraba\u011fa k\u00f6\u00e7\u00fcr\u00fcld\u00fcy\u00fcn\u00fc bildirdi. 28 sentyabrda Az\u0259rbaycan Silahl\u0131 Q\u00fcvv\u0259l\u0259rind\u0259n veril\u0259n m\u0259lumata g\u00f6r\u0259, erm\u0259ni itkil\u0259ri aras\u0131nda Suriyadan v\u0259 Yax\u0131n \u015e\u0259rqin m\u00fcxt\u0259lif \u00f6lk\u0259l\u0259rind\u0259n olan erm\u0259ni m\u0259n\u015f\u0259li muzdlular var. 30 sentyabr tarixind\u0259 Hikm\u0259t Hac\u0131yev &#171;beyn\u0259lxalq ictimaiyy\u0259tin Erm\u0259nistan\u0131n terror\u00e7u q\u00fcvv\u0259l\u0259rini Az\u0259rbaycana qar\u015f\u0131 istifad\u0259 etm\u0259sin\u0259 adekvat reaksiya verm\u0259li&#187; oldu\u011funu bildirdi. Bir s\u0131ra PKK, YRG m\u0259nsublar\u0131 da sonlaralar m\u00fcxt\u0259lif m\u0259tbuat orqanlar\u0131na verdikl\u0259ri m\u00fcsahib\u0259l\u0259rd\u0259 terror t\u0259\u015fkilat\u0131 m\u0259nsublar\u0131n\u0131n Qaraba\u011fda erm\u0259nil\u0259r t\u0259r\u0259fd\u0259 d\u00f6y\u00fc\u015fd\u00fcy\u00fcn\u00fc etiraf etmi\u015fdil\u0259r. &nbsp;&nbsp;<\/p>\n\n\n\n<p>Bundan \u0259lav\u0259, Livan,Suriya, Fransa v\u0259 b\u0259zi Lat\u0131n Amerikas\u0131 \u00f6lk\u0259l\u0259rind\u0259 ya\u015fayan erm\u0259ni \u0259silli v\u0259t\u0259nda\u015flar\u0131n erm\u0259ni diasporunun \u00e7a\u011f\u0131r\u0131\u015flar\u0131 il\u0259 beyn\u0259lxalq h\u00fcquq prinsipl\u0259rin\u0259 zidd olaraq, d\u00f6y\u00fc\u015fl\u0259rd\u0259 i\u015ftirak\u0131 m\u0259lum olmu\u015fdur. 1 oktyabr tarixind\u0259 Suriya \u0130nsan Haqlar\u0131 Monitorinq m\u0259rk\u0259zi erm\u0259ni \u0259silli suriyal\u0131 d\u00f6y\u00fc\u015f\u00e7\u00fcl\u0259rin Suriyadan Erm\u0259nistana apar\u0131ld\u0131\u011f\u0131n\u0131 t\u0259sdiql\u0259yib.&nbsp;<\/p>\n\n\n\n<p><strong>\u0130kinci Qaraba\u011f m\u00fcharib\u0259si zaman\u0131 Az\u0259rbaycanda daxili v\u0259ziyy\u0259t, xalq-hakimiyy\u0259t&nbsp;birliyi<\/strong><\/p>\n\n\n\n<p>\u0130kinci Qaraba\u011f m\u00fcharib\u0259si zaman\u0131 Az\u0259rbaycanda siyasi-iqtisadi sabitlik h\u00f6km s\u00fcrm\u00fc\u015fd\u00fcr. Xalq-hakimiyy\u0259t&nbsp;birliyi \u0259n y\u00fcks\u0259k s\u0259viyy\u0259d\u0259 n\u00fcmayi\u015f olunmu\u015fdur.&nbsp; 27 sentyabr s\u0259h\u0259r saatlar\u0131nda N\u0259qliyyat, Rabit\u0259 v\u0259 Y\u00fcks\u0259k Texnologiyalar Nazirliyi t\u0259r\u0259find\u0259n veril\u0259n m\u0259lumatlara g\u00f6r\u0259 Erm\u0259nistan\u0131n t\u00f6r\u0259d\u0259 bil\u0259c\u0259yi t\u0259xribatlar\u0131n qar\u015f\u0131s\u0131n\u0131 almaq \u00fc\u00e7\u00fcn \u00f6lk\u0259 \u00fczr\u0259 internetin verili\u015find\u0259 bir s\u0131ra m\u0259hdudiyy\u0259tl\u0259r t\u0259tbiq olunmu\u015fdur. H\u0259m\u00e7inin Diasporla \u0130\u015f \u00fczr\u0259 D\u00f6vl\u0259t Komit\u0259si xaricd\u0259 ya\u015fayan az\u0259rbaycanl\u0131lara m\u00fcraci\u0259t ed\u0259r\u0259k, sosial \u015f\u0259b\u0259k\u0259d\u0259, elektron media v\u0259 dig\u0259r k\u00fctl\u0259vi informasiya vasit\u0259l\u0259rind\u0259 r\u0259smi olmayan, d\u0259qiql\u0259\u015fdirilm\u0259mi\u015f v\u0259 qeyri-obyektiv m\u0259lumatlardan istifad\u0259 etm\u0259m\u0259y\u0259 \u00e7a\u011f\u0131rm\u0131\u015fd\u0131r. H\u0259rbi v\u0259ziyy\u0259tl\u0259 \u0259laq\u0259dar Milli M\u0259clisd\u0259 ke\u00e7iril\u0259n iclasda 27 sentyabr 00:00-dan etibar\u0259n Bak\u0131, G\u0259nc\u0259, G\u00f6yg\u00f6l, Yevlax v\u0259 bir s\u0131ra rayonlarda komendant saat\u0131 elan olunmas\u0131 q\u0259rar\u0131 q\u0259bul olunmu\u015fdur. Verilmi\u015f s\u0259r\u0259ncama \u0259sas\u0259n, Az\u0259rbaycan Respublikas\u0131n\u0131n Daxili \u0130\u015fl\u0259r naziri Vilay\u0259t Eyvazov h\u0259rbi v\u0259ziyy\u0259t d\u00f6vr\u00fcnd\u0259 komendant saat\u0131n\u0131n t\u0259tbiq edildiyi \u0259razil\u0259rin komendant\u0131 t\u0259yin edilmi\u015fdir. H\u0259m\u00e7inin, Az\u0259rbaycan Hava Yollar\u0131n\u0131n m\u0259tbuat xidm\u0259ti 30 sentyabr tarixin\u0259d\u0259k Az\u0259rbaycan Respublikas\u0131n\u0131n b\u00fct\u00fcn hava limanlar\u0131n\u0131n m\u00fcnt\u0259z\u0259m s\u0259rni\u015fin reysl\u0259ri \u00fc\u00e7\u00fcn ba\u011flanaca\u011f\u0131n\u0131 a\u00e7\u0131qlad\u0131. Az\u0259rbaycan Respublikas\u0131n\u0131n Prezidenti \u0130lham \u018fliyev Az\u0259rbaycan Respublikas\u0131nda qism\u0259n s\u0259f\u0259rb\u0259rlik elan edilm\u0259si haqq\u0131nda s\u0259r\u0259ncam imzalay\u0131b v\u0259 Az\u0259rbaycan Respublikas\u0131n\u0131n S\u0259f\u0259rb\u0259rlik v\u0259 H\u0259rbi Xidm\u0259t\u0259 \u00c7a\u011f\u0131r\u0131\u015f \u00fczr\u0259 D\u00f6vl\u0259t Xidm\u0259tin\u0259 t\u0259sdiq edilmi\u015f planlara uy\u011fun olaraq h\u0259rbi v\u0259zif\u0259lil\u0259rin s\u0259f\u0259rb\u0259rlik \u00fczr\u0259 h\u0259rbi xidm\u0259t\u0259 \u00e7a\u011f\u0131r\u0131lmas\u0131n\u0131 v\u0259 h\u0259rbi-n\u0259qliyyat v\u0259zif\u0259sind\u0259n ir\u0259li g\u0259l\u0259n t\u0259dbirl\u0259rin h\u0259yata ke\u00e7irilm\u0259sini t\u0259min etm\u0259k tap\u015f\u0131r\u0131l\u0131b. S\u0259r\u0259ncam 28 sentyabr q\u00fcvv\u0259y\u0259 minib. Az\u0259rbaycan Ordusunun Erm\u0259nistan silahl\u0131 q\u00fcvv\u0259l\u0259rinin h\u0259rbi t\u0259xribatlar\u0131n\u0131n qar\u015f\u0131s\u0131n\u0131 u\u011furla almas\u0131, d\u00fc\u015fm\u0259n\u0259 sars\u0131d\u0131c\u0131 z\u0259rb\u0259l\u0259r endirm\u0259kl\u0259 c\u0259bh\u0259d\u0259 \u0259ld\u0259 etdiyi q\u0259l\u0259b\u0259l\u0259r Az\u0259rbaycan xalq\u0131 t\u0259r\u0259find\u0259n b\u00f6y\u00fck sevincl\u0259 v\u0259 ruhy\u00fcks\u0259kliyi il\u0259 qar\u015f\u0131lan\u0131r. Az\u0259rbaycan v\u0259t\u0259nda\u015flar\u0131, xaricd\u0259 ya\u015fayan az\u0259rbaycanl\u0131lar, el\u0259c\u0259 d\u0259 T\u00fcrkiy\u0259 v\u0259t\u0259nda\u015flar\u0131 bu nailiyy\u0259tl\u0259r\u0259 g\u00f6r\u0259 Prezident, Ali Ba\u015f Komandan \u0130lham \u018fliyev\u0259 \u00e7oxsayl\u0131 t\u0259brik v\u0259 minn\u0259tdarl\u0131q m\u0259ktublar\u0131 g\u00f6nd\u0259rib. Az\u0259rbaycan Prezidenti, Ali Ba\u015f Komandan \u0130lham \u018fliyevin \u00fcnvan\u0131na &#171;erm\u0259nil\u0259r\u0259 qar\u015f\u0131 d\u00f6y\u00fc\u015f \u0259mri&#187; g\u00f6zl\u0259y\u0259n minl\u0259rl\u0259 T\u00fcrkiy\u0259 v\u0259t\u0259nda\u015f\u0131 m\u0259ktub g\u00f6nd\u0259rib, qarda\u015f \u00f6lk\u0259nin i\u015f\u011fal\u00e7\u0131lardan azad olunmas\u0131 \u00fc\u00e7\u00fcn daim haz\u0131r olduqlar\u0131n\u0131 bildirib. H\u0259m\u00e7inin, 27 sentyabrdan etibar\u0259n, Bak\u0131 \u015f\u0259h\u0259rinin k\u00fc\u00e7\u0259l\u0259rind\u0259, ya\u015fay\u0131\u015f binalar\u0131n\u0131n eyvanlar\u0131nda, ma\u011faza v\u0259 dig\u0259r obyektl\u0259rin fasadlar\u0131nda \u00fc\u00e7 r\u0259ngli Az\u0259rbaycan bayra\u011f\u0131 dal\u011falan\u0131r. \u018fhali, c\u0259bh\u0259d\u0259 qazan\u0131lan u\u011furlar v\u0259 b\u0259zi \u0259razil\u0259rin i\u015f\u011faldan azad edilm\u0259sinin \u015f\u0259r\u0259fin\u0259 evl\u0259rini bayraqlarla b\u0259z\u0259yir. Eyni zamanda avtomobill\u0259rd\u0259n d\u0259 ki\u00e7ik bayraqlar as\u0131l\u0131r.&nbsp;<\/p>\n\n\n\n<figure class=\"wp-block-image size-large is-resized\"><img loading=\"lazy\" decoding=\"async\" src=\"https:\/\/fedai.az\/wp-content\/uploads\/2021\/09\/nj8.jpg\" alt=\"\" class=\"wp-image-49535\" width=\"924\" height=\"483\" srcset=\"https:\/\/fedai.az\/wp-content\/uploads\/2021\/09\/nj8.jpg 760w, https:\/\/fedai.az\/wp-content\/uploads\/2021\/09\/nj8-300x157.jpg 300w, https:\/\/fedai.az\/wp-content\/uploads\/2021\/09\/nj8-150x78.jpg 150w\" sizes=\"auto, (max-width: 924px) 100vw, 924px\" \/><\/figure>\n\n\n\n<p>30 sentyabr tarixind\u0259 G\u0259ncl\u0259r v\u0259 \u0130dman Nazirliyi, AFFA il\u0259 birlikd\u0259 &#171;Biz birlikd\u0259 g\u00fccl\u00fcy\u00fck&#187; adl\u0131 bayraq aksiyas\u0131 t\u0259\u015fkil edib. Aksiya k\u00f6n\u00fcll\u00fcl\u0259ri paytaxt Bak\u0131 \u015f\u0259h\u0259rinin 3 f\u0259rqli hiss\u0259sind\u0259 y\u00fczl\u0259rl\u0259 bayraq paylay\u0131b. &nbsp;<\/p>\n\n\n\n<p><strong>Erm\u0259nistanda daxili v\u0259ziyy\u0259t<\/strong><\/p>\n\n\n\n<p>Erm\u0259nistan h\u00f6kum\u0259tinin q\u0259rar\u0131na \u0259sas\u0259n 27 sentyabr 2020-ci il tarixd\u0259 q\u0259bul edilmi\u015f 1585N q\u0259rara uy\u011fun olaraq 55 ya\u015fdan a\u015fa\u011f\u0131 \u015f\u0259xsl\u0259r \u00fc\u00e7\u00fcn s\u0259f\u0259rb\u0259rlik elan edib. Bu elana \u0259sas\u0259n, Erm\u0259nistanda 18 ya\u015fdan 55 ya\u015f\u0131nad\u0259k ki\u015fil\u0259r \u00f6lk\u0259ni yaln\u0131z \u0259razi h\u0259rbi komissarl\u0131qlar\u0131n\u0131n yaz\u0131l\u0131 icaz\u0259si il\u0259 t\u0259rk ed\u0259 bil\u0259rl\u0259r. 29 sentyabr tarixind\u0259, Erm\u0259nistan\u0131n ke\u00e7mi\u015f m\u00fcdafi\u0259 naziri Seyran Ohanyan\u0131n c\u0259bh\u0259 x\u0259ttin\u0259 getm\u0259si il\u0259 \u0259laq\u0259d\u0259r olaraq, Erm\u0259nistan\u0131n ke\u00e7mi\u015f prezidenti Robert K\u00f6\u00e7\u0259ryan v\u0259 2008-ci il se\u00e7ki sonras\u0131 i\u011fti\u015fa\u015f iddias\u0131nda ittiham olunan dig\u0259r ke\u00e7mi\u015f m\u0259murlar\u0131n m\u0259hk\u0259m\u0259si&nbsp;t\u0259xir\u0259 sal\u0131nd\u0131. 1 oktyabr tarixind\u0259 Erm\u0259nistanda TikTok proqram\u0131na giri\u015f qada\u011fan edilib. El\u0259 h\u0259min g\u00fcn, Erm\u0259nistan Milli T\u0259hl\u00fck\u0259sizlik Xidm\u0259ti ke\u00e7mi\u015f y\u00fcks\u0259k r\u00fctb\u0259li Erm\u0259nistan h\u0259rbi m\u0259murunu Az\u0259rbaycan k\u0259\u015ffiyyat orqanlar\u0131na casusluq etm\u0259kd\u0259 \u015f\u00fcbh\u0259li bilin\u0259r\u0259k h\u0259bs olundu\u011funu v\u0259 x\u0259yan\u0259td\u0259 ittiham olundu\u011funu bildirdi. 2 oktyabr tarixind\u0259 Erm\u0259nistan Da\u011fl\u0131q Qaraba\u011fa ged\u0259n b\u00fct\u00fcn avtomobil yollar\u0131n\u0131 ba\u011flam\u0131\u015fd\u0131r. Yollar sad\u0259c\u0259 h\u0259rbi yerd\u0259yi\u015fm\u0259 m\u0259qs\u0259dil\u0259 istifad\u0259 edilirdi. Erm\u0259nistan silahl\u0131 q\u00fcvv\u0259l\u0259rinin bir s\u0131ra \u00f6n x\u0259tt b\u00f6lm\u0259l\u0259rinin \u015f\u0259xsi hey\u0259tinin demoraliz\u0259 olunmas\u0131, bir \u00e7ox h\u0259rbi qulluq\u00e7unun is\u0259 \u00fcmumiyy\u0259tl\u0259 d\u00f6y\u00fc\u015fd\u0259n imtina etm\u0259si s\u0259b\u0259bil\u0259 Erm\u0259nistan M\u00fcdafi\u0259 Nazirliyi \u00f6lk\u0259 qad\u0131nlar\u0131na m\u00fcraci\u0259t etm\u0259y\u0259 ba\u015flay\u0131b. 2 oktyabr tarixind\u0259 Erm\u0259nistan M\u00fcdafi\u0259 Nazirliyi t\u0259r\u0259find\u0259n qad\u0131n batalyonu yarad\u0131l\u0131b v\u0259 komplektl\u0259\u015fdirilm\u0259y\u0259 ba\u015flan\u0131l\u0131b. Erm\u0259nistan qad\u0131nlar\u0131n \u00fcmidin\u0259 qalm\u0131\u015fd\u0131r.<\/p>\n\n\n\n<p><strong>\u0130nformasiya m\u00fcharib\u0259si, kiber h\u00fccumlar&nbsp;<\/strong><\/p>\n\n\n\n<p>\u0130kinci Qaraba\u011f m\u00fcharib\u0259si zaman\u0131 Erm\u0259nistan t\u0259r\u0259find\u0259n Az\u0259rbaycana qar\u015f\u0131 apar\u0131lan informasiya m\u00fcharib\u0259sinin d\u0259 qar\u015f\u0131s\u0131 layiqinc\u0259 al\u0131nd\u0131. Az\u0259rbaycan informasiya m\u00fcharib\u0259si sah\u0259sind\u0259 d\u0259 Erm\u0259nistan\u0131 \u00fcst\u0259l\u0259di. Erm\u0259nistan\u0131n yayd\u0131\u011f\u0131 yalan x\u0259b\u0259rl\u0259r vaxt\u0131nda t\u0259kzib olunur, d\u00fcnya ictimaiyy\u0259tin\u0259 obyektiv m\u0259lumatlar \u00e7atd\u0131r\u0131ld\u0131. Erm\u0259ni kiber h\u00fcc\u00fcmlar\u0131n\u0131n da qar\u015f\u0131s\u0131 layiqinc\u0259 al\u0131n\u0131rd\u0131.<\/p>\n\n\n\n<figure class=\"wp-block-image size-large is-resized\"><img loading=\"lazy\" decoding=\"async\" src=\"https:\/\/fedai.az\/wp-content\/uploads\/2021\/09\/1616220272_a87dac4d-6c6f-33eb-8b57-a2402ce6fd4e_850-1-2.jpg\" alt=\"\" class=\"wp-image-49536\" width=\"928\" height=\"579\" srcset=\"https:\/\/fedai.az\/wp-content\/uploads\/2021\/09\/1616220272_a87dac4d-6c6f-33eb-8b57-a2402ce6fd4e_850-1-2.jpg 850w, https:\/\/fedai.az\/wp-content\/uploads\/2021\/09\/1616220272_a87dac4d-6c6f-33eb-8b57-a2402ce6fd4e_850-1-2-300x187.jpg 300w, https:\/\/fedai.az\/wp-content\/uploads\/2021\/09\/1616220272_a87dac4d-6c6f-33eb-8b57-a2402ce6fd4e_850-1-2-150x94.jpg 150w, https:\/\/fedai.az\/wp-content\/uploads\/2021\/09\/1616220272_a87dac4d-6c6f-33eb-8b57-a2402ce6fd4e_850-1-2-768x479.jpg 768w, https:\/\/fedai.az\/wp-content\/uploads\/2021\/09\/1616220272_a87dac4d-6c6f-33eb-8b57-a2402ce6fd4e_850-1-2-115x73.jpg 115w\" sizes=\"auto, (max-width: 928px) 100vw, 928px\" \/><\/figure>\n\n\n\n<p>Prezident \u0130lham \u018fliyev d\u0259rin biliyi, d\u0259mir m\u0259ntiqi, t\u0259kzibolunmaz arqumentl\u0259ri il\u0259 erm\u0259nip\u0259r\u0259st median\u0131n qarayaxma kampaniyas\u0131n\u0131 z\u0259r\u0259rsizl\u0259\u015fdir\u0259 bildi, informasiya c\u0259bh\u0259sini t\u0259kba\u015f\u0131na yard\u0131. X\u00fcsusi tap\u015f\u0131r\u0131q alan b\u0259zi Q\u0259rb m\u00fcxbirl\u0259ri m\u0259tl\u0259bi yay\u0131nd\u0131r\u0131r, feyk m\u0259lumatlara istinad ed\u0259r\u0259k Az\u0259rbaycan t\u0259r\u0259finin \u00fcnvan\u0131na \u0259sass\u0131z ittihamlar s\u0259sl\u0259ndirirdil\u0259r. M\u00fcnaqi\u015f\u0259d\u0259 T\u00fcrkiy\u0259nin i\u015ftirak\u0131, F-35-l\u0259rd\u0259n istifad\u0259, Suriya v\u0259 Liviyadan muzdlular\u0131n c\u0259lb olunmas\u0131, at\u0259\u015fk\u0259sin pozulmas\u0131 v\u0259 bir \u00e7ox dig\u0259r q\u0131c\u0131qland\u0131r\u0131c\u0131 suallar d\u00f6n\u0259-d\u00f6n\u0259 t\u0259krarlan\u0131rd\u0131. D\u00f6vl\u0259timizin ba\u015f\u00e7\u0131s\u0131 h\u0259r d\u0259f\u0259 bu ittihamlar\u0131 t\u0259kzibolunmaz fakt v\u0259 d\u0259lill\u0259rl\u0259 pu\u00e7a \u00e7\u0131xar\u0131r, Qaraba\u011f\u0131n tarixind\u0259n, m\u00fcnaqi\u015f\u0259nin s\u0259b\u0259bl\u0259rind\u0259n dan\u0131\u015f\u0131r, f\u00fcrs\u0259td\u0259n istifad\u0259 ed\u0259r\u0259k, d\u00fcnyaya \u0259sl h\u0259qiq\u0259tl\u0259ri \u00e7atd\u0131r\u0131rd\u0131. Almaniyan\u0131n ARD telekanal\u0131n\u0131n m\u00fcsahib\u0259sind\u0259ki bir suala v\u0259 Prezidentin cavab\u0131na diqq\u0259t ed\u0259k. Sual: Biz orada, bu \u0259razid\u0259 olduqda bizd\u0259 bir sual ortaya \u00e7\u0131xd\u0131. N\u0259y\u0259 g\u00f6r\u0259 Qaraba\u011f Az\u0259rbaycan \u00fc\u00e7\u00fcn bel\u0259 \u00f6n\u0259mlidir? Orada resurslar var, yoxsa bu, bir r\u0259mzi m\u0259na da\u015f\u0131y\u0131r? Cavab: Elzas v\u0259 Lataringe sizin \u00fc\u00e7\u00fcn \u00f6n\u0259mlidir? Bavariya sizin \u00fc\u00e7\u00fcn \u00f6n\u0259mlidir? Yaxud ReynVestfaliya? Bu, bizim torpaqd\u0131r, beyn\u0259lxalq s\u0259viyy\u0259d\u0259 tan\u0131nan \u0259razimizdir. Bu, resurslar m\u0259s\u0259l\u0259si deyil. \u018fsas resurslar burada, Bak\u0131dad\u0131r. Bu, \u0259dal\u0259t m\u0259s\u0259l\u0259sidir, bu, milli q\u00fcrur m\u0259s\u0259l\u0259sidir v\u0259 bu, beyn\u0259lxalq h\u00fcquq m\u0259s\u0259l\u0259sidir. Cavab q\u0131sa v\u0259 lakonikdir. Amma el\u0259 d\u0259rin m\u0259na k\u0259sb edir, el\u0259 t\u0259sirlidir ki, inanm\u0131ram, bir d\u0259 hans\u0131sa q\u0259rbli m\u00fcxbir bizim Prezident\u0259 buna b\u0259nz\u0259r sual \u00fcnvanlas\u0131n.&nbsp;<\/p>\n\n\n\n<p>\u00d6t\u0259n 17 il\u0259 n\u0259z\u0259r salsaq g\u00f6r\u0259rik ki, Prezident \u0130lham \u018fliyev Da\u011fl\u0131q Qaraba\u011f m\u0259s\u0259l\u0259sinin daim g\u00fcnd\u0259likd\u0259 qalmas\u0131 \u00fc\u00e7\u00fcn \u0259lind\u0259n g\u0259l\u0259ni edib. B\u00fct\u00fcn nitq v\u0259 \u00e7\u0131x\u0131\u015flar\u0131nda, beyn\u0259lxalq t\u0259\u015fkilatlar\u0131n tribunalar\u0131nda, d\u00fcnya liderl\u0259ri il\u0259 b\u00fct\u00fcn g\u00f6r\u00fc\u015fl\u0259rind\u0259, m\u00fcsahib\u0259l\u0259rind\u0259 bu bar\u0259d\u0259 dan\u0131\u015f\u0131b. \u00c7al\u0131\u015f\u0131b ki, t\u0259cav\u00fczkar\u0131n v\u0259 z\u0259r\u0259r\u00e7\u0259kmi\u015f t\u0259r\u0259fin kim oldu\u011funu h\u0259r k\u0259s bilsin. \u0130ndi d\u00fcnyada ham\u0131 bunu bilir. V\u0259t\u0259n m\u00fcharib\u0259sinin u\u011furunu \u015f\u0259rtl\u0259ndir\u0259n \u0259sas amill\u0259rin biri d\u0259 m\u0259hz budur. D\u00f6y\u00fc\u015f meydan\u0131ndak\u0131 q\u0259l\u0259b\u0259y\u0259 g\u0259linc\u0259, m\u00fcharib\u0259nin sonunda ya\u015fanan tam f\u0259rqli iki m\u0259nz\u0259r\u0259ni t\u0259svir etm\u0259k yet\u0259r: C\u0259bh\u0259nin bir t\u0259r\u0259find\u0259 qalib Ordunun m\u0259\u011frur&nbsp;dayanm\u0131\u015f M\u00fcz\u0259ff\u0259r Ali Ba\u015f Komandan\u0131 \u0130lham \u018fliyev, dig\u0259r t\u0259r\u0259find\u0259 ordusu da\u011f\u0131lm\u0131\u015f, r\u0259zil duruma d\u00fc\u015fm\u00fc\u015f Pa\u015finyan. Xalq\u0131m\u0131z \u00f6z lideri \u0130lham \u018fliyevin portretini ba\u015f\u0131 \u00fcz\u0259rin\u0259 qald\u0131r\u0131r. Pa\u015finyan is\u0259 la\u011fa qoyulur, ona l\u0259tif\u0259l\u0259r qo\u015fulur. \u201cC\u0259bray\u0131la yol \u00e7\u0259kirdin, Pa\u015finyan. N\u0259 oldu? Han\u0131 o yol? B\u0259s \u015eu\u015fada parlament binas\u0131 tikirdin, n\u0259 oldu? C\u0259h\u0259nn\u0259m\u0259 getdi\u201d, \u2013 Prezidentimizin bu s\u00f6zl\u0259ri insanlar aras\u0131nda z\u0259rb-m\u0259s\u0259l\u0259 \u00e7evrilib. Biri dediyin\u0259 \u0259m\u0259l etm\u0259y\u0259nd\u0259 onu m\u0259sx\u0259r\u0259y\u0259 qoyub soru\u015furlar: \u201cN\u0259 oldu b\u0259s, Pa\u015finyan?\u201d&#8230;<\/p>\n\n\n\n<p>Az\u0259rbaycan hakerl\u0259ri t\u0259r\u0259find\u0259n bir s\u0131ra erm\u0259ni saytlar\u0131 s\u0131nd\u0131r\u0131laraq Prezident \u0130lham \u018fliyevin beyn\u0259lxalq tribunada s\u0259sl\u0259ndirdiyi &#171;Qaraba\u011f Az\u0259rbaycand\u0131r v\u0259 Nida i\u015far\u0259si&#187;, h\u0259m\u00e7inin &#171;\u018fg\u0259r erm\u0259ni \u0259sg\u0259ri \u00f6lm\u0259k ist\u0259mirs\u0259 r\u0259dd olsun Az\u0259rbaycan torpa\u011f\u0131ndan&#187; fikirl\u0259ri yerl\u0259\u015fdirilib. Erm\u0259ni saytlar\u0131nda Az\u0259rbaycan\u0131n Milli Q\u0259hr\u0259man\u0131 M\u00fcbariz \u0130brahimovun fotolar\u0131 da yerl\u0259\u015fdirilib. 27 sentyabr g\u00fcnorta saatlar\u0131nda ba\u015flayan h\u00fccumlarla \u00fcmumilikd\u0259 90 erm\u0259ni sayt\u0131 s\u0131nd\u0131r\u0131l\u0131b. Bu saytlar aras\u0131nda Erm\u0259nistan\u0131n \u0259n m\u0259\u015fhur x\u0259b\u0259r v\u0259 video portallar\u0131 da yer al\u0131b. 27 sentyabr ax\u015fam saatlar\u0131nda ba\u015flayan h\u00fccumlarla birlikd\u0259 is\u0259 Erm\u0259nistan\u0131n d\u00f6vl\u0259t strukturlar\u0131na m\u0259xsus \u00e7ox sayda m\u0259xfi s\u0259n\u0259dl\u0259r az\u0259rbaycanl\u0131 hakerl\u0259r t\u0259r\u0259find\u0259n \u0259l\u0259 ke\u00e7irilib. Bu s\u0259n\u0259dl\u0259r aras\u0131nda Erm\u0259nistan\u0131n D\u00f6vl\u0259t T\u0259hl\u00fck\u0259sizlik Xidm\u0259tin\u0259, Erm\u0259nistan Prezidentin\u0259, Erm\u0259nistan\u0131n Xarici \u0130\u015fl\u0259r Nazirliyin\u0259 aid xeyli m\u0259lumatlar var.&nbsp;<\/p>\n\n\n\n<p>H\u0259m\u00e7inin, m\u00fcmk\u00fcn erm\u0259ni t\u0259xribat\u0131n\u0131n qar\u015f\u0131s\u0131n\u0131 almaq m\u0259qs\u0259dil\u0259, N\u0259qliyyat, Rabit\u0259 v\u0259 Y\u00fcks\u0259k Texnologiyalar Nazirliyi yan\u0131nda Elektron T\u0259hl\u00fck\u0259sizlik Xidm\u0259ti, v\u0259t\u0259nda\u015flara sosial mediada, telefon mesaj b\u00f6lm\u0259sind\u0259 v\u0259 ya e-po\u00e7t adresl\u0259rin\u0259 daxil olan he\u00e7 bir link\u0259 daxil olmama\u011f\u0131, he\u00e7 bir fayl\u0131 y\u00fckl\u0259m\u0259m\u0259y\u0259 \u00e7a\u011f\u0131rm\u0131\u015fd\u0131r. 29 sentyabr tarixind\u0259 Anti-armenia Team haker qrupu t\u0259r\u0259find\u0259n Erm\u0259nistan silahl\u0131 q\u00fcvv\u0259l\u0259rin\u0259 m\u0259xsus 10 GB h\u0259cmind\u0259 m\u0259xfi s\u0259n\u0259dl\u0259r \u0259l\u0259 ke\u00e7irilmi\u015fdir. Karabakh Hacking Team qrupundan olan bir ne\u00e7\u0259 haker Erm\u0259nistan h\u00f6kum\u0259tinin elektron s\u0259n\u0259d d\u00f6vriyy\u0259si sistemini s\u0131nd\u0131r\u0131b. N\u0259tic\u0259d\u0259 50 TB h\u0259cmind\u0259 s\u0259n\u0259dl\u0259r \u0259ld\u0259 edilib.&nbsp;<\/p>\n\n\n\n<figure class=\"wp-block-image size-large\"><img loading=\"lazy\" decoding=\"async\" width=\"1024\" height=\"468\" src=\"https:\/\/fedai.az\/wp-content\/uploads\/2021\/09\/DSC_6292-1024x468.jpg\" alt=\"\" class=\"wp-image-49537\" srcset=\"https:\/\/fedai.az\/wp-content\/uploads\/2021\/09\/DSC_6292-1024x468.jpg 1024w, https:\/\/fedai.az\/wp-content\/uploads\/2021\/09\/DSC_6292-300x137.jpg 300w, https:\/\/fedai.az\/wp-content\/uploads\/2021\/09\/DSC_6292-150x68.jpg 150w, https:\/\/fedai.az\/wp-content\/uploads\/2021\/09\/DSC_6292-768x351.jpg 768w, https:\/\/fedai.az\/wp-content\/uploads\/2021\/09\/DSC_6292-1536x701.jpg 1536w, https:\/\/fedai.az\/wp-content\/uploads\/2021\/09\/DSC_6292-2048x935.jpg 2048w\" sizes=\"auto, (max-width: 1024px) 100vw, 1024px\" \/><\/figure>\n\n\n\n<p><strong>Az\u0259rbaycan siyasi r\u0259hb\u0259rliyinin g\u00fccl\u00fc irad\u0259si<\/strong><\/p>\n\n\n\n<p>Sentyabr\u0131n 27-d\u0259 Az\u0259rbaycan Respublikas\u0131n\u0131n Prezidenti \u0130lham \u018fliyevin s\u0259drliyi il\u0259 T\u0259hl\u00fck\u0259sizlik \u015euras\u0131n\u0131n iclas\u0131 ke\u00e7irilib. \u0130lham \u018fliyev, \u00f6z \u00e7\u0131x\u0131\u015f\u0131nda, &#171;Bildiyiniz kimi, bu g\u00fcn s\u0259h\u0259r tezd\u0259n Erm\u0259nistan silahl\u0131 q\u00fcvv\u0259l\u0259ri Az\u0259rbaycana qar\u015f\u0131 n\u00f6vb\u0259ti h\u0259rbi t\u0259xribat t\u00f6r\u0259tmi\u015fdir. Bu t\u0259xribat n\u0259tic\u0259sind\u0259 itkil\u0259rimiz var, h\u0259m m\u00fclki \u0259hali, h\u0259m d\u0259 h\u0259rb\u00e7il\u0259r aras\u0131nda. M\u0259n Erm\u0259nistana x\u0259b\u0259rdarl\u0131q etmi\u015fdim. Tovuz hadis\u0259l\u0259rind\u0259n sonra bir ne\u00e7\u0259 d\u0259f\u0259 x\u0259b\u0259rdarl\u0131q etmi\u015fdim ki, \u0259g\u0259r onlar \u00f6z \u00e7irkin \u0259m\u0259ll\u0259rind\u0259n \u0259l \u00e7\u0259km\u0259s\u0259l\u0259r pe\u015fman olacaqlar. \u018fm\u0259liyyat u\u011furla ke\u00e7irilir. Eyni zamanda, ordumuza k\u00f6n\u00fcll\u00fc yaz\u0131lanlar\u0131n say\u0131 on minl\u0259rl\u0259 insan\u0131 \u0259hat\u0259 edir. Bu, xalq\u0131m\u0131z\u0131n \u00f6z d\u00f6vl\u0259tin\u0259 sadiqliyini g\u00f6st\u0259rir.&#187; &#8212; ifad\u0259l\u0259rini dil\u0259 g\u0259tirmi\u015fdir.&nbsp;<\/p>\n\n\n\n<p>Almaniya Kansleri Angela Merkel v\u0259 \u0130lham \u018fliyev aras\u0131nda ba\u015f tutan telefon z\u0259ngind\u0259, d\u00f6vl\u0259t ba\u015f\u00e7\u0131s\u0131 qeyd edib ki, Erm\u0259nistan ba\u015f nazirinin &#171;Qaraba\u011f Erm\u0259nistand\u0131r v\u0259 n\u00f6qt\u0259&#187; b\u0259yanat\u0131 dan\u0131\u015f\u0131qlar prosesini m\u0259nas\u0131z edir v\u0259 Erm\u0259nistan r\u0259hb\u0259rliyinin Az\u0259rbaycandan d\u0131rnaqaras\u0131 &#171;Da\u011fl\u0131q Qaraba\u011f respublikas\u0131&#187; il\u0259 dan\u0131\u015f\u0131qlar aparmas\u0131 t\u0259l\u0259bi dan\u0131\u015f\u0131qlar format\u0131n\u0131n d\u0259yi\u015fdirilm\u0259si c\u0259hdi kimi qiym\u0259tl\u0259ndirilm\u0259lidir. Az\u0259rbaycan Ordusu \u00f6z torpaqlar\u0131nda vuru\u015fur v\u0259 Erm\u0259nistan ordusu Az\u0259rbaycan torpaqlar\u0131nda olmamal\u0131d\u0131r.&nbsp;<\/p>\n\n\n\n<p>Sentyabr\u0131n 29-da Rossiya 1 telekanal\u0131nda yay\u0131mlanan &#171;60 d\u0259qiq\u0259&#187; proqram\u0131nda Az\u0259rbaycan Prezidenti \u0130lham \u018fliyev apar\u0131c\u0131lar\u0131n suallar\u0131n\u0131 cavabland\u0131r\u0131b. O \u00f6z a\u00e7\u0131qlamalar\u0131nda, T\u00fcrkiy\u0259 polemikas\u0131na dair: &#171;Hesab edir\u0259m ki, T\u00fcrkiy\u0259nin rolu regionda sabitl\u0259\u015fdirici xarakter da\u015f\u0131y\u0131r. T\u00fcrkiy\u0259 biz\u0259 qarda\u015f \u00f6lk\u0259 v\u0259 bizim m\u00fctt\u0259fiqimizdir. T\u00fcrkiy\u0259 biz\u0259 m\u0259n\u0259vi d\u0259st\u0259k g\u00f6st\u0259rir v\u0259 biz T\u00fcrkiy\u0259 r\u0259hb\u0259rliyin\u0259, T\u00fcrkiy\u0259 Prezidentin\u0259 v\u0259 t\u00fcrk xalq\u0131na biziml\u0259 h\u0259mr\u0259y oldu\u011funa v\u0259 bizi d\u0259st\u0259kl\u0259dikl\u0259rin\u0259 g\u00f6r\u0259 t\u0259\u015f\u0259kk\u00fcr edirik. Guya T\u00fcrkiy\u0259nin m\u00fcnaqi\u015f\u0259 t\u0259r\u0259fi kimi i\u015ftirak etm\u0259si bar\u0259d\u0259 erm\u0259ni t\u0259r\u0259fin yayd\u0131\u011f\u0131 b\u00fct\u00fcn \u015fayi\u0259l\u0259r t\u0259xribat xarakteri da\u015f\u0131y\u0131r. Az\u0259rbaycan Ordusu \u00f6z xalq\u0131n\u0131n v\u0259 \u00f6z \u0259razisinin m\u00fcdafi\u0259sini t\u0259min etm\u0259k \u00fc\u00e7\u00fcn kifay\u0259t q\u0259d\u0259r haz\u0131rl\u0131ql\u0131d\u0131r.&#187; &#8212; dey\u0259 cavab verib. Apar\u0131c\u0131n\u0131n Suriya Milli Ordusunun Qaraba\u011fda d\u00f6y\u00fc\u015fm\u0259sin\u0259 dair verdiyi suala is\u0259: &#171;Bu, n\u00f6vb\u0259ti feyk-nyusdur. Bu bar\u0259d\u0259 he\u00e7 bir fakt, he\u00e7 bir s\u00fcbut yoxdur v\u0259 bunu erm\u0259ni t\u0259bli\u011fat\u0131 ortaya at\u0131b.&#187; &#8212; dey\u0259 bildirib v\u0259 reportaj ba\u015fa \u00e7at\u0131b.&nbsp;<\/p>\n\n\n\n<p>Sentyabr\u0131n 30-da \u0130lham \u018fliyev v\u0259 Mehriban \u018fliyeva Erm\u0259nistan\u0131n sentyabr\u0131n 27-d\u0259n ba\u015flayan h\u0259rbi t\u0259xribat\u0131 zaman\u0131 yaralanan v\u0259 M\u00fcdafi\u0259 Nazirliyinin M\u0259rk\u0259zi H\u0259rbi Klinik Hospital\u0131nda m\u00fcalic\u0259 olunan h\u0259rb\u00e7il\u0259rl\u0259 g\u00f6r\u00fc\u015f\u00fcnd\u0259 demi\u015fdir: \u201cErm\u0259nistan\u0131n ba\u015f naziri biz\u0259 qar\u015f\u0131 \u015f\u0259rtl\u0259r qoyur. M\u0259n bir m\u00fcdd\u0259t bundan \u0259vv\u0259l demi\u015fdim ki, biz bu \u015f\u0259rtl\u0259ri r\u0259dd edirik. Bizim bir \u015f\u0259rtimiz var, torpaqlar\u0131m\u0131zdan qeyd-\u015f\u0259rtsiz, tam v\u0259 d\u0259rhal \u00e7\u0131x\u0131b r\u0259dd olmal\u0131d\u0131rlar. M\u0259n demi\u015fdim ki, Az\u0259rbaycan xalq\u0131 bu i\u015f\u011falla he\u00e7 vaxt bar\u0131\u015fmayacaq.&#187; &#8212; dey\u0259 \u0130lham \u018fliyev bildirib.&nbsp;<\/p>\n\n\n\n<p>\u0130lham \u018fliyev 4 oktyabr xalqa m\u00fcraci\u0259ti zaman\u0131 Qaraba\u011fdak\u0131 qanunsuz m\u0259skunla\u015fma bar\u0259d\u0259 dan\u0131\u015f\u0131b: &#171;Qondarma &#171;Da\u011fl\u0131q Qaraba\u011f respublikas\u0131&#187;n\u0131n parlamentinin \u015eu\u015faya k\u00f6\u00e7\u00fcr\u00fclm\u0259si n\u0259 dem\u0259kdir? Yen\u0259 d\u0259 Az\u0259rbaycan xalq\u0131n\u0131 t\u0259hqir etm\u0259k c\u0259hdidir. C\u0259bray\u0131la Erm\u0259nistandan yeni yolun \u00e7\u0259kilm\u0259si n\u0259 dem\u0259kdir? O dem\u0259kdir ki, orada qanunsuz m\u0259skunla\u015fma apar\u0131lacaq. Art\u0131q Livandan, ba\u015fqa yerl\u0259rd\u0259n erm\u0259nil\u0259ri g\u0259tirirl\u0259r, k\u00f6\u00e7\u00fcr\u00fcrl\u0259r bizim q\u0259dim \u015f\u0259h\u0259rimiz\u0259, \u015eu\u015fada yerl\u0259\u015fdirirl\u0259r, televiziyada g\u00f6st\u0259rirl\u0259r, beyn\u0259lxalq konvensiyalar\u0131 pozurlar, Cenevr\u0259 Konvensiyas\u0131n\u0131 tapdalay\u0131rlar. Bunlara s\u00f6z dey\u0259n var? Tap\u015f\u0131r\u0131q vermi\u015f\u0259m b\u00fct\u00fcn bizim xarici diplomatik orqanlara. M\u0259s\u0259l\u0259 qald\u0131r\u0131n, BMT-d\u0259, AT\u018fT-d\u0259, Avropa \u0130ttifaq\u0131nda, ba\u015fqa t\u0259\u015fkilatlara, deyin ki, bu, qanunsuzdur! Qanunsuz m\u0259skunla\u015fma cinay\u0259tdir! Buna reaksiya oldu? Minsk qrupu bir a\u00e7\u0131qlama verdimi? Verm\u0259di! Avropa \u0130ttifaq\u0131 verdimi? Verm\u0259di! Dedi ki, bu, bizi maraqland\u0131rm\u0131r. Maraqland\u0131rm\u0131rsa, indi d\u0259 maraqland\u0131rmas\u0131n. \u0130ndi n\u0259 \u0259l-aya\u011fa d\u00fc\u015fm\u00fc\u015f\u00fcn\u00fcz? Da\u011fl\u0131q Qaraba\u011f bizimdir, bizim torpa\u011f\u0131m\u0131zd\u0131r, biz oraya qay\u0131tmal\u0131y\u0131q, qay\u0131d\u0131r\u0131q v\u0259 qay\u0131daca\u011f\u0131q!&#187; dey\u0259, Prezident \u0259lav\u0259 edib.&nbsp;<\/p>\n\n\n\n<figure class=\"wp-block-image size-large is-resized\"><img loading=\"lazy\" decoding=\"async\" src=\"https:\/\/fedai.az\/wp-content\/uploads\/2021\/09\/susa-xankendi.jpg\" alt=\"\" class=\"wp-image-49542\" width=\"933\" height=\"586\" srcset=\"https:\/\/fedai.az\/wp-content\/uploads\/2021\/09\/susa-xankendi.jpg 637w, https:\/\/fedai.az\/wp-content\/uploads\/2021\/09\/susa-xankendi-300x188.jpg 300w, https:\/\/fedai.az\/wp-content\/uploads\/2021\/09\/susa-xankendi-150x94.jpg 150w, https:\/\/fedai.az\/wp-content\/uploads\/2021\/09\/susa-xankendi-115x73.jpg 115w\" sizes=\"auto, (max-width: 933px) 100vw, 933px\" \/><\/figure>\n\n\n\n<p>Noyabr\u0131n 8-d\u0259 M\u00fcz\u0259ff\u0259r Ali Ba\u015f Komandan \u0130lham \u018fliyev \u015eu\u015fa \u015f\u0259h\u0259rinin i\u015f\u011faldan azad olunmas\u0131 m\u00fcnasib\u0259til\u0259 \u015e\u0259hidl\u0259r xiyaban\u0131nda Az\u0259rbaycan xalq\u0131na m\u00fcraci\u0259tind\u0259 demi\u015fdir ki, \u201cBiz bu tarixi Q\u0259l\u0259b\u0259ni d\u00f6y\u00fc\u015f meydan\u0131nda qazand\u0131q. 2020-ci il noyabr\u0131n 8-i Az\u0259rbaycan tarixind\u0259 \u0259b\u0259di qalacaqd\u0131r. Bu tarix \u0259b\u0259di ya\u015fayacaq. Bu, bizim \u015fanl\u0131 Q\u0259l\u0259b\u0259mizin, z\u0259f\u0259rimizin g\u00fcn\u00fcd\u00fcr! Bu q\u0259l\u0259b\u0259ni biz d\u00f6y\u00fc\u015f meydan\u0131nda qazand\u0131q, dan\u0131\u015f\u0131qlar masas\u0131 arxas\u0131nda yox. M\u0259n d\u0259f\u0259l\u0259rl\u0259 demi\u015f\u0259m, b\u00fct\u00fcn b\u0259yanatlara r\u0259\u011fm\u0259n ki, bu m\u00fcnaqi\u015f\u0259nin &#8212; Erm\u0259nistan-Az\u0259rbaycan Da\u011fl\u0131q Qaraba\u011f m\u00fcnaqi\u015f\u0259sinin h\u0259rbi h\u0259ll yollar\u0131 da vard\u0131r v\u0259 bu g\u00fcn biz bunu d\u00f6y\u00fc\u015f meydan\u0131nda s\u00fcbut edirik. 28 ild\u0259n sonra \u015eu\u015fada yen\u0259 d\u0259 azan s\u0259si e\u015fidil\u0259c\u0259kdir. \u018fg\u0259r bu birlik olmasayd\u0131, milli h\u0259mr\u0259ylik olmasayd\u0131, biz he\u00e7 vaxt torpaqlar\u0131m\u0131z\u0131 i\u015f\u011fal\u00e7\u0131lardan azad ed\u0259 bilm\u0259zdik. Biz b\u00fct\u00fcn d\u00fcnyaya s\u00fcbut etdik ki, Qaraba\u011f \u0259z\u0259li Az\u0259rbaycan torpa\u011f\u0131d\u0131r. S\u00fcbut etdik ki, \u0259srl\u0259rboyu Az\u0259rbaycan xalq\u0131 bu torpaqlarda ya\u015fay\u0131b. S\u00fcbut etdik ki, erm\u0259ni \u0259halisi bu torpaqlara 200 il bundan \u0259vv\u0259l k\u00f6\u00e7\u00fcr\u00fcl\u00fcbd\u00fcr, nec\u0259 &nbsp; k\u00f6\u00e7\u00fcr\u00fcl\u00fcbd\u00fcr, hans\u0131 m\u0259qs\u0259dl\u0259rl\u0259 k\u00f6\u00e7\u00fcr\u00fcl\u00fcbd\u00fcr, ham\u0131s\u0131n\u0131 biz d\u00fcnya ictimaiyy\u0259tin\u0259 t\u0259qdim etdik, s\u00fcbutlarla, faktlarla. Biz s\u00fcbut etdik ki, Da\u011fl\u0131q Qaraba\u011f tarixi, \u0259z\u0259li Az\u0259rbaycan torpa\u011f\u0131d\u0131r. M\u0259n bu g\u00fcn, eyni zamanda, ulu \u00f6nd\u0259r Heyd\u0259r \u018fliyevin m\u0259zar\u0131n\u0131 ziyar\u0259t etdim, onun ruhu qar\u015f\u0131s\u0131nda ba\u015f \u0259ydim. \u00dcr\u0259yimd\u0259 dedim, xo\u015fb\u0259xt adamam ki, ata v\u0259siyy\u0259tini yerin\u0259 yetirdim. \u015eu\u015fan\u0131 azad etdik! Bu, b\u00f6y\u00fck Q\u0259l\u0259b\u0259dir! \u015e\u0259hidl\u0259rimizin, Ulu \u00d6nd\u0259rin ruhu \u015fadd\u0131r bu g\u00fcn! G\u00f6z\u00fcn ayd\u0131n olsun Az\u0259rbaycan! G\u00f6z\u00fcn\u00fcz ayd\u0131n olsun d\u00fcnya az\u0259rbaycanl\u0131lar\u0131! Bu tarixi bir g\u00fcnd\u0259 Az\u0259rbaycan xalq\u0131na bu m\u00fcjd\u0259ni verm\u0259k m\u0259nim h\u0259yat\u0131mda b\u0259lk\u0259 d\u0259 \u0259n xo\u015fb\u0259xt g\u00fcnl\u0259rimd\u0259n biridir.\u201d<\/p>\n\n\n\n<p><strong>Erm\u0259nistan\u0131n r\u0259hb\u0259rliyinin \u00e7ar\u0259sizliyi<\/strong><\/p>\n\n\n\n<p>27 sentyabr tarixind\u0259 Erm\u0259nistan\u0131n Ba\u015f naziri Nikol Pa\u015finyan Az\u0259rbaycan hakimiyy\u0259tini geni\u015f miqyasl\u0131 bir t\u0259xribatda ittiham etmi\u015fdir. O bildirdi ki, &#171;Az\u0259rbaycan r\u0259hb\u0259rliyinin son d\u00f6vrl\u0259rd\u0259ki t\u0259cav\u00fczkar b\u0259yanatlar\u0131, T\u00fcrkiy\u0259 il\u0259 geni\u015f miqyasl\u0131 birg\u0259 h\u0259rbi t\u0259liml\u0259r, habel\u0259 AT\u018fT-in monitorinq t\u0259klifl\u0259rini r\u0259dd etm\u0259si&#187; bu m\u00fcharib\u0259y\u0259 \u0259vv\u0259ld\u0259n haz\u0131rla\u015fd\u0131\u011f\u0131n\u0131n g\u00f6st\u0259ricisidir. 28 sentyabr tarixind\u0259 Erm\u0259nistan Respublikas\u0131 Xarici \u0130\u015fl\u0259r Nazirliyi m\u00fcharib\u0259 haqq\u0131nda r\u0259sm\u0259n a\u00e7\u0131qlama vermi\u015fdir.&nbsp;<\/p>\n\n\n\n<p>H\u0259m\u00e7inin, Erm\u0259nistan\u0131n Rusiyadak\u0131 s\u0259firi Vardan Toqyanyan Erm\u0259nistan\u0131n yeni silah t\u0259chizat\u0131 \u00fc\u00e7\u00fcn Rusiyaya m\u00fcraci\u0259t ed\u0259c\u0259yini bildirib. 30 sentyabrda Ba\u015f nazir Nikol Pa\u015finyan Erm\u0259nistan\u0131n r\u0259smi olaraq Da\u011fl\u0131q Qaraba\u011f\u0131 m\u00fcst\u0259qil bir \u0259razi olaraq tan\u0131nmas\u0131n\u0131 d\u00fc\u015f\u00fcnd\u00fcy\u00fcn\u00fc bildirdi. H\u0259min g\u00fcn Erm\u0259nistan Xarici \u0130\u015fl\u0259r Nazirliyi, T\u00fcrkiy\u0259 H\u0259rbi Hava Q\u00fcvv\u0259l\u0259rinin Da\u011fl\u0131q Qaraba\u011f \u0259razisind\u0259 c\u0259bh\u0259 boyu t\u0259xribat xarakterli u\u00e7u\u015flar h\u0259yata ke\u00e7irdiyini bildirmi\u015fdir.&nbsp;<\/p>\n\n\n\n<p>1 oktyabr tarixind\u0259 Arayik Harutyunyan erm\u0259nil\u0259rin uzunm\u00fcdd\u0259tli m\u00fcharib\u0259y\u0259 haz\u0131rla\u015fmalar\u0131n\u0131n laz\u0131m oldu\u011funu bildirdi. 3 oktyabr tarixind\u0259 Erm\u0259nistan Xarici \u0130\u015fl\u0259r Nazirliyi beyn\u0259lxalq ictimaiyy\u0259ti &#171;b\u00f6lg\u0259d\u0259 s\u00fclh v\u0259 t\u0259hl\u00fck\u0259sizliyin b\u0259rpas\u0131&#187; \u00fc\u00e7\u00fcn Qondarma Da\u011fl\u0131q Qaraba\u011f Respublikas\u0131n\u0131n m\u00fcst\u0259qilliyini tan\u0131ma\u011fa \u00e7a\u011f\u0131rd\u0131.&nbsp;<\/p>\n\n\n\n<p>1 oktyabr tarixind\u0259 \u0130srailin Az\u0259rbaycana silah sat\u0131\u015f\u0131n\u0131 iddia ed\u0259n Erm\u0259nistan \u0130sraild\u0259ki s\u0259firini geri \u00e7a\u011f\u0131rm\u0131\u015fd\u0131r. 8 oktyabr tarixind\u0259 Erm\u0259nistan Milli T\u0259hl\u00fck\u0259sizlik Xidm\u0259tinin direktoru Erm\u0259nistan prezidentinin \u0259mri il\u0259 i\u015fd\u0259n azad olunmu\u015fdur. El\u0259 h\u0259min g\u00fcn, Erm\u0259nistan Daxili \u0130\u015fl\u0259r Nazirliyi Novaya qazeta m\u00fcxbiri \u0130lya Azar\u0131n Da\u011fl\u0131q Qaraba\u011fa akkreditasiyas\u0131z daxil olaraq \u015eu\u015fa v\u0259 La\u00e7\u0131nda reportaj apard\u0131\u011f\u0131n\u0131 bildir\u0259r\u0259k jurnal\u0131n akkreditasiyas\u0131n\u0131 l\u0259\u011fv etmi\u015fdir.&nbsp;<\/p>\n\n\n\n<p><strong>\u0130kinci Qaraba\u011f m\u00fcharib\u0259si v\u0259 beyn\u0259lxalq reaksiyalar<\/strong><\/p>\n\n\n\n<p><strong>T\u00fcrkiy\u0259<\/strong>&nbsp;&#8212; Erm\u0259ni xalq\u0131n\u0131 onlar\u0131 f\u0259lak\u0259t\u0259 aparan h\u00f6kum\u0259tl\u0259rin\u0259 v\u0259 onlar\u0131 bir kukla kimi oynadanlara qar\u015f\u0131 \u00e7\u0131xma\u011fa, g\u0259l\u0259c\u0259kl\u0259rin\u0259 sahib \u00e7\u0131xma\u011fa d\u0259v\u0259t edir\u0259m. B\u00fct\u00fcn d\u00fcnyaya i\u015f\u011fala v\u0259 z\u00fclm\u0259 qar\u015f\u0131 verdikl\u0259ri m\u00fcbariz\u0259d\u0259 Az\u0259rbaycan\u0131n yan\u0131nda olma\u011fa \u00e7a\u011f\u0131r\u0131ram. 30 il\u0259 yax\u0131nd\u0131r m\u0259s\u0259l\u0259y\u0259 etinas\u0131z yana\u015fan AT\u018fT-in Minsk qrupunun h\u0259ms\u0259dr \u00f6lk\u0259l\u0259ri h\u0259ll \u00fc\u00e7\u00fcn f\u0259aliyy\u0259td\u0259n, t\u0259\u0259ss\u00fcf ki, \u00e7ox uzaqd\u0131r. Erm\u0259nistan b\u00f6lg\u0259d\u0259 s\u00fclh v\u0259 sabitliyin \u00f6n\u00fcnd\u0259ki \u0259n b\u00f6y\u00fck t\u0259hdid oldu\u011funu n\u00f6vb\u0259ti d\u0259f\u0259 g\u00f6st\u0259rib. T\u00fcrk mill\u0259ti h\u0259r zaman oldu\u011fu kimi bu g\u00fcn d\u0259 b\u00fct\u00fcn imkanlar\u0131 il\u0259 az\u0259rbaycanl\u0131 qarda\u015flar\u0131m\u0131z\u0131n yan\u0131ndad\u0131r&#187;, &#8212; dey\u0259 T\u00fcrkiy\u0259 prezidenti R\u0259c\u0259b Tayyib \u018frdo\u011fan \u00f6z \u00e7\u0131x\u0131\u015f\u0131nda vur\u011fulay\u0131b.&nbsp;<\/p>\n\n\n\n<p>T\u00fcrkiy\u0259nin xarici i\u015fl\u0259r naziri M\u00f6vlud \u00c7avu\u015fo\u011flu, h\u0259m\u00e7inin \u018fdal\u0259t v\u0259 \u0130nki\u015faf Partiyas\u0131 (AKP) s\u0259drinin m\u00fcavini Numan Kurtulmu\u015f Az\u0259rbaycan\u0131n Ankaradak\u0131 s\u0259firliyini ziyar\u0259t edibl\u0259r. onlar Az\u0259rbaycan\u0131n T\u00fcrkiy\u0259d\u0259ki s\u0259firi X\u0259z\u0259r \u0130brahiml\u0259 g\u00f6r\u00fc\u015f\u00fcbl\u0259r. Nazir s\u0259firlikd\u0259ki \u00e7\u0131x\u0131\u015f\u0131nda deyib: &#171;Bu problemin h\u0259lli \u00e7ox sad\u0259dir. Bunun \u00fc\u00e7\u00fcn Erm\u0259nistan i\u015f\u011fal etdiyi Az\u0259rbaycan torpaqlar\u0131ndan \u00e7\u0131xmal\u0131d\u0131r.\u201d<\/p>\n\n\n\n<p>T\u00fcrkiy\u0259nin M\u00fcdafi\u0259 naziri Hulusi Akar \u00f6lk\u0259sinin Az\u0259rbaycan\u0131n t\u0259r\u0259find\u0259 oldu\u011funu bildirib v\u0259 Erm\u0259nistan\u0131n m\u00f6vqeyinin Qafqazda s\u00fclh v\u0259 sabitliyin \u0259n b\u00f6y\u00fck \u0259ng\u0259li oldu\u011funu vur\u011fulay\u0131b.&nbsp;<\/p>\n\n\n\n<p>Qarda\u015f T\u00fcrkiy\u0259 C\u00fcmhuriyy\u0259ti V\u0259t\u0259n m\u00fcharib\u0259sind\u0259 birm\u0259nal\u0131 \u015f\u0259kild\u0259 Az\u0259rbaycan\u0131n yan\u0131nda oldu\u011funu s\u00f6zd\u0259 v\u0259 \u0259m\u0259ld\u0259 n\u00fcmayi\u015f etdirdi.<\/p>\n\n\n\n<figure class=\"wp-block-image size-large is-resized\"><img loading=\"lazy\" decoding=\"async\" src=\"https:\/\/fedai.az\/wp-content\/uploads\/2021\/09\/demir_yumruq-1.jpg\" alt=\"\" class=\"wp-image-49541\" width=\"936\" height=\"660\" srcset=\"https:\/\/fedai.az\/wp-content\/uploads\/2021\/09\/demir_yumruq-1.jpg 791w, https:\/\/fedai.az\/wp-content\/uploads\/2021\/09\/demir_yumruq-1-300x212.jpg 300w, https:\/\/fedai.az\/wp-content\/uploads\/2021\/09\/demir_yumruq-1-150x106.jpg 150w, https:\/\/fedai.az\/wp-content\/uploads\/2021\/09\/demir_yumruq-1-768x542.jpg 768w\" sizes=\"auto, (max-width: 936px) 100vw, 936px\" \/><\/figure>\n\n\n\n<p><strong>B\u00f6y\u00fck Britaniya<\/strong>&nbsp;&#8212; \u0130kinci Qaraba\u011f m\u00fcharib\u0259si d\u00f6vr\u00fcnd\u0259 Az\u0259rbaycan\u0131n haql\u0131 m\u00f6vqeyini m\u00fcdafi\u0259 ed\u0259r\u0259k, onun \u0259razi b\u00fct\u00f6vl\u00fcy\u00fcn\u00fc d\u0259st\u0259kl\u0259mi\u015fdir. BMT T\u015e-d\u0259 Erm\u0259nistan-Az\u0259rbaycan m\u00fcnaqi\u015f\u0259si il\u0259 \u0259laq\u0259dar T\u0259hl\u00fck\u0259sizlik \u015euras\u0131n\u0131n s\u0259dri ad\u0131ndan haz\u0131rlanan v\u0259 Az\u0259rbaycan\u0131n \u0259leyhin\u0259 olan b\u0259yanat layih\u0259si BMT T\u015e-nin daimi \u00fczv\u00fc olan B\u00f6y\u00fck Britaniyan\u0131n vetosu il\u0259 q\u0259bul edilm\u0259mi\u015fdir.<\/p>\n\n\n\n<p><strong>AB\u015e<\/strong>&nbsp;&#8212; AB\u015e D\u00f6vl\u0259t katibinin birinci m\u00fcavini Stiven Biqan Az\u0259rbaycan Xarici \u0130\u015fl\u0259r naziri Ceyhun Bayramov v\u0259 Erm\u0259nistan Xarici \u0130\u015fl\u0259r naziri Z\u00f6hrab Mnatsakanyanla \u0259laq\u0259 saxlayaraq h\u0259r iki t\u0259r\u0259fi d\u0259rhal h\u0259rbi \u0259m\u0259liyyatlar\u0131 dayand\u0131rma\u011fa, v\u0259ziyy\u0259ti daha da g\u0259rginl\u0259\u015fm\u0259m\u0259k \u00fc\u00e7\u00fcn aralar\u0131ndak\u0131 m\u00f6vcud birba\u015fa rabit\u0259 \u0259laq\u0259l\u0259rind\u0259n istifad\u0259 etm\u0259y\u0259 v\u0259 regiondak\u0131 g\u0259rginliyi daha da art\u0131ran ritorika v\u0259 h\u0259r\u0259k\u0259tl\u0259rd\u0259n uzaq olma\u011fa \u00e7a\u011f\u0131r\u0131b.&nbsp;<\/p>\n\n\n\n<p>AT\u018fT-in Minsk qrupunun amerikal\u0131 sabiq h\u0259ms\u0259dri Ri\u00e7ard Hoqland: &#171;Beyn\u0259lxalq h\u00fcquqa g\u00f6r\u0259, Erm\u0259nistan ba\u015fqa bir suveren d\u00f6vl\u0259t olan Az\u0259rbaycan\u0131n suveren \u0259razisin\u0259 soxulub v\u0259 i\u015f\u011fal edib&#187;. O qeyd edib ki, AB\u015e-\u0131n \u0259sas siyas\u0259ti b\u00fct\u00fcn mill\u0259tl\u0259rin m\u00fcst\u0259qilliyini, suverenliyini v\u0259 \u0259razi b\u00fct\u00f6vl\u00fcy\u00fcn\u00fc d\u0259st\u0259kl\u0259m\u0259k v\u0259 qorumaqd\u0131r.&nbsp;<\/p>\n\n\n\n<p><strong>Rusiya<\/strong>&nbsp;&#8212; Rusiya prezidenti Vladimir Putin \u00e7\u0131x\u0131\u015flar\u0131nda d\u0259f\u0259l\u0259rl\u0259 vur\u011fulay\u0131b ki, \u201cErm\u0259nistan KTMT \u00e7\u0259r\u00e7iv\u0259sind\u0259 m\u00fctt\u0259fiqdir, amma Da\u011fl\u0131q Qaraba\u011f Erm\u0259nistana aid deyil, odur ki, Qaraba\u011f \u0259razisind\u0259ki h\u0259rbi \u0259m\u0259liyyatlarla ba\u011fl\u0131 Rusiya vasit\u0259\u00e7ilikd\u0259n savay\u0131, h\u0259r hans\u0131 \u00f6hd\u0259lik da\u015f\u0131m\u0131r&#187;.Rusiya Xarici \u0130\u015fl\u0259r Nazirliyi Da\u011fl\u0131q Qaraba\u011f m\u00fcnaqi\u015f\u0259sinin t\u0259r\u0259fl\u0259rini d\u0259rhal at\u0259\u015fi dayand\u0131rma\u011fa \u00e7a\u011f\u0131r\u0131b. 44 g\u00fcnl\u00fck m\u00fcharib\u0259 d\u00f6vr\u00fcnd\u0259 Rusiyadan Erm\u0259nistana da\u015f\u0131nan &nbsp;silah-sursat v\u0259 h\u0259rbi texnikan\u0131n say\u0131n\u0131n art\u0131r\u0131lmas\u0131 il\u0259 ba\u011fl\u0131 m\u0259lumatlar yay\u0131lm\u0131\u015fd\u0131r. M\u0259lumatlara g\u00f6r\u0259, silah-sursat v\u0259 h\u0259rbi texnika G\u00fcrc\u00fcstan t\u0259r\u0259find\u0259n h\u0259rbi y\u00fckl\u0259rin onun \u0259razisind\u0259n da\u015f\u0131nmas\u0131na qoyulan qada\u011fa il\u0259 \u0259laq\u0259dar olaraq Qazax\u0131stan &#8212; T\u00fcrkm\u0259nistan \u2013 \u0130ran hava yolu mar\u015furutu \u00fczr\u0259 da\u015f\u0131nm\u0131\u015fd\u0131r. Rusiya t\u0259r\u0259fi d\u0259f\u0259l\u0259rl\u0259 r\u0259smi olaraq da\u015f\u0131nan y\u00fckl\u0259rin silah-sursat v\u0259 h\u0259rbi texnika deyil, Erm\u0259nistandak\u0131 Rusiya h\u0259rbi bazas\u0131n\u0131n ehtiyaclar\u0131 \u00fc\u00e7\u00fcn tikinti material\u0131 oldu\u011funu bildirmi\u015fdir.&nbsp;<\/p>\n\n\n\n<p><strong>\u0130taliya<\/strong>&nbsp;&#8212;&nbsp;\u0130kinci Qaraba\u011f m\u00fcharib\u0259si d\u00f6vr\u00fcnd\u0259 Az\u0259rbaycan\u0131n haql\u0131 m\u00f6vqeyini m\u00fcdafi\u0259 ed\u0259r\u0259k, onun \u0259razi b\u00fct\u00f6vl\u00fcy\u00fcn\u00fc d\u0259st\u0259kl\u0259mi\u015fdir. \u0130taliyan\u0131n Kampobasso \u0259yal\u0259tinin Sepino v\u0259 San Culiano del Sannio b\u0259l\u0259diyy\u0259l\u0259ri, Milan \u0259yal\u0259tinin Korbetta \u015f\u0259h\u0259r B\u0259l\u0259diyy\u0259 \u015euras\u0131 Erm\u0259nistan\u0131n Az\u0259rbaycana qar\u015f\u0131 t\u0259cav\u00fcz, etnik t\u0259mizl\u0259m\u0259, soyq\u0131r\u0131m\u0131 siyas\u0259tini pisl\u0259y\u0259n v\u0259 Az\u0259rbaycan xalq\u0131 il\u0259 h\u0259mr\u0259ylik n\u00fcmayi\u015f etdir\u0259n s\u0259n\u0259dl\u0259r q\u0259bul edib.&nbsp;<\/p>\n\n\n\n<p><strong>Fransa<\/strong>&nbsp;&#8212; Fransa \u0130r\u0259van v\u0259 Bak\u0131n\u0131 h\u0259rbi \u0259m\u0259liyyatlar\u0131 d\u0259rhal dayand\u0131rma\u011fa v\u0259 dan\u0131\u015f\u0131qlar\u0131 yenid\u0259n ba\u015flama\u011fa \u00e7a\u011f\u0131r\u0131b. Fransa Xarici \u0130\u015fl\u0259r Nazirliyinin s\u00f6z\u00e7\u00fcs\u00fc etdiyi a\u00e7\u0131qlamada &#171;Fransa qar\u015f\u0131durmadan son d\u0259r\u0259c\u0259 narahatd\u0131r&#187; ifad\u0259sini i\u015fl\u0259tmi\u015fdir.&nbsp;<\/p>\n\n\n\n<p>Fransa Az\u0259rbaycan &#8212; Erm\u0259nistan aras\u0131nda ba\u015f ver\u0259n m\u00fcnaqi\u015f\u0259d\u0259 i\u015f\u011fal\u00e7\u0131 Erm\u0259nistan\u0131 d\u0259st\u0259kl\u0259mi\u015fdir. Fransan\u0131n Prezidenti Emmanuel Makronun sentyabr\u0131n 30-da Erm\u0259nistan v\u0259 Az\u0259rbaycan aras\u0131nda ba\u015f ver\u0259n m\u00fcnaqi\u015f\u0259 il\u0259 ba\u011fl\u0131 b\u0259yanat\u0131, bu m\u00fcnaqi\u015f\u0259li m\u0259s\u0259l\u0259nin h\u0259ll edilm\u0259si \u00fc\u00e7\u00fcn yarad\u0131lan Minsk Qrupu h\u0259ms\u0259dri kimi \u00f6lk\u0259nin vasit\u0259\u00e7ilik missiyas\u0131 il\u0259 uy\u011fun g\u0259lmir v\u0259 bu missiyan\u0131 \u015f\u00fcbh\u0259 alt\u0131na al\u0131r. Fransa Respublikas\u0131 Senat\u0131n\u0131n 2020-ci il noyabr\u0131n 25-d\u0259 q\u0259bul etdiyi \u201cDa\u011fl\u0131q Qaraba\u011f respublikas\u0131\u201dn\u0131n tan\u0131nmas\u0131na dair q\u0259tnam\u0259 layih\u0259si haql\u0131 olaraq Az\u0259rbaycan\u0131n etiraz\u0131na s\u0259b\u0259b olmu\u015fdur.<\/p>\n\n\n\n<p><strong>G\u00fcrc\u00fcstan<\/strong>&nbsp;&#8212; Prezident Salome Zurabi\u015fvili t\u0259r\u0259fl\u0259ri bar\u0131\u015f\u0131\u011fa \u00e7a\u011f\u0131rm\u0131\u015f, b\u00f6lg\u0259d\u0259 s\u00fclh v\u0259 \u0259minamanl\u0131\u011f\u0131n qorunmas\u0131n\u0131 d\u0259st\u0259kl\u0259diyini bildirmi\u015fdir. &nbsp;G\u00fcrc\u00fcstan Respublikas\u0131n\u0131n 3-c\u00fc Prezidenti Mixeil Saaka\u015fvili \u00f6z Facebook s\u0259hif\u0259sind\u0259 &#171;M\u0259nim m\u00f6vqeyim \u0259razi b\u00fct\u00f6vl\u00fcy\u00fc prisipin\u0259 \u0259saslan\u0131r, y\u0259ni Da\u011fl\u0131q Qaraba\u011f Az\u0259rbaycan Respublikas\u0131n\u0131n suveren \u0259razisidir v\u0259 he\u00e7 bir \u015fey onu d\u0259yi\u015fdirm\u0259y\u0259c\u0259yi&#187; fikrini ifad\u0259 etmi\u015fdir. G\u00fcrc\u00fcstan 44 g\u00fcnl\u00fck m\u00fcharib\u0259 d\u00f6vr\u00fcnd\u0259 onun \u0259razisind\u0259n v\u0259 hava m\u0259kan\u0131ndan istifad\u0259 olunaraq Erm\u0259nistana h\u0259rbi y\u00fckl\u0259rin da\u015f\u0131nmas\u0131na qada\u011fa qoyub.<\/p>\n\n\n\n<p><strong>Serbiya<\/strong>&nbsp;&#8212; 44 g\u00fcnl\u00fck m\u00fcharib\u0259d\u0259n \u0259vv\u0259l v\u0259 m\u00fcharib\u0259 d\u00f6vr\u00fcnd\u0259 Serbiyan\u0131n Erm\u0259nistana silah satmas\u0131 haqq\u0131nda t\u0259kzibolunmaz m\u0259lumatlar \u0259ld\u0259 olunmu\u015fdur. Bu is\u0259 &nbsp;Az\u0259rbaycan\u0131n naraz\u0131l\u0131\u011f\u0131na s\u0259b\u0259b olub v\u0259 bu \u00f6lk\u0259y\u0259 etiraz bildirilib.<\/p>\n\n\n\n<p><strong>Yunan\u0131stan<\/strong>&nbsp;&#8212; 44 g\u00fcnl\u00fck m\u00fcharib\u0259 d\u00f6vr\u00fcnd\u0259 dolay\u0131s\u0131il\u0259 Erm\u0259nistan\u0131 d\u0259st\u0259kl\u0259mi\u015fdir.&nbsp;<\/p>\n\n\n\n<p><strong>Almaniya<\/strong>&nbsp;&#8212; Almaniya Xarici \u0130\u015fl\u0259r naziri Hayko Maas Erm\u0259nistan v\u0259 Az\u0259rbaycan detall\u0131 dan\u0131\u015f\u0131qlar\u0131n lehin\u0259 g\u00fcc t\u0259tbiqind\u0259n d\u0259rhal imtina etm\u0259li deyib v\u0259 m\u00fcnaqi\u015f\u0259nin h\u0259r iki t\u0259r\u0259fini d\u0259rhal b\u00fct\u00fcn h\u0259rbi \u0259m\u0259liyyatlar\u0131n dayand\u0131r\u0131lmas\u0131na \u00e7a\u011f\u0131rm\u0131\u015fd\u0131r. H\u0259m\u00e7inin k\u0259nd v\u0259 q\u0259s\u0259b\u0259l\u0259rin at\u0259\u015f\u0259 tutulmas\u0131ndan da olduqca narahat oldu\u011funu bildirmi\u015fdir.&nbsp;<\/p>\n\n\n\n<figure class=\"wp-block-image size-large\"><img loading=\"lazy\" decoding=\"async\" width=\"1024\" height=\"947\" src=\"https:\/\/fedai.az\/wp-content\/uploads\/2021\/09\/57fa3ec1-3d09-31ff-9765-3c1f2c0e3f3b-1024x947.jpg\" alt=\"\" class=\"wp-image-49544\" srcset=\"https:\/\/fedai.az\/wp-content\/uploads\/2021\/09\/57fa3ec1-3d09-31ff-9765-3c1f2c0e3f3b-1024x947.jpg 1024w, https:\/\/fedai.az\/wp-content\/uploads\/2021\/09\/57fa3ec1-3d09-31ff-9765-3c1f2c0e3f3b-300x277.jpg 300w, https:\/\/fedai.az\/wp-content\/uploads\/2021\/09\/57fa3ec1-3d09-31ff-9765-3c1f2c0e3f3b-150x139.jpg 150w, https:\/\/fedai.az\/wp-content\/uploads\/2021\/09\/57fa3ec1-3d09-31ff-9765-3c1f2c0e3f3b-768x710.jpg 768w, https:\/\/fedai.az\/wp-content\/uploads\/2021\/09\/57fa3ec1-3d09-31ff-9765-3c1f2c0e3f3b-1536x1420.jpg 1536w, https:\/\/fedai.az\/wp-content\/uploads\/2021\/09\/57fa3ec1-3d09-31ff-9765-3c1f2c0e3f3b.jpg 1920w\" sizes=\"auto, (max-width: 1024px) 100vw, 1024px\" \/><\/figure>\n\n\n\n<p><strong>\u0130ran<\/strong>&nbsp;&#8212; \u0130ran Xarici \u0130\u015fl\u0259r nazirinin s\u00f6z\u00e7\u00fcs\u00fc S\u0259id X\u0259tibzad\u0259, \u0130ran\u0131n h\u0259rbi toqqu\u015fmalar\u0131 diqq\u0259tl\u0259 izl\u0259diyini, Tehran\u0131n Az\u0259rbaycan v\u0259 Erm\u0259nistan aras\u0131nda at\u0259\u015fk\u0259s \u0259ld\u0259 olunmas\u0131 \u00fc\u00e7\u00fcn vasit\u0259\u00e7ilik etm\u0259y\u0259 haz\u0131r oldu\u011funu bildirib. &nbsp;M\u00fcharib\u0259 gedi\u015find\u0259 \u0130ran \u0259razisind\u0259n Erm\u0259nistana h\u0259rbi y\u00fckl\u0259rin da\u015f\u0131nmas\u0131 haqq\u0131nda yay\u0131lan m\u0259lumatlar\u0131 \u0130ran r\u0259smil\u0259ri t\u0259kzib etmi\u015fdir. \u0130ran \u00f6z hava m\u0259kan\u0131n\u0131 v\u0259 quru yollar\u0131n\u0131 Erm\u0259nistana silahlar\u0131n da\u015f\u0131nmamas\u0131 \u00fc\u00e7\u00fcn ba\u011flad\u0131. \u0130ran\u0131n m\u00fcxt\u0259lif \u015f\u0259h\u0259rl\u0259rind\u0259 Az\u0259rbayacan\u0131n q\u0259l\u0259b\u0259l\u0259rin\u0259 d\u0259st\u0259k aksiyalar\u0131 da diqq\u0259ti c\u0259lb edirdi. \u015eu\u015fan\u0131n azad edilm\u0259si v\u0259 Az\u0259rbaycan\u0131n \u0130ranla s\u0259rh\u0259di n\u0259zar\u0259t\u0259 g\u00f6t\u00fcrm\u0259si T\u0259briz, \u018frd\u0259bil v\u0259 dig\u0259r \u015f\u0259h\u0259rl\u0259rd\u0259 x\u00fcsusi sevincl\u0259 qar\u015f\u0131land\u0131. \u0130ran s\u0259rh\u0259dind\u0259n Az\u0259rbaycan ordusunun i\u015f\u011fal\u00e7\u0131lara z\u0259rb\u0259l\u0259r endirilm\u0259sinin Araz\u0131n o biri tay\u0131ndan izl\u0259nilm\u0259sin\u0259 dair g\u00f6r\u00fcnt\u00fcl\u0259r internetd\u0259 xeyli izl\u0259ndi. &nbsp;<\/p>\n\n\n\n<p><strong>Pakistan<\/strong>&nbsp;&#8212; Pakistan Xarici \u0130\u015fl\u0259r Nazirliyi: Erm\u0259nistan v\u0259ziyy\u0259tin daha da g\u0259rginl\u0259\u015fm\u0259m\u0259si \u00fc\u00e7\u00fcn h\u0259rbi \u0259m\u0259liyyat\u0131n\u0131 dayand\u0131rmal\u0131d\u0131r. Az\u0259rbaycan\u0131n Da\u011fl\u0131q Qaraba\u011fla ba\u011fl\u0131 m\u00f6vqeyini d\u0259st\u0259kl\u0259yirik v\u0259 bu, yekdillikl\u0259 q\u0259bul edilmi\u015f BMT T\u0259hl\u00fck\u0259sizlik \u015euras\u0131n\u0131n q\u0259rarlar\u0131na uy\u011fundur. Qarda\u015f Pakistan 44 g\u00fcnl\u00fck m\u00fcharib\u0259 d\u00f6vr\u00fcnd\u0259 Az\u0259rbaycan\u0131n yan\u0131nda oldu\u011funu a\u00e7\u0131q n\u00fcmayi\u015f etdirdi.<\/p>\n\n\n\n<p><strong>Qazax\u0131stan<\/strong>&nbsp;&#8212; Qazax\u0131stan Xarici \u0130\u015fl\u0259r Nazirliyi: V\u0259ziyy\u0259ti sabitl\u0259\u015fdirm\u0259k, g\u00fcc t\u0259tbiqind\u0259n imtina etm\u0259k v\u0259 dan\u0131\u015f\u0131qlara ba\u015flamaq \u00fc\u00e7\u00fcn b\u00fct\u00fcn t\u0259dbirl\u0259ri g\u00f6rm\u0259y\u0259 \u00e7a\u011f\u0131raraq, m\u00fcnaqi\u015f\u0259nin beyn\u0259lxalq t\u0259\u015fkilatlar platformas\u0131nda s\u00fclh yolu il\u0259 h\u0259ll olunmas\u0131na k\u00f6m\u0259yini t\u0259klif etdiyini bildirib.&nbsp;<\/p>\n\n\n\n<p><strong>\u018ffqan\u0131stan<\/strong>&nbsp;&#8212; \u018ffqan\u0131stan\u0131n Xarici \u0130\u015fl\u0259r Nazirliyi Da\u011fl\u0131q Qaraba\u011f b\u00f6lg\u0259sind\u0259ki g\u0259rginlikl\u0259 ba\u011fl\u0131 b\u0259yanat yay\u0131b. &#171;Da\u011fl\u0131q Qaraba\u011f b\u00f6lg\u0259si beyn\u0259lxalq s\u0259viyy\u0259d\u0259 Az\u0259rbaycan\u0131n bir hiss\u0259si kimi tan\u0131n\u0131b. \u018ffqan\u0131stan, Da\u011fl\u0131q Qaraba\u011fdak\u0131 i\u015f\u011fala son qoyulmas\u0131n\u0131 t\u0259l\u0259b edir &#171;, &#8212; dey\u0259 X\u0130N-in b\u0259yanat\u0131nda vur\u011fulan\u0131b.&nbsp;<\/p>\n\n\n\n<p><strong>Bosniya v\u0259 Herseqovina<\/strong>&nbsp;&#8212; Bosniya v\u0259 Herseqovinan\u0131n R\u0259yas\u0259t Hey\u0259tinin bo\u015fnak \u00fczv\u00fc \u015eefik Djaferovi\u00e7 v\u0259 Demokratik F\u0259aliyy\u0259t Partiyas\u0131n\u0131n lideri Bakir \u0130zetbegovi\u00e7, Az\u0259rbaycana d\u0259st\u0259k verdikl\u0259rini, Erm\u0259nistan\u0131 q\u0131nad\u0131qlar\u0131n\u0131 v\u0259 v\u0259ziyy\u0259ti 1992\u20131995-ci ill\u0259r aras\u0131nda Bosniya m\u00fcharib\u0259si il\u0259 m\u00fcqayis\u0259 etdikl\u0259rini s\u00f6yl\u0259di. &nbsp;<\/p>\n\n\n\n<p><strong>\u0130srail<\/strong>&nbsp;&#8212; Yisrael Beiteinu partiyas\u0131n\u0131n lideri, \u00f6lk\u0259nin ke\u00e7mi\u015f xarici i\u015fl\u0259r v\u0259 m\u00fcdafi\u0259 naziri Aviqdor Liberman yerli &#171;Vesti&#187; n\u0259\u015frin\u0259 a\u00e7\u0131qlamas\u0131nda Da\u011fl\u0131q Qaraba\u011f\u0131n Az\u0259rbaycan torpa\u011f\u0131 oldu\u011funu xat\u0131rlad\u0131b: &#171;El\u0259 buna g\u00f6r\u0259 d\u0259 BMT \u00fczv\u00fc olan he\u00e7 bir d\u00f6vl\u0259t, o c\u00fcml\u0259d\u0259n Erm\u0259nistan\u0131n \u00f6z\u00fc d\u0259 Da\u011fl\u0131q Qaraba\u011f\u0131 suveren qurum kimi tan\u0131may\u0131b. Tarixi ger\u00e7\u0259klik, beyn\u0259lxalq h\u00fcquq, \u0130srail d\u00f6vl\u0259tinin m\u0259nafeyi bax\u0131mdan bizim m\u00f6vqeyimiz tamamil\u0259 birm\u0259nal\u0131d\u0131r. Biz Az\u0259rbaycan\u0131n \u0259razi b\u00fct\u00f6vl\u00fcy\u00fcn\u00fc d\u0259st\u0259kl\u0259yir v\u0259 bu \u0259razi b\u00fct\u00f6vl\u00fcy\u00fc b\u0259rpa olunmadan regionda m\u0259s\u0259l\u0259nin h\u0259llinin m\u00fcmk\u00fcn olmad\u0131\u011f\u0131n\u0131 d\u00fc\u015f\u00fcn\u00fcr\u00fck. Az\u0259rbaycan\u0131n \u0259razi b\u00fct\u00f6vl\u00fcy\u00fc tarixi, beyn\u0259lxalq, milli m\u0259nafe bax\u0131mdan \u0130srailin r\u0259smi m\u00f6vqeyidir&#187;, &#8212; dey\u0259 bildirib.&nbsp;<\/p>\n\n\n\n<p><strong>Macar\u0131stan<\/strong>&nbsp;&#8212; Macar\u0131stan Xarici \u0130\u015fl\u0259r v\u0259 Ticar\u0259t Nazirliyinin verdiyi b\u0259yanatda qeyd olunur ki, Da\u011fl\u0131q Qaraba\u011f Az\u0259rbaycan\u0131n beyn\u0259lxalq s\u0259viyy\u0259d\u0259 tan\u0131nm\u0131\u015f s\u0259rh\u0259dl\u0259ri daxilind\u0259 yerl\u0259\u015fir<\/p>\n\n\n\n<figure class=\"wp-block-image size-large is-resized\"><img loading=\"lazy\" decoding=\"async\" src=\"https:\/\/fedai.az\/wp-content\/uploads\/2021\/09\/GUQCJwgl.jpg\" alt=\"\" class=\"wp-image-49540\" width=\"925\" height=\"521\" srcset=\"https:\/\/fedai.az\/wp-content\/uploads\/2021\/09\/GUQCJwgl.jpg 680w, https:\/\/fedai.az\/wp-content\/uploads\/2021\/09\/GUQCJwgl-300x169.jpg 300w, https:\/\/fedai.az\/wp-content\/uploads\/2021\/09\/GUQCJwgl-150x84.jpg 150w\" sizes=\"auto, (max-width: 925px) 100vw, 925px\" \/><\/figure>\n\n\n\n<p><strong>Beyn\u0259lxalq t\u0259\u015fkilatlar\u0131n m\u00fcnasib\u0259ti&nbsp;<\/strong><\/p>\n\n\n\n<p><strong>Avropa \u0130ttifaq\u0131<\/strong>&nbsp;&#8212; Avropa \u0130ttifaq\u0131 Da\u011fl\u0131q Qaraba\u011f m\u00fcnaqi\u015f\u0259si t\u0259r\u0259fl\u0259rini d\u00f6y\u00fc\u015f \u0259m\u0259liyyatlar\u0131n\u0131 dayand\u0131rma\u011fa, g\u0259rginliyi azaltma\u011fa v\u0259 at\u0259\u015fk\u0259s\u0259 ciddi \u0259m\u0259l etm\u0259y\u0259 \u00e7a\u011f\u0131r\u0131b. H\u0259m\u00e7inin, Avropa \u0130ttifaq\u0131 Xarici \u0130\u015fl\u0259r v\u0259 T\u0259hl\u00fck\u0259sizlik Siyas\u0259ti \u00fczr\u0259 Ali n\u00fcmay\u0259nd\u0259si Cozef Borrellin b\u0259yanat\u0131nda AT\u018fT-in Minsk qrupu h\u0259ms\u0259drl\u0259rinin r\u0259hb\u0259rliyi alt\u0131nda Da\u011fl\u0131q Qaraba\u011f m\u00fcnaqi\u015f\u0259sinin h\u0259lli \u00fczr\u0259 he\u00e7 bir ilkin \u015f\u0259rt qoyulmadan dan\u0131\u015f\u0131qlara d\u0259rhal qay\u0131tma\u011f\u0131n z\u0259ruriliyi vur\u011fulanm\u0131\u015fd\u0131r. \u00dcmumiyy\u0259tl\u0259, Avropa qurumlar\u0131 m\u00fcnaqi\u015f\u0259y\u0259 m\u00fcnasib\u0259td\u0259 ikili standartlar n\u00fcmayi\u015f etdirmi\u015f, Az\u0259rbaycan\u0131n beyn\u0259lxalq h\u00fcquqda t\u0259sbit olunan \u0259razi b\u00fct\u00f6vl\u00fcy\u00fcn\u00fc b\u0259rpa etm\u0259k h\u00fcququnu real olaraq d\u0259st\u0259kl\u0259m\u0259mi\u015fdir.<\/p>\n\n\n\n<p><strong>BMT<\/strong>&nbsp;&#8212; Birl\u0259\u015fmi\u015f Mill\u0259tl\u0259r T\u0259\u015fkilat\u0131n\u0131n Ba\u015f katibi Antoniu Quterre\u015f &#171;h\u0259r iki t\u0259r\u0259f d\u0259rhal d\u00f6y\u00fc\u015fl\u0259ri dayand\u0131rmal\u0131, g\u0259rginliyi azaltmal\u0131 v\u0259 t\u0259xir\u0259 sal\u0131nmadan m\u0259nal\u0131 dan\u0131\u015f\u0131qlara qay\u0131tmal\u0131d\u0131r&#187; s\u00f6zl\u0259ri il\u0259 \u00e7\u0131x\u0131\u015f edib. T\u0259\u015fkilat 29 sentyabrda v\u0259ziyy\u0259tl\u0259 ba\u011fl\u0131 qapal\u0131 formada t\u0259cili m\u00fczakir\u0259 aparaca\u011f\u0131n\u0131 a\u00e7\u0131qlay\u0131b.&nbsp;<\/p>\n\n\n\n<p><strong>AT\u018fT<\/strong>&nbsp;&#8212; Avropada T\u0259hl\u00fck\u0259sizlik v\u0259 \u018fm\u0259kda\u015fl\u0131q T\u0259\u015fkilat\u0131 h\u0259r iki t\u0259r\u0259fi h\u0259rbi \u0259m\u0259liyyatlar\u0131 dayand\u0131rma\u011fa v\u0259 dan\u0131\u015f\u0131qlara qay\u0131tma\u011fa \u00e7a\u011f\u0131rd\u0131.&nbsp;<\/p>\n\n\n\n<p><strong>T\u00fcrk \u015euras\u0131<\/strong>&nbsp;&#8212; T\u00fcrk \u015euras\u0131n\u0131n Ba\u015f katibi Ba\u011fdad Amreyev Az\u0259rbaycan Respublikas\u0131n\u0131n i\u015f\u011fal olunmu\u015f \u0259razil\u0259rind\u0259ki h\u0259rbi qar\u015f\u0131durmadan d\u0259rin narahatl\u0131\u011f\u0131n\u0131 bildirdi. T\u00fcrk \u015euras\u0131, Az\u0259rbaycan\u0131n \u0259razi b\u00fct\u00f6vl\u00fcy\u00fcn\u0259 v\u0259 beyn\u0259lxalq s\u0259viyy\u0259d\u0259 tan\u0131nm\u0131\u015f s\u0259rh\u0259dl\u0259rinin toxunulmazl\u0131\u011f\u0131n\u0131 qoruma\u011fa \u00e7a\u011f\u0131rd\u0131 v\u0259 &nbsp;Erm\u0259nistan silahl\u0131 q\u00fcvv\u0259l\u0259rinin Az\u0259rbaycan\u0131n i\u015f\u011fal olunmu\u015f b\u00fct\u00fcn \u0259razil\u0259rind\u0259n d\u0259rhal, qeyd-\u015f\u0259rtsiz v\u0259 tam \u00e7\u0131xar\u0131lmas\u0131n\u0131 t\u0259l\u0259b etdi.<\/p>\n\n\n\n<p><strong>\u0130kinci Qaraba\u011f m\u00fcharib\u0259si v\u0259 Az\u0259rbaycan diasporu<\/strong>&nbsp;<\/p>\n\n\n\n<p>Oktyabr\u0131n 6-da T\u00fcrkiy\u0259nin \u0130stanbul v\u0259 Konya \u015f\u0259h\u0259rl\u0259rind\u0259 Az\u0259rbaycan d\u00f6vl\u0259tin\u0259 d\u0259st\u0259k m\u0259qs\u0259dil\u0259 mitinq ke\u00e7irilib. Oktyabr\u0131n 6-da Kanadan\u0131n Kalqari \u015f\u0259h\u0259rind\u0259 Az\u0259rbaycana d\u0259st\u0259k m\u0259qs\u0259dil\u0259 h\u0259mr\u0259ylik y\u00fcr\u00fc\u015f\u00fc ke\u00e7irib. &nbsp;<\/p>\n\n\n\n<p>Oktyabr\u0131n 8-d\u0259 &#171;Eski\u015fehirspor&#187; stadionunda ba\u015f tutan aksiyada Eski\u015fehir Az\u0259rbaycanl\u0131lar\u0131 D\u0259rn\u0259yi, Humanitar Yard\u0131m Fondu (\u0130HH) v\u0259 dig\u0259r qeyri-h\u00f6k\u00fcm\u0259t t\u0259\u015fkilatlar\u0131n\u0131n r\u0259hb\u0259rl\u0259ri v\u0259 \u00fczvl\u0259ri i\u015ftirak edibl\u0259r.<\/p>\n\n\n\n<p>Oktyabr\u0131n 11-d\u0259 G\u00fcrc\u00fcstan\u0131n Marneuli rayonunda m\u00fcst\u0259qil Az\u0259rbaycan d\u00f6vl\u0259tin\u0259 d\u0259st\u0259k m\u0259qs\u0259dil\u0259 izdihaml\u0131 mitinq ke\u00e7irilib.<\/p>\n\n\n\n<p>Oktyabr\u0131n 13-d\u0259 \u0130taliyan\u0131n Milan \u015f\u0259h\u0259rind\u0259 Erm\u0259nistan\u0131n i\u015f\u011fal\u00e7\u0131 siyas\u0259tin\u0259 etiraz v\u0259 m\u00fcst\u0259qil Az\u0259rbaycan d\u00f6vl\u0259tin\u0259 d\u0259st\u0259k m\u0259qs\u0259dil\u0259 aksiya ke\u00e7irilib.&nbsp;<\/p>\n\n\n\n<p>\u0130srailin Petax-T\u0131kva \u015f\u0259h\u0259rind\u0259ki Az\u0259rbaycan diasporu Erm\u0259nistan silahl\u0131 q\u00fcvv\u0259l\u0259rinin Az\u0259rbaycana qar\u015f\u0131 i\u015f\u011fal\u00e7\u0131, t\u0259cav\u00fczkar v\u0259 terror\u00e7u siyas\u0259tin\u0259 etiraz \u0259lam\u0259ti olaraq aksiya ke\u00e7irib.&nbsp;<\/p>\n\n\n\n<p>Oktyabr\u0131n 17-d\u0259 Almaniya Az\u0259rbaycanl\u0131lar\u0131 Alyans\u0131n\u0131n t\u0259\u015fkilat\u00e7\u0131l\u0131\u011f\u0131 il\u0259 Berlin \u015f\u0259h\u0259rind\u0259 Erm\u0259nistan silahl\u0131 q\u00fcvv\u0259l\u0259rinin G\u0259nc\u0259y\u0259 n\u00f6vb\u0259ti raket z\u0259rb\u0259l\u0259ri endirm\u0259si n\u0259tic\u0259sind\u0259 m\u00fclki \u015f\u0259xsl\u0259rin, azya\u015fl\u0131 u\u015faqlar\u0131n h\u0259lak olmas\u0131na, m\u00fclki obyektl\u0259r\u0259 ciddi ziyan d\u0259ym\u0259sin\u0259 etiraz olaraq 10 mind\u0259n \u00e7ox az\u0259rbaycanl\u0131n\u0131n i\u015ftirak\u0131 il\u0259 aksiya t\u0259\u015fkil edilib.<\/p>\n\n\n\n<p>Oktyabr\u0131n 18-d\u0259 Az\u0259rbaycan\u0131n M\u00fcst\u0259qillik g\u00fcn\u00fc m\u00fcnasib\u0259til\u0259 AB\u015e-da \u0130llinoys \u015ftat\u0131n\u0131n \u00c7ikaqo \u015f\u0259h\u0259rinin meriyas\u0131 qar\u015f\u0131s\u0131nda Az\u0259rbaycan himninin s\u0259dalar\u0131 alt\u0131nda Az\u0259rbaycan bayra\u011f\u0131 havaya qald\u0131r\u0131l\u0131b. Oktyabr\u0131n 18-d\u0259 Kanadan\u0131n Toronto \u015f\u0259h\u0259rind\u0259 Az\u0259rbaycan\u0131n \u0259razi b\u00fct\u00f6vl\u00fcy\u00fcn\u00fcn b\u0259rpa edilm\u0259si u\u011frunda Az\u0259rbaycan\u0131n m\u00fcbariz\u0259sini d\u0259st\u0259kl\u0259y\u0259n h\u0259mr\u0259ylik y\u00fcr\u00fc\u015f\u00fc ke\u00e7irib.&nbsp;<\/p>\n\n\n\n<p>Oktyabr\u0131n 21-d\u0259 Pol\u015fan\u0131n Vrotslav \u015f\u0259h\u0259rinin az\u0259rbaycanl\u0131 icmas\u0131n\u0131n t\u0259\u015f\u0259bb\u00fcs\u00fc il\u0259 Vrotslav \u015f\u0259h\u0259rinin b\u0259l\u0259diyy\u0259 binas\u0131n\u0131n qar\u015f\u0131s\u0131nda icaz\u0259li etiraz aksiyas\u0131 ke\u00e7irilib.&nbsp;<\/p>\n\n\n\n<p>Oktyabr\u0131n 26-da AB\u015e-\u0131n Mayami, Minneapolis, San-Fransisko v\u0259 Solt-Leyk-Siti \u015f\u0259h\u0259rl\u0259rind\u0259 etiraz aksiyas\u0131 ke\u00e7irilib.&nbsp;<\/p>\n\n\n\n<p>Oktyabr\u0131n 26-da \u0130sve\u00e7 Az\u0259rbaycanl\u0131lar\u0131 Birliyinin t\u0259\u015fkilat\u00e7\u0131l\u0131\u011f\u0131 il\u0259 Erm\u0259nistan\u0131n G\u0259nc\u0259 \u015f\u0259h\u0259rind\u0259 t\u00f6r\u0259tdiyi terror aktlar\u0131na etiraz \u0259lam\u0259ti olaraq Stokholm \u015f\u0259h\u0259rinin \u0259sas m\u0259rk\u0259zi &#171;T-Central&#187;dan (Ahleans) ba\u015flayaraq s\u0259ssiz y\u00fcr\u00fc\u015f ke\u00e7irilib.&nbsp;<\/p>\n\n\n\n<p>Oktyabr\u0131n 27-d\u0259 Londonda ya\u015fayan az\u0259rbaycanl\u0131lar B\u00f6y\u00fck Britaniyan\u0131n ba\u015f naziri Boris Consonun ofisinin qar\u015f\u0131s\u0131nda icaz\u0259li aksiya ke\u00e7irib.&nbsp;<\/p>\n\n\n\n<figure class=\"wp-block-image size-large\"><img loading=\"lazy\" decoding=\"async\" width=\"800\" height=\"450\" src=\"https:\/\/fedai.az\/wp-content\/uploads\/2021\/09\/xankendi-2.png\" alt=\"\" class=\"wp-image-49539\" srcset=\"https:\/\/fedai.az\/wp-content\/uploads\/2021\/09\/xankendi-2.png 800w, https:\/\/fedai.az\/wp-content\/uploads\/2021\/09\/xankendi-2-300x169.png 300w, https:\/\/fedai.az\/wp-content\/uploads\/2021\/09\/xankendi-2-150x84.png 150w, https:\/\/fedai.az\/wp-content\/uploads\/2021\/09\/xankendi-2-768x432.png 768w\" sizes=\"auto, (max-width: 800px) 100vw, 800px\" \/><\/figure>\n\n\n\n<p>Oktyabr\u0131n 29-da AB\u015e-\u0131n Texas \u015ftat\u0131n\u0131n Hyuston \u015f\u0259h\u0259rind\u0259 ya\u015fayan az\u0259rbaycanl\u0131lar Erm\u0259nistan ordusunun Az\u0259rbaycan\u0131n B\u0259rd\u0259 v\u0259 G\u0259nc\u0259 \u015f\u0259h\u0259rl\u0259rind\u0259, el\u0259c\u0259 d\u0259 dig\u0259r ya\u015fay\u0131\u015f m\u0259nt\u0259q\u0259l\u0259rind\u0259 t\u00f6r\u0259tdikl\u0259ri terror aktlar\u0131n\u0131 d\u00fcnya ictimaiyy\u0259tin\u0259 \u00e7atd\u0131rmaq m\u0259qs\u0259di il\u0259 Hyuston \u015f\u0259h\u0259r meriyas\u0131n\u0131n binas\u0131 qar\u015f\u0131s\u0131nda icaz\u0259li aksiya ke\u00e7irib.&nbsp;<\/p>\n\n\n\n<p>Oktyabr\u0131n 30-da \u0130taliyada ya\u015fayan v\u0259 t\u0259hsil alan az\u0259rbaycanl\u0131lar, el\u0259c\u0259 d\u0259 t\u00fcrk icmas\u0131n\u0131n n\u00fcmay\u0259nd\u0259l\u0259ri Venesiya \u015f\u0259h\u0259rind\u0259 G\u0259nc\u0259 v\u0259 B\u0259rd\u0259d\u0259 Erm\u0259nistan ordusunun terror aktlar\u0131 t\u00f6r\u0259tm\u0259sini, m\u00fclki \u015f\u0259xsl\u0259rin, o c\u00fcml\u0259d\u0259n azya\u015fl\u0131 u\u015faqlar\u0131n v\u0259 qad\u0131nlar\u0131n q\u0259tl\u0259 yetirilm\u0259sini ya\u015fad\u0131qlar\u0131 c\u0259miyy\u0259t\u0259 \u00e7atd\u0131rmaq \u00fc\u00e7\u00fcn aksiya ke\u00e7iribl\u0259r.&nbsp;<\/p>\n\n\n\n<p><strong>\u0130kinci Qaraba\u011f m\u00fcharib\u0259si v\u0259 erm\u0259ni diasporu<\/strong>&nbsp;<\/p>\n\n\n\n<p>\u0130kinci Qaraba\u011f m\u00fcharib\u0259si zaman\u0131 erm\u0259ni diasporu g\u00f6zl\u0259nildiyi kimi f\u0259al olmad\u0131. Ayr\u0131-ayr\u0131 \u00f6lk\u0259l\u0259rd\u0259 ya\u015fayan erm\u0259ni diaspo n\u00fcmay\u0259nd\u0259l\u0259ri \u00f6z aqresiv h\u0259r\u0259k\u0259tl\u0259ri il\u0259 yadda qald\u0131lar.&nbsp;<\/p>\n\n\n\n<p>Oktyabr\u0131n 11-d\u0259 AB\u015e-\u0131n Va\u015finqton, San-Fransisko, Nyu-York, Boston v\u0259 dig\u0259r yerl\u0259rind\u0259 daha ki\u00e7ik etirazlarla birlikd\u0259, Los-Anceles \u015f\u0259h\u0259rinin erm\u0259ni icmas\u0131 T\u00fcrkiy\u0259 konsullu\u011funun \u00f6n\u00fcnd\u0259 100.000 n\u0259f\u0259rlik etiraz y\u00fcr\u00fc\u015f\u00fc ke\u00e7irib.&nbsp;<\/p>\n\n\n\n<p>Oktyabr\u0131n 28-d\u0259 Fransan\u0131n c\u0259nub q\u0259rbind\u0259 yerl\u0259\u015f\u0259n \u0130sere \u015f\u0259h\u0259rind\u0259 erm\u0259nil\u0259r yolu ba\u011flayaraq n\u0259qliyyat\u0131n h\u0259r\u0259k\u0259tini dayand\u0131r\u0131blar. Lion v\u0259 Marsel \u015f\u0259h\u0259rl\u0259rin\u0259 ged\u0259n yolda t\u0131xac yaran\u0131b. T\u0131xacda qalanlarla aksiya i\u015ftirak\u00e7\u0131lar\u0131 aras\u0131nda qar\u015f\u0131durma yaran\u0131b. Bununla kifay\u0259tl\u0259nm\u0259y\u0259n 300\u2013400 n\u0259f\u0259r erm\u0259ni aksiya\u00e7\u0131lar\u0131 i\u015f\u0259 ged\u0259n t\u00fcrkl\u0259r\u0259 h\u00fccum edib onlar\u0131 yaralad\u0131lar. &nbsp;<\/p>\n\n\n\n<p><strong>\u0130dman sah\u0259sind\u0259 al\u0131nan q\u0259rarlar<\/strong><\/p>\n\n\n\n<p>UEFA-n\u0131n \u0130craiyy\u0259 Komit\u0259si Az\u0259rbaycan v\u0259 Erm\u0259nistanda UEFA bayra\u011f\u0131 alt\u0131nda oyunlar\u0131n ke\u00e7irilm\u0259sin\u0259 qada\u011fa qoydu. Qurum Da\u011fl\u0131q Qaraba\u011fda yaranm\u0131\u015f v\u0259ziyy\u0259tl\u0259 \u0259laq\u0259dar bu add\u0131m\u0131 at\u0131b. H\u0259r iki \u00f6lk\u0259 t\u0259msil\u00e7il\u0259rinin qeyri-m\u00fc\u0259yy\u0259n m\u00fcdd\u0259t\u0259 q\u0259d\u0259r evd\u0259 oynamamas\u0131 q\u0259rara al\u0131b. V\u0259ziyy\u0259t\u0259 n\u0259zar\u0259t ed\u0259n UEFA-n\u0131n bu q\u0259rar\u0131 Avro 2020-nin g\u0259l\u0259n ilin yay\u0131nda ba\u015f tutacaq final m\u0259rh\u0259l\u0259si oyunlar\u0131n\u0131n Bak\u0131da ke\u00e7irilm\u0259sinin planla\u015fd\u0131r\u0131lmas\u0131na t\u0259sir etmir.<\/p>\n\n\n\n<p><strong>Erm\u0259ni fa\u015fizminin m\u0259\u011flubiyy\u0259ti v\u0259 b\u00f6lg\u0259d\u0259 yeni reall\u0131qlar<\/strong><\/p>\n\n\n\n<p>Ke\u00e7mi\u015f m\u00fcharib\u0259l\u0259rd\u0259 \u201cYand\u0131r\u0131lm\u0131\u015f torpaq\u201d adland\u0131r\u0131lan bir taktika vard\u0131. \u0130\u015f\u011fal\u00e7\u0131 ordu geri \u00e7\u0259kilm\u0259k zorunda qalanda h\u0259r \u015feyi da\u011f\u0131d\u0131r, yaxud talay\u0131b apar\u0131r, apara bilm\u0259diyin\u0259 od vurub yand\u0131r\u0131rd\u0131. Bu, h\u0259m d\u0259 ona g\u00f6r\u0259 edilirdi ki, yerli \u0259hali, torpa\u011f\u0131n \u0259sl sahibi bir daha o yerl\u0259rd\u0259 m\u0259skunla\u015fa bilm\u0259sin. 1977-ci ild\u0259 Cenevr\u0259 Konvensiyas\u0131n\u0131n bir n\u00f6mr\u0259li Protokolunun 54-c\u00fc madd\u0259si il\u0259 &#171;Yand\u0131r\u0131lm\u0131\u015f torpaq&#187; taktikas\u0131 qada\u011fan olunub v\u0259 bel\u0259 \u0259m\u0259ll\u0259r m\u00fcharib\u0259 cinay\u0259ti say\u0131l\u0131r. Erm\u0259nil\u0259r XXI \u0259srd\u0259 sivil d\u00fcnyan\u0131n g\u00f6z\u00fc qar\u015f\u0131s\u0131nda ibtidai icma d\u00f6vr\u00fcn\u0259 xas olan bu taktikan\u0131 i\u015fl\u0259dirl\u0259r. Prezidentimizin dediyi kimi, el\u0259 bil bu yerl\u0259rd\u0259n v\u0259h\u015fi q\u0259bil\u0259 ke\u00e7ib. \u0130\u015f\u011faldan azad edilmi\u015f \u015f\u0259h\u0259r v\u0259 k\u0259ndl\u0259rimizin videog\u00f6r\u00fcnt\u00fcl\u0259ri \u00fcr\u0259k a\u011fr\u0131d\u0131r. V\u0259h\u015fi d\u00fc\u015fm\u0259n da\u015f \u00fcst\u0259 da\u015f qoymay\u0131b, h\u0259r yeri xarabazara \u00e7evirib. A\u011faclar k\u0259silib, me\u015f\u0259l\u0259r q\u0131r\u0131l\u0131b v\u0259 yand\u0131r\u0131l\u0131b, torpaqlar yarars\u0131z hala sal\u0131n\u0131b. F\u00fczuli, C\u0259bray\u0131l, Z\u0259ngilan, Qubadl\u0131 s\u0259hran\u0131 xat\u0131rlad\u0131r. A\u011fdam sanki ruhlar \u015f\u0259h\u0259ridir, atom bombas\u0131 he\u00e7 Xirosiman\u0131 da bel\u0259 da\u011f\u0131tmam\u0131\u015fd\u0131. Erm\u0259nistan\u0131n m\u00fcharib\u0259 cinay\u0259tl\u0259ri bununla da bitmir. G\u0259nc\u0259y\u0259 iki d\u0259f\u0259 ballistik raket at\u0131ld\u0131, B\u0259rd\u0259 kasetli m\u0259rmil\u0259rl\u0259 at\u0259\u015f\u0259 tutuldu. T\u0259rt\u0259r\u0259, A\u011fdama, Goranboya at\u0131lan m\u0259rmil\u0259rin say\u0131-hesab\u0131 bilinmir. Y\u00fcz\u0259d\u0259k m\u00fclki \u015f\u0259xs \u2013 u\u015faqlar, qad\u0131nlar, qocalar erm\u0259ni fa\u015fizminin qurban\u0131 oldu, minl\u0259rl\u0259 ev, ya\u015fay\u0131\u015f binas\u0131, infrastruktur obyekti da\u011f\u0131d\u0131ld\u0131.<\/p>\n\n\n\n<figure class=\"wp-block-image size-large is-resized\"><img loading=\"lazy\" decoding=\"async\" src=\"https:\/\/fedai.az\/wp-content\/uploads\/2021\/09\/n87-2.jpg\" alt=\"\" class=\"wp-image-49538\" width=\"925\" height=\"630\" srcset=\"https:\/\/fedai.az\/wp-content\/uploads\/2021\/09\/n87-2.jpg 670w, https:\/\/fedai.az\/wp-content\/uploads\/2021\/09\/n87-2-300x204.jpg 300w, https:\/\/fedai.az\/wp-content\/uploads\/2021\/09\/n87-2-150x102.jpg 150w\" sizes=\"auto, (max-width: 925px) 100vw, 925px\" \/><\/figure>\n\n\n\n<p>Onlar\u0131n fa\u015fist simas\u0131n\u0131 b\u00fct\u00fcn d\u00fcnyan\u0131n g\u00f6rm\u0259si vacibdir. Qoy, ham\u0131 g\u00f6rs\u00fcn v\u0259 bilsin ki, biz hans\u0131 v\u0259h\u015fi d\u00fc\u015fm\u0259nl\u0259 \u00fcz-\u00fcz\u0259yik. Ham\u0131 bilsin ki, biz t\u0259kc\u0259 i\u015f\u011fal\u00e7\u0131 ordunu deyil, b\u0259\u015f\u0259riyy\u0259t \u00fc\u00e7\u00fcn t\u0259hl\u00fck\u0259 m\u0259nb\u0259yi olan erm\u0259ni fa\u015fizmini m\u0259hv etmi\u015fik. Prezidentin tap\u015f\u0131r\u0131\u011f\u0131 il\u0259 Az\u0259rbaycandak\u0131 diplomatik korpusun n\u00fcmay\u0259nd\u0259l\u0259rinin i\u015f\u011faldan azad edilmi\u015f rayonlara s\u0259f\u0259rl\u0259ri t\u0259\u015fkil olunur, onlar erm\u0259ni v\u0259h\u015filiyini \u00f6z g\u00f6zl\u0259ri il\u0259 g\u00f6r\u00fcrl\u0259r. T\u00f6r\u0259dil\u0259n d\u0259h\u015f\u0259tli da\u011f\u0131nt\u0131lar bir-bir qeyd\u0259 al\u0131nacaq, s\u0259n\u0259dl\u0259\u015fdiril\u0259r\u0259k beyn\u0259lxalq m\u0259hk\u0259m\u0259y\u0259 veril\u0259c\u0259k. Erm\u0259ni fa\u015fistl\u0259ri y\u0259qin ki, bu d\u0259f\u0259 \u0259dal\u0259t divan\u0131ndan yay\u0131na bilm\u0259y\u0259c\u0259kl\u0259r.<\/p>\n\n\n\n<p>D\u00fc\u015fm\u0259n g\u00fcman edirdi ki, bu da\u011f\u0131nt\u0131lardan sonra az\u0259rbaycanl\u0131lar bir d\u0259 o yerl\u0259r\u0259 qay\u0131tmayacaq. S\u0259hv etdil\u0259r. Az\u0259rbaycan xalq\u0131 30 ildir do\u011fma torpaqlar\u0131na qovu\u015fmaq arzusu il\u0259 ya\u015fay\u0131r, Qaraba\u011fla n\u0259f\u0259s al\u0131rd\u0131. Prezidentimiz i\u015f\u011faldan azad olunmu\u015f F\u00fczuli v\u0259 A\u011fdam \u015f\u0259h\u0259rl\u0259rin\u0259 s\u0259f\u0259r ed\u0259rk\u0259n Qaraba\u011fla ba\u011fl\u0131 g\u0259l\u0259c\u0259k planlar\u0131n\u0131 a\u00e7\u0131qlad\u0131. B\u0259yan etdi ki, b\u00fct\u00fcn \u015f\u0259h\u0259r v\u0259 k\u0259ndl\u0259r ba\u015f plan \u0259sas\u0131nda b\u0259rpa olunacaq. V\u0259t\u0259nda\u015flar\u0131n do\u011fma yurda qay\u0131tmas\u0131 \u00fc\u00e7\u00fcn d\u00f6vl\u0259t t\u0259r\u0259find\u0259n laz\u0131mi k\u00f6m\u0259k g\u00f6st\u0259ril\u0259c\u0259k. Art\u0131q F\u00fczulid\u0259n \u015eu\u015faya yeni yolun \u00e7\u0259kili\u015fin\u0259, Suqovu\u015fan v\u0259 Tal\u0131\u015f k\u0259ndl\u0259rin\u0259 ged\u0259n tarixi yollar\u0131n b\u0259rpas\u0131na ba\u015flan\u0131b. \u0130kinci Qaraba\u011f m\u00fcharib\u0259si b\u00f6lg\u0259d\u0259 yeni reall\u0131q yarad\u0131b. Zaman-zaman ba\u015f\u0131 \u00fcst\u00fcnd\u0259n tufanlar \u0259smi\u015f g\u00f6z\u0259l Qaraba\u011f\u0131m\u0131z b\u00f6y\u00fck \u00fcmidl\u0259 g\u0259l\u0259c\u0259y\u0259 boylan\u0131r. \u015eu\u015fa, A\u011fdam m\u0259scidind\u0259 27 ild\u0259n sonra yen\u0259 azan s\u0259si e\u015fidilir, \u201cQaraba\u011f \u015fik\u0259st\u0259si\u201d Qaraba\u011f torpa\u011f\u0131nda s\u0259sl\u0259nir. O yerl\u0259r\u0259 30 ild\u0259n sonra h\u0259yat qay\u0131d\u0131r, o torpaqlar\u0131n yeni d\u00f6vran\u0131 ba\u015flay\u0131r&#8230;<\/p>\n\n\n\n<p>V\u0259t\u0259n m\u00fcharib\u0259sinin u\u011furlu sonlu\u011fu b\u00f6lg\u0259d\u0259 q\u00fcvv\u0259l\u0259r nisb\u0259tini d\u0259yi\u015fdi, yeni reall\u0131q yaratd\u0131. \u0130ndi biz t\u0259k deyilik. Qarda\u015f T\u00fcrkiy\u0259 art\u0131q yan\u0131m\u0131zda, siyasi masadad\u0131r. Qaraba\u011fda at\u0259\u015fk\u0259s\u0259 t\u00fcrk \u0259sg\u0259ri d\u0259 n\u0259zar\u0259t ed\u0259c\u0259k. Ankaradan \u0259n y\u00fcks\u0259k s\u0259viyy\u0259d\u0259 mesajlar g\u0259lm\u0259kd\u0259 davam edir: biz Az\u0259rbaycan\u0131n yan\u0131nda olma\u011fa davam ed\u0259c\u0259yik. Bu siyasi-m\u0259n\u0259vi d\u0259st\u0259k g\u00fcc\u00fcm\u00fcz\u0259 g\u00fcc qat\u0131r, Erm\u0259nistan\u0131n havadarlar\u0131n\u0131 m\u00fcdaxil\u0259d\u0259n \u00e7\u0259kindirir. Az\u0259rbaycan v\u0259 T\u00fcrkiy\u0259 prezidentl\u0259rinin bir-birin\u0259 qarda\u015f dey\u0259 m\u00fcraci\u0259t etm\u0259si, ay-ulduzlu bayraqlar\u0131m\u0131z\u0131n yana\u015f\u0131 dal\u011falanmas\u0131 dostlar\u0131m\u0131z \u00fc\u00e7\u00fcn f\u0259xar\u0259t, b\u0259dxahlar\u0131m\u0131za g\u00f6z da\u011f\u0131d\u0131r. Bu g\u00fcn 30 il davam ed\u0259n status-kvo da yoxdur. Status m\u0259s\u0259l\u0259si g\u00fcnd\u0259likd\u0259n \u00e7\u0131x\u0131b. \u018fv\u0259zind\u0259 Qaraba\u011f\u0131n da\u011f\u0131lm\u0131\u015f \u015f\u0259h\u0259r v\u0259 k\u0259ndl\u0259rinin b\u0259rpas\u0131 planlar\u0131n\u0131n icras\u0131 ba\u015flay\u0131b.<\/p>\n\n\n\n<p>D\u00fcnyadak\u0131 \u00e7oxsayl\u0131 m\u00fcnaqi\u015f\u0259l\u0259rin v\u0259 m\u00fcharib\u0259l\u0259rin gedi\u015fin\u0259 n\u0259z\u0259r salsaq g\u00f6r\u0259rik ki, son n\u00f6qt\u0259ni g\u00fccl\u00fc t\u0259r\u0259f qoyur. Az\u0259rbaycan xalq\u0131n\u0131n Qaraba\u011f u\u011frunda 44 g\u00fcnl\u00fck V\u0259t\u0259n m\u00fcharib\u0259si buna \u0259n yeni n\u00fcmun\u0259dir. \u00d6t\u0259n 17 ild\u0259 g\u00fcc toplad\u0131q, d\u00fc\u015fm\u0259nin ba\u015f\u0131n\u0131 d\u0259mir yumruqla vurub \u0259zdik. Otuz il davam ed\u0259n i\u015f\u011fala, \u0259dal\u0259tsizliy\u0259 44 g\u00fcnd\u0259 son qoyuldu.<\/p>\n\n\n\n<p>M\u0259nb\u0259: virtualkarabakh.az<\/p>\n","protected":false},"excerpt":{"rendered":"<p>V\u0259t\u0259n m\u00fcharib\u0259si v\u0259 ya &#171;D\u0259mir Yumruq&#187; \u0259m\u0259liyyat\u0131 27 sentyabr 2020-ci il s\u0259h\u0259r saatlar\u0131nda Erm\u0259nistan Silahl\u0131 Q\u00fcvv\u0259l\u0259rinin geni\u015fmiqyasl\u0131 t\u0259xribat t\u00f6r\u0259d\u0259r\u0259k c\u0259bh\u0259boyu zonada yerl\u0259\u015f\u0259n Az\u0259rbaycan ordusunun<\/p>\n","protected":false},"author":2,"featured_media":49543,"comment_status":"closed","ping_status":"closed","sticky":false,"template":"","format":"standard","meta":{"footnotes":""},"categories":[4],"tags":[],"class_list":["post-49532","post","type-post","status-publish","format-standard","has-post-thumbnail","hentry","category-qarabag"],"aioseo_notices":[],"_links":{"self":[{"href":"https:\/\/fedai.az\/index.php?rest_route=\/wp\/v2\/posts\/49532","targetHints":{"allow":["GET"]}}],"collection":[{"href":"https:\/\/fedai.az\/index.php?rest_route=\/wp\/v2\/posts"}],"about":[{"href":"https:\/\/fedai.az\/index.php?rest_route=\/wp\/v2\/types\/post"}],"author":[{"embeddable":true,"href":"https:\/\/fedai.az\/index.php?rest_route=\/wp\/v2\/users\/2"}],"replies":[{"embeddable":true,"href":"https:\/\/fedai.az\/index.php?rest_route=%2Fwp%2Fv2%2Fcomments&post=49532"}],"version-history":[{"count":1,"href":"https:\/\/fedai.az\/index.php?rest_route=\/wp\/v2\/posts\/49532\/revisions"}],"predecessor-version":[{"id":49545,"href":"https:\/\/fedai.az\/index.php?rest_route=\/wp\/v2\/posts\/49532\/revisions\/49545"}],"wp:featuredmedia":[{"embeddable":true,"href":"https:\/\/fedai.az\/index.php?rest_route=\/wp\/v2\/media\/49543"}],"wp:attachment":[{"href":"https:\/\/fedai.az\/index.php?rest_route=%2Fwp%2Fv2%2Fmedia&parent=49532"}],"wp:term":[{"taxonomy":"category","embeddable":true,"href":"https:\/\/fedai.az\/index.php?rest_route=%2Fwp%2Fv2%2Fcategories&post=49532"},{"taxonomy":"post_tag","embeddable":true,"href":"https:\/\/fedai.az\/index.php?rest_route=%2Fwp%2Fv2%2Ftags&post=49532"}],"curies":[{"name":"wp","href":"https:\/\/api.w.org\/{rel}","templated":true}]}}