{"id":49546,"date":"2021-09-27T04:01:59","date_gmt":"2021-09-27T00:01:59","guid":{"rendered":"https:\/\/fedai.az\/?p=49546"},"modified":"2021-09-27T04:02:02","modified_gmt":"2021-09-27T00:02:02","slug":"peskov-putin-v%c9%99-erdogan-arasinda-etibarli-munasib%c9%99tl%c9%99r-movcuddur","status":"publish","type":"post","link":"https:\/\/fedai.az\/?p=49546","title":{"rendered":"Peskov: &#171;Putin v\u0259 Erdo\u011fan aras\u0131nda etibarl\u0131 m\u00fcnasib\u0259tl\u0259r m\u00f6vcuddur&#187;"},"content":{"rendered":"\n<p><strong>Rusiya v\u0259 T\u00fcrkiy\u0259 prezidentl\u0259ri Vladimir Putin v\u0259 Recep Tayyib Erdo\u011fan aras\u0131nda ciddi dan\u0131\u015f\u0131qlar\u0131n apar\u0131lmas\u0131na imkan ver\u0259n kifay\u0259t q\u0259d\u0259r etibarl\u0131 i\u015fg\u00fczar m\u00fcnasib\u0259tl\u0259r m\u00f6vcuddur, Rusiya Prezidentinin m\u0259tbuat katibi Dmitri Peskov bildirib.<\/strong><\/p>\n\n\n\n<p>&#171;Bizim \u00f6lk\u0259l\u0259rimizin prezidentl\u0259ri aras\u0131nda h\u0259qiq\u0259t\u0259n d\u0259 son d\u0259r\u0259c\u0259 etibarl\u0131, i\u015f\u00e7i, olduqca yax\u015f\u0131 v\u0259 ciddi dan\u0131\u015f\u0131qlar\u0131n apar\u0131lmas\u0131na imkan ver\u0259n m\u00fcnasib\u0259tl\u0259r m\u00f6vcuddur&#187;, &#8212; Peskov bazar g\u00fcn\u00fc &#171;Rossiya 1&#187; telekanal\u0131n\u0131n &#171;Moskva.Kreml.Putin&#187; proqram\u0131n\u0131n efirind\u0259 bildirib.<\/p>\n\n\n\n<p>G\u00f6zl\u0259nildiryin\u0259 g\u00f6r\u0259, T\u00fcrkiy\u0259 Prezidenti Recep Tayyib Erdo\u011fan sentyabr\u0131n 29-da Rusiyaya s\u0259f\u0259r ed\u0259r\u0259k So\u00e7id\u0259 Rusiya Prezidenti Vladimir Putinl\u0259 g\u00f6r\u00fc\u015f\u0259c\u0259k.<\/p>\n\n\n\n<p>M\u0259nb\u0259: BBC<\/p>\n","protected":false},"excerpt":{"rendered":"<p>Rusiya v\u0259 T\u00fcrkiy\u0259 prezidentl\u0259ri Vladimir Putin v\u0259 Recep Tayyib Erdo\u011fan aras\u0131nda ciddi dan\u0131\u015f\u0131qlar\u0131n apar\u0131lmas\u0131na imkan ver\u0259n kifay\u0259t q\u0259d\u0259r etibarl\u0131 i\u015fg\u00fczar m\u00fcnasib\u0259tl\u0259r m\u00f6vcuddur, Rusiya Prezidentinin<\/p>\n","protected":false},"author":2,"featured_media":49547,"comment_status":"closed","ping_status":"closed","sticky":false,"template":"","format":"standard","meta":{"footnotes":""},"categories":[1],"tags":[],"class_list":["post-49546","post","type-post","status-publish","format-standard","has-post-thumbnail","hentry","category-siyast"],"aioseo_notices":[],"_links":{"self":[{"href":"https:\/\/fedai.az\/index.php?rest_route=\/wp\/v2\/posts\/49546","targetHints":{"allow":["GET"]}}],"collection":[{"href":"https:\/\/fedai.az\/index.php?rest_route=\/wp\/v2\/posts"}],"about":[{"href":"https:\/\/fedai.az\/index.php?rest_route=\/wp\/v2\/types\/post"}],"author":[{"embeddable":true,"href":"https:\/\/fedai.az\/index.php?rest_route=\/wp\/v2\/users\/2"}],"replies":[{"embeddable":true,"href":"https:\/\/fedai.az\/index.php?rest_route=%2Fwp%2Fv2%2Fcomments&post=49546"}],"version-history":[{"count":1,"href":"https:\/\/fedai.az\/index.php?rest_route=\/wp\/v2\/posts\/49546\/revisions"}],"predecessor-version":[{"id":49548,"href":"https:\/\/fedai.az\/index.php?rest_route=\/wp\/v2\/posts\/49546\/revisions\/49548"}],"wp:featuredmedia":[{"embeddable":true,"href":"https:\/\/fedai.az\/index.php?rest_route=\/wp\/v2\/media\/49547"}],"wp:attachment":[{"href":"https:\/\/fedai.az\/index.php?rest_route=%2Fwp%2Fv2%2Fmedia&parent=49546"}],"wp:term":[{"taxonomy":"category","embeddable":true,"href":"https:\/\/fedai.az\/index.php?rest_route=%2Fwp%2Fv2%2Fcategories&post=49546"},{"taxonomy":"post_tag","embeddable":true,"href":"https:\/\/fedai.az\/index.php?rest_route=%2Fwp%2Fv2%2Ftags&post=49546"}],"curies":[{"name":"wp","href":"https:\/\/api.w.org\/{rel}","templated":true}]}}