{"id":49552,"date":"2021-09-27T09:51:04","date_gmt":"2021-09-27T05:51:04","guid":{"rendered":"https:\/\/fedai.az\/?p=49552"},"modified":"2021-09-27T09:51:07","modified_gmt":"2021-09-27T05:51:07","slug":"mehriban-%c9%99liyevadan-anim-gunu-il%c9%99-bagli-paylasim","status":"publish","type":"post","link":"https:\/\/fedai.az\/?p=49552","title":{"rendered":"Mehriban \u018fliyevadan An\u0131m G\u00fcn\u00fc il\u0259 ba\u011fl\u0131 payla\u015f\u0131m"},"content":{"rendered":"\n<p><strong>Az\u0259rbaycan\u0131n Birinci vitse-prezidenti Mehriban \u018fliyeva 27 sentyabr &#8212; An\u0131m G\u00fcn\u00fc il\u0259 \u0259laq\u0259dar r\u0259smi &#171;\u0130nstagram&#187; hesab\u0131nda payla\u015f\u0131m edib.<\/strong><\/p>\n\n\n\n<p>Payla\u015f\u0131mda deyilir:<\/p>\n\n\n\n<p>&#171;\u018fziz bac\u0131lar v\u0259 qarda\u015flar!<\/p>\n\n\n\n<p>Bu g\u00fcn biz V\u0259t\u0259n m\u00fcharib\u0259si \u015f\u0259hidl\u0259rinin xatir\u0259sini yad edirik. \u015eanl\u0131 Z\u0259f\u0259r namin\u0259 h\u0259yatlar\u0131n\u0131 qurban vermi\u015f q\u0259hr\u0259manlar\u0131m\u0131z\u0131 an\u0131r\u0131q. Onlar \u0259sl v\u0259t\u0259np\u0259rv\u0259rlik v\u0259 V\u0259t\u0259n\u0259 s\u0259daq\u0259t n\u00fcmun\u0259si n\u00fcmayi\u015f etdir\u0259r\u0259k \u00f6z qorxmazl\u0131\u011f\u0131, c\u0259sar\u0259ti, m\u00f6hk\u0259m irad\u0259si v\u0259 ruh y\u00fcks\u0259kliyi say\u0259sind\u0259 i\u015f\u011fal\u00e7\u0131n\u0131 darmada\u011f\u0131n edib, \u00f6lk\u0259mizin \u0259razi b\u00fct\u00f6vl\u00fcy\u00fcn\u00fc b\u0259rpa edibl\u0259r. Adlar\u0131 \u0259b\u0259di olaraq Az\u0259rbaycan d\u00f6vl\u0259tinin tarixin\u0259 h\u0259kk olunmu\u015f bu c\u00fcr igid o\u011fullar b\u00f6y\u00fcd\u00fcb t\u0259rbiy\u0259 etmi\u015f valideynl\u0259r\u0259 t\u0259\u015f\u0259kk\u00fcr\u00fcm\u00fc bildirir, Uca Tanr\u0131dan onlara s\u0259bir dil\u0259yir\u0259m. M\u00fcharib\u0259 g\u00fcnl\u0259rind\u0259 h\u0259lak olmu\u015f g\u00fcnahs\u0131z v\u0259t\u0259nda\u015flar\u0131m\u0131z\u0131n xatir\u0259sini yad edirik. Allah b\u00fct\u00fcn \u015f\u0259hidl\u0259rimiz\u0259 r\u0259hm\u0259t el\u0259sin. Uca Tanr\u0131 h\u0259r zaman xalq\u0131m\u0131z\u0131 qorusun!&#187;.<\/p>\n\n\n\n<figure class=\"wp-block-image size-large is-resized\"><img loading=\"lazy\" decoding=\"async\" src=\"https:\/\/fedai.az\/wp-content\/uploads\/2021\/09\/xanimpost270921.jpg\" alt=\"\" class=\"wp-image-49553\" width=\"925\" height=\"925\" srcset=\"https:\/\/fedai.az\/wp-content\/uploads\/2021\/09\/xanimpost270921.jpg 600w, https:\/\/fedai.az\/wp-content\/uploads\/2021\/09\/xanimpost270921-300x300.jpg 300w, https:\/\/fedai.az\/wp-content\/uploads\/2021\/09\/xanimpost270921-150x150.jpg 150w, https:\/\/fedai.az\/wp-content\/uploads\/2021\/09\/xanimpost270921-215x215.jpg 215w\" sizes=\"auto, (max-width: 925px) 100vw, 925px\" \/><\/figure>\n","protected":false},"excerpt":{"rendered":"<p>Az\u0259rbaycan\u0131n Birinci vitse-prezidenti Mehriban \u018fliyeva 27 sentyabr &#8212; An\u0131m G\u00fcn\u00fc il\u0259 \u0259laq\u0259dar r\u0259smi &#171;\u0130nstagram&#187; hesab\u0131nda payla\u015f\u0131m edib. Payla\u015f\u0131mda deyilir: &#171;\u018fziz bac\u0131lar v\u0259 qarda\u015flar! Bu<\/p>\n","protected":false},"author":2,"featured_media":49554,"comment_status":"closed","ping_status":"closed","sticky":false,"template":"","format":"standard","meta":{"footnotes":""},"categories":[3],"tags":[],"class_list":["post-49552","post","type-post","status-publish","format-standard","has-post-thumbnail","hentry","category-gundm"],"aioseo_notices":[],"_links":{"self":[{"href":"https:\/\/fedai.az\/index.php?rest_route=\/wp\/v2\/posts\/49552","targetHints":{"allow":["GET"]}}],"collection":[{"href":"https:\/\/fedai.az\/index.php?rest_route=\/wp\/v2\/posts"}],"about":[{"href":"https:\/\/fedai.az\/index.php?rest_route=\/wp\/v2\/types\/post"}],"author":[{"embeddable":true,"href":"https:\/\/fedai.az\/index.php?rest_route=\/wp\/v2\/users\/2"}],"replies":[{"embeddable":true,"href":"https:\/\/fedai.az\/index.php?rest_route=%2Fwp%2Fv2%2Fcomments&post=49552"}],"version-history":[{"count":1,"href":"https:\/\/fedai.az\/index.php?rest_route=\/wp\/v2\/posts\/49552\/revisions"}],"predecessor-version":[{"id":49555,"href":"https:\/\/fedai.az\/index.php?rest_route=\/wp\/v2\/posts\/49552\/revisions\/49555"}],"wp:featuredmedia":[{"embeddable":true,"href":"https:\/\/fedai.az\/index.php?rest_route=\/wp\/v2\/media\/49554"}],"wp:attachment":[{"href":"https:\/\/fedai.az\/index.php?rest_route=%2Fwp%2Fv2%2Fmedia&parent=49552"}],"wp:term":[{"taxonomy":"category","embeddable":true,"href":"https:\/\/fedai.az\/index.php?rest_route=%2Fwp%2Fv2%2Fcategories&post=49552"},{"taxonomy":"post_tag","embeddable":true,"href":"https:\/\/fedai.az\/index.php?rest_route=%2Fwp%2Fv2%2Ftags&post=49552"}],"curies":[{"name":"wp","href":"https:\/\/api.w.org\/{rel}","templated":true}]}}