{"id":49558,"date":"2021-09-27T10:34:08","date_gmt":"2021-09-27T06:34:08","guid":{"rendered":"https:\/\/fedai.az\/?p=49558"},"modified":"2021-09-27T10:34:13","modified_gmt":"2021-09-27T06:34:13","slug":"ilham-%c9%99liyev-xalqa-muraci%c9%99t-etdi-video","status":"publish","type":"post","link":"https:\/\/fedai.az\/?p=49558","title":{"rendered":"\u0130lham \u018fliyev xalqa m\u00fcraci\u0259t etdi &#8212; Video"},"content":{"rendered":"\n<p><strong>D\u0259f\u0259l\u0259rl\u0259 demi\u015fdim ki, d\u00fc\u015fm\u0259n \u00f6z xo\u015fu il\u0259 torpaqlar\u0131m\u0131zdan \u00e7\u0131xmasa, biz onu qovaca\u011f\u0131q v\u0259 bel\u0259 d\u0259 oldu.<\/strong><\/p>\n\n\n\n<p>Bunu Az\u0259rbaycan Prezidenti \u0130lham \u018fliyev An\u0131m G\u00fcn\u00fc il\u0259 \u0259laq\u0259dar xalqa m\u00fcraci\u0259tind\u0259 deyir.<\/p>\n\n\n\n<p>D\u00f6vl\u0259t ba\u015f\u00e7\u0131s\u0131 bildirib ki, biz Birinci Qaraba\u011f m\u00fcharib\u0259sind\u0259ki m\u0259\u011flubiyy\u0259tl\u0259 bar\u0131\u015fmad\u0131q, biz d\u00fc\u015fm\u0259ni torpaqlar\u0131m\u0131zdan qovduq:<\/p>\n\n\n\n<p>\u201cBu g\u00fcn Az\u0259rbaycan xalq\u0131 m\u00fcz\u0259ff\u0259r xalq kimi ya\u015fay\u0131r, bu g\u00fcn Az\u0259rbaycan d\u00f6vl\u0259ti qalib d\u00f6vl\u0259t kimi ya\u015fay\u0131r. Biz daim m\u00fcz\u0259ff\u0259r xalq, qalib d\u00f6vl\u0259t kimi ya\u015fayaca\u011f\u0131q.<\/p>\n\n\n\n<p>M\u00fcharib\u0259 d\u00f6vr\u00fcnd\u0259 d\u0259f\u0259l\u0259rl\u0259 Az\u0259rbaycan xalq\u0131na m\u00fcraci\u0259t ed\u0259r\u0259k deyirdim ki, he\u00e7 n\u0259 v\u0259 he\u00e7 kim bizi dayand\u0131ra bilm\u0259z. Biz m\u00fcq\u0259dd\u0259s sava\u015fa \u00e7\u0131xm\u0131\u015fd\u0131q. M\u00fcharib\u0259 d\u00f6vr\u00fcnd\u0259 ham\u0131 bir \u015f\u00fcarla ya\u015fay\u0131rd\u0131: \u00f6ld\u00fc var, d\u00f6nd\u00fc yoxdur.<\/p>\n\n\n\n<p>Biz h\u0259r g\u00fcn q\u0259l\u0259b\u0259 qazan\u0131rd\u0131q, 44 g\u00fcn \u0259rzind\u0259 bir g\u00fcn d\u0259 olmay\u0131b ki, biz geri add\u0131m ataq. Baxmayaraq ki, 30 il \u0259rzind\u0259 5-6 x\u0259td\u0259n ibar\u0259t istehkam qurulmu\u015fdu. 44 g\u00fcnl\u00fck m\u00fcharib\u0259 zaman\u0131 Az\u0259rbaycan ordusunda bir d\u0259n\u0259 d\u0259 olsun f\u0259rarilik olmay\u0131b. Biz \u0259sg\u0259r, zabitl\u0259rimizl\u0259 f\u0259xr edirik, onlar\u0131n q\u0259hr\u0259manl\u0131qlar\u0131 unudulmayacaq\u201d.<\/p>\n\n\n\n<figure class=\"wp-block-embed is-type-video is-provider-youtube wp-block-embed-youtube wp-embed-aspect-16-9 wp-has-aspect-ratio\"><div class=\"wp-block-embed__wrapper\">\n<iframe loading=\"lazy\" title=\"Az\u0259rbaycan Prezidenti, Ali Ba\u015f Komandan \u0130lham \u018fliyev An\u0131m G\u00fcn\u00fc il\u0259 \u0259laq\u0259dar xalqa m\u00fcraci\u0259t edir\" width=\"715\" height=\"402\" src=\"https:\/\/www.youtube.com\/embed\/syomnoFFRNk?feature=oembed\" frameborder=\"0\" allow=\"accelerometer; autoplay; clipboard-write; encrypted-media; gyroscope; picture-in-picture\" allowfullscreen><\/iframe>\n<\/div><\/figure>\n","protected":false},"excerpt":{"rendered":"<p>D\u0259f\u0259l\u0259rl\u0259 demi\u015fdim ki, d\u00fc\u015fm\u0259n \u00f6z xo\u015fu il\u0259 torpaqlar\u0131m\u0131zdan \u00e7\u0131xmasa, biz onu qovaca\u011f\u0131q v\u0259 bel\u0259 d\u0259 oldu. Bunu Az\u0259rbaycan Prezidenti \u0130lham \u018fliyev An\u0131m G\u00fcn\u00fc il\u0259<\/p>\n","protected":false},"author":2,"featured_media":49559,"comment_status":"closed","ping_status":"closed","sticky":false,"template":"","format":"standard","meta":{"footnotes":""},"categories":[3],"tags":[],"class_list":["post-49558","post","type-post","status-publish","format-standard","has-post-thumbnail","hentry","category-gundm"],"aioseo_notices":[],"_links":{"self":[{"href":"https:\/\/fedai.az\/index.php?rest_route=\/wp\/v2\/posts\/49558","targetHints":{"allow":["GET"]}}],"collection":[{"href":"https:\/\/fedai.az\/index.php?rest_route=\/wp\/v2\/posts"}],"about":[{"href":"https:\/\/fedai.az\/index.php?rest_route=\/wp\/v2\/types\/post"}],"author":[{"embeddable":true,"href":"https:\/\/fedai.az\/index.php?rest_route=\/wp\/v2\/users\/2"}],"replies":[{"embeddable":true,"href":"https:\/\/fedai.az\/index.php?rest_route=%2Fwp%2Fv2%2Fcomments&post=49558"}],"version-history":[{"count":1,"href":"https:\/\/fedai.az\/index.php?rest_route=\/wp\/v2\/posts\/49558\/revisions"}],"predecessor-version":[{"id":49560,"href":"https:\/\/fedai.az\/index.php?rest_route=\/wp\/v2\/posts\/49558\/revisions\/49560"}],"wp:featuredmedia":[{"embeddable":true,"href":"https:\/\/fedai.az\/index.php?rest_route=\/wp\/v2\/media\/49559"}],"wp:attachment":[{"href":"https:\/\/fedai.az\/index.php?rest_route=%2Fwp%2Fv2%2Fmedia&parent=49558"}],"wp:term":[{"taxonomy":"category","embeddable":true,"href":"https:\/\/fedai.az\/index.php?rest_route=%2Fwp%2Fv2%2Fcategories&post=49558"},{"taxonomy":"post_tag","embeddable":true,"href":"https:\/\/fedai.az\/index.php?rest_route=%2Fwp%2Fv2%2Ftags&post=49558"}],"curies":[{"name":"wp","href":"https:\/\/api.w.org\/{rel}","templated":true}]}}