{"id":49562,"date":"2021-09-27T10:55:09","date_gmt":"2021-09-27T06:55:09","guid":{"rendered":"https:\/\/fedai.az\/?p=49562"},"modified":"2021-09-27T10:55:14","modified_gmt":"2021-09-27T06:55:14","slug":"almaniya-msk-seckil%c9%99rin-ilkin-n%c9%99tic%c9%99l%c9%99rini-aciqladi","status":"publish","type":"post","link":"https:\/\/fedai.az\/?p=49562","title":{"rendered":"Almaniya MSK se\u00e7kil\u0259rin ilkin n\u0259tic\u0259l\u0259rini a\u00e7\u0131qlad\u0131"},"content":{"rendered":"\n<p><strong>Almaniya M\u0259rk\u0259zi Se\u00e7ki Komissiyas\u0131n\u0131n ilkin m\u0259lumatlar\u0131na \u0259sas\u0259n, Almaniya Sosial Demokrat Partiyas\u0131 (SPD) 25.7% s\u0259s toplayaraq Bundestaqa se\u00e7kil\u0259rd\u0259 qalib g\u0259lib. Almaniya kansleri Angela Merkelin partiyas\u0131 &#8212; Xristian Demokratik v\u0259 Xristian Sosial Birlikl\u0259r (CDU \/ CSU bloku) &#8212; se\u00e7icil\u0259rin 24,1% -i t\u0259r\u0259find\u0259n b\u0259y\u0259nilib.<\/strong><\/p>\n\n\n\n<p>XX \u00e7a\u011f\u0131r\u0131\u015f Bundestaqda 735 mill\u0259t v\u0259kili olacaq:<\/p>\n\n\n\n<ul class=\"wp-block-list\"><li><strong>SPD (25.7% s\u0259s)<\/strong><\/li><li><strong>CDU \/ CSU (24,1%),<\/strong><\/li><li><strong>Ya\u015f\u0131llar (14,8%),<\/strong><\/li><li><strong>Azad Demokrat Partiyas\u0131 (11,5%),<\/strong><\/li><li><strong>&#171;Almaniya \u00fc\u00e7\u00fcn alternativ&#187; (10.3%),<\/strong><\/li><li><strong>Sol Partiya (4,9%).<\/strong><\/li><\/ul>\n\n\n\n<p>Almaniyada parlament se\u00e7kil\u0259ri d\u00fcn\u0259n, 26 sentyabrda ke\u00e7irildi. Anjela Merkel se\u00e7kil\u0259rd\u0259 i\u015ftirak etm\u0259yib. Olaf \u015eolts, SPD -d\u0259n CDU \/ CSU -dan Armin La\u015fet kansler v\u0259zif\u0259sin\u0259 can at\u0131r.<\/p>\n\n\n\n<p>Al\u0131nan ilkin m\u0259lumata g\u00f6r\u0259 Ya\u015f\u0131llar Armin La\u015fetl\u0259 koalisiyaya meyillidir.<\/p>\n\n\n\n<p><strong>Z\u0259k\u0259riyya R\u0259himov<\/strong>, <strong><em>Analitik<\/em><\/strong><\/p>\n","protected":false},"excerpt":{"rendered":"<p>Almaniya M\u0259rk\u0259zi Se\u00e7ki Komissiyas\u0131n\u0131n ilkin m\u0259lumatlar\u0131na \u0259sas\u0259n, Almaniya Sosial Demokrat Partiyas\u0131 (SPD) 25.7% s\u0259s toplayaraq Bundestaqa se\u00e7kil\u0259rd\u0259 qalib g\u0259lib. Almaniya kansleri Angela Merkelin partiyas\u0131<\/p>\n","protected":false},"author":2,"featured_media":49563,"comment_status":"closed","ping_status":"closed","sticky":false,"template":"","format":"standard","meta":{"footnotes":""},"categories":[1],"tags":[],"class_list":["post-49562","post","type-post","status-publish","format-standard","has-post-thumbnail","hentry","category-siyast"],"aioseo_notices":[],"_links":{"self":[{"href":"https:\/\/fedai.az\/index.php?rest_route=\/wp\/v2\/posts\/49562","targetHints":{"allow":["GET"]}}],"collection":[{"href":"https:\/\/fedai.az\/index.php?rest_route=\/wp\/v2\/posts"}],"about":[{"href":"https:\/\/fedai.az\/index.php?rest_route=\/wp\/v2\/types\/post"}],"author":[{"embeddable":true,"href":"https:\/\/fedai.az\/index.php?rest_route=\/wp\/v2\/users\/2"}],"replies":[{"embeddable":true,"href":"https:\/\/fedai.az\/index.php?rest_route=%2Fwp%2Fv2%2Fcomments&post=49562"}],"version-history":[{"count":1,"href":"https:\/\/fedai.az\/index.php?rest_route=\/wp\/v2\/posts\/49562\/revisions"}],"predecessor-version":[{"id":49564,"href":"https:\/\/fedai.az\/index.php?rest_route=\/wp\/v2\/posts\/49562\/revisions\/49564"}],"wp:featuredmedia":[{"embeddable":true,"href":"https:\/\/fedai.az\/index.php?rest_route=\/wp\/v2\/media\/49563"}],"wp:attachment":[{"href":"https:\/\/fedai.az\/index.php?rest_route=%2Fwp%2Fv2%2Fmedia&parent=49562"}],"wp:term":[{"taxonomy":"category","embeddable":true,"href":"https:\/\/fedai.az\/index.php?rest_route=%2Fwp%2Fv2%2Fcategories&post=49562"},{"taxonomy":"post_tag","embeddable":true,"href":"https:\/\/fedai.az\/index.php?rest_route=%2Fwp%2Fv2%2Ftags&post=49562"}],"curies":[{"name":"wp","href":"https:\/\/api.w.org\/{rel}","templated":true}]}}