{"id":49565,"date":"2021-09-27T11:17:15","date_gmt":"2021-09-27T07:17:15","guid":{"rendered":"https:\/\/fedai.az\/?p=49565"},"modified":"2021-09-27T11:18:58","modified_gmt":"2021-09-27T07:18:58","slug":"c%c9%99brayilli-ziyalilar-v%c9%99-ictimaiyy%c9%99t-numay%c9%99nd%c9%99l%c9%99ri-h%c9%99rbi-hiss%c9%99d%c9%99-olublar","status":"publish","type":"post","link":"https:\/\/fedai.az\/?p=49565","title":{"rendered":"C\u0259bray\u0131ll\u0131 ziyal\u0131lar v\u0259 ictimaiyy\u0259t n\u00fcmay\u0259nd\u0259l\u0259ri h\u0259rbi hiss\u0259d\u0259 olublar"},"content":{"rendered":"\n<p><strong>26 sentyabr 2021 &#8212; ci ild\u0259 \u015eanl\u0131 q\u0259l\u0259b\u0259mizin ild\u00f6n\u00fcm\u00fc m\u00fcnasib\u0259ti il\u0259 bir qrup C\u0259bray\u0131l sakini rayon \u0259razisind\u0259 yerl\u0259\u015f\u0259n &#8216; N&#187; sayl\u0131 h\u0259rbi hiss\u0259nin \u015f\u0259xsi hey\u0259ti il\u0259 g\u00f6r\u00fc\u015f\u00fcbl\u0259r.<\/strong><\/p>\n\n\n\n<p><br>Bu bar\u0259d\u0259 Az\u0259rbaycan V\u0259t\u0259n M\u00fcharib\u0259si Veteranlar\u0131 \u0130ctimai Birliyinin (AVMV\u0130B) \u00fczv\u00fc, C\u0259bray\u0131l \u0259razi \u00f6z\u00fcn\u00fcm\u00fcdafi\u0259 taburunun ke\u00e7mi\u015f komandiri Vaqif \u018flisoy m\u0259lumat verib.<\/p>\n\n\n\n<p><br>\u015e\u0259hid valdeynl\u0259ri, Qaraba\u011f qazil\u0259ri v\u0259 veteranlar\u0131, Az\u0259rbaycan\u0131n \u0259m\u0259kdar artistl\u0259ri &#8212; G\u00fcl\u00fcstan \u018fliyeva (h\u0259yat yolda\u015f\u0131 \u015f\u0259hiddir), \u0130lkin \u018fhm\u0259dov, ziyal\u0131lar \u0259sg\u0259r, zabitl\u0259rimizi bu m\u00f6ht\u0259\u015f\u0259m q\u0259l\u0259b\u0259nin ild\u00f6n\u00fcm\u00fc m\u00fcnasib\u0259ti il\u0259 t\u0259brik edib v\u0259 bu m\u00fcq\u0259dd\u0259s yolda \u015f\u0259hid olmu\u015f h\u0259rb\u00e7il\u0259rimizi an\u0131blar.<\/p>\n\n\n\n<p><br>\u015e\u0259hidl\u0259rimizi h\u00f6rm\u0259tl\u0259 yad edib, bel\u0259 o\u011fullar yeti\u015fdir\u0259n valdeynl\u0259r\u0259 minn\u0259tdarl\u0131q etdil\u0259r.<\/p>\n\n\n\n<p><br>\u00c7\u0131x\u0131\u015f ed\u0259n h\u0259rbi hiss\u0259 komandiri qonaqlara t\u0259\u015f\u0259kk\u00fcr edib bel\u0259 g\u00f6r\u00fc\u015fl\u0259rin \u015f\u0259xsi hey\u0259t\u0259 m\u0259n\u0259vi &#8212; psixoloji t\u0259sirind\u0259n dan\u0131\u015fd\u0131. Qonaqlar\u0131 v\u0259 xalq\u0131m\u0131z\u0131 \u0259min etdi ki, Az\u0259rbaycan ordusu ist\u0259nil\u0259n d\u00f6y\u00fc\u015f tap\u015f\u0131r\u0131\u011f\u0131n\u0131 yerin\u0259 yetirm\u0259y\u0259 v\u0259 ordunun qar\u015f\u0131s\u0131nda qoyulan v\u0259zif\u0259ni icra etm\u0259y\u0259 h\u0259r an haz\u0131rd\u0131r.<\/p>\n\n\n\n<p><strong>Nurlan M\u0259mm\u0259dli<\/strong><\/p>\n\n\n\n<figure class=\"wp-block-image size-large is-resized\"><img loading=\"lazy\" decoding=\"async\" src=\"https:\/\/fedai.az\/wp-content\/uploads\/2021\/09\/243523243_111510484624331_4554354161740404962_n.jpg\" alt=\"\" class=\"wp-image-49566\" width=\"923\" height=\"1230\" srcset=\"https:\/\/fedai.az\/wp-content\/uploads\/2021\/09\/243523243_111510484624331_4554354161740404962_n.jpg 526w, https:\/\/fedai.az\/wp-content\/uploads\/2021\/09\/243523243_111510484624331_4554354161740404962_n-225x300.jpg 225w, https:\/\/fedai.az\/wp-content\/uploads\/2021\/09\/243523243_111510484624331_4554354161740404962_n-113x150.jpg 113w\" sizes=\"auto, (max-width: 923px) 100vw, 923px\" \/><\/figure>\n","protected":false},"excerpt":{"rendered":"<p>26 sentyabr 2021 &#8212; ci ild\u0259 \u015eanl\u0131 q\u0259l\u0259b\u0259mizin ild\u00f6n\u00fcm\u00fc m\u00fcnasib\u0259ti il\u0259 bir qrup C\u0259bray\u0131l sakini rayon \u0259razisind\u0259 yerl\u0259\u015f\u0259n &#8216; N&#187; sayl\u0131 h\u0259rbi hiss\u0259nin \u015f\u0259xsi<\/p>\n","protected":false},"author":2,"featured_media":49567,"comment_status":"closed","ping_status":"closed","sticky":false,"template":"","format":"standard","meta":{"footnotes":""},"categories":[5],"tags":[],"class_list":["post-49565","post","type-post","status-publish","format-standard","has-post-thumbnail","hentry","category-veteran"],"aioseo_notices":[],"_links":{"self":[{"href":"https:\/\/fedai.az\/index.php?rest_route=\/wp\/v2\/posts\/49565","targetHints":{"allow":["GET"]}}],"collection":[{"href":"https:\/\/fedai.az\/index.php?rest_route=\/wp\/v2\/posts"}],"about":[{"href":"https:\/\/fedai.az\/index.php?rest_route=\/wp\/v2\/types\/post"}],"author":[{"embeddable":true,"href":"https:\/\/fedai.az\/index.php?rest_route=\/wp\/v2\/users\/2"}],"replies":[{"embeddable":true,"href":"https:\/\/fedai.az\/index.php?rest_route=%2Fwp%2Fv2%2Fcomments&post=49565"}],"version-history":[{"count":2,"href":"https:\/\/fedai.az\/index.php?rest_route=\/wp\/v2\/posts\/49565\/revisions"}],"predecessor-version":[{"id":49569,"href":"https:\/\/fedai.az\/index.php?rest_route=\/wp\/v2\/posts\/49565\/revisions\/49569"}],"wp:featuredmedia":[{"embeddable":true,"href":"https:\/\/fedai.az\/index.php?rest_route=\/wp\/v2\/media\/49567"}],"wp:attachment":[{"href":"https:\/\/fedai.az\/index.php?rest_route=%2Fwp%2Fv2%2Fmedia&parent=49565"}],"wp:term":[{"taxonomy":"category","embeddable":true,"href":"https:\/\/fedai.az\/index.php?rest_route=%2Fwp%2Fv2%2Fcategories&post=49565"},{"taxonomy":"post_tag","embeddable":true,"href":"https:\/\/fedai.az\/index.php?rest_route=%2Fwp%2Fv2%2Ftags&post=49565"}],"curies":[{"name":"wp","href":"https:\/\/api.w.org\/{rel}","templated":true}]}}