{"id":49582,"date":"2021-09-27T13:35:21","date_gmt":"2021-09-27T09:35:21","guid":{"rendered":"https:\/\/fedai.az\/?p=49582"},"modified":"2021-09-27T13:35:26","modified_gmt":"2021-09-27T09:35:26","slug":"prezident-v%c9%99-mehriban-%c9%99liyeva-bakida-s%c9%99hidl%c9%99rin-xatir%c9%99sin%c9%99-kecirilmis-yurusd%c9%99-istirak-edibl%c9%99r","status":"publish","type":"post","link":"https:\/\/fedai.az\/?p=49582","title":{"rendered":"Prezident v\u0259 Mehriban \u018fliyeva Bak\u0131da \u015f\u0259hidl\u0259rin xatir\u0259sin\u0259 ke\u00e7irilmi\u015f y\u00fcr\u00fc\u015fd\u0259 i\u015ftirak edibl\u0259r"},"content":{"rendered":"\n<p><strong>V\u0259t\u0259n m\u00fcharib\u0259si zaman\u0131 Az\u0259rbaycan\u0131n \u0259razi b\u00fct\u00f6vl\u00fcy\u00fc u\u011frunda d\u00f6y\u00fc\u015fl\u0259rd\u0259 h\u0259lak olmu\u015f \u0259sg\u0259r v\u0259 zabitl\u0259rimiz\u0259, q\u0259tl\u0259 yetiril\u0259n m\u00fclki v\u0259t\u0259nda\u015flara v\u0259 itkin d\u00fc\u015fm\u00fc\u015f soyda\u015flar\u0131m\u0131za ehtiram \u0259lam\u0259ti olaraq Bak\u0131 \u015f\u0259h\u0259rind\u0259 y\u00fcr\u00fc\u015f t\u0259\u015fkil edilib.<\/strong><br><br>Fedai.az x\u0259b\u0259r verir ki, Neft\u00e7il\u0259r prospektind\u0259n ba\u015flayan y\u00fcr\u00fc\u015f Az\u0259rbaycan Respublikas\u0131n\u0131n Prezidenti \u0130lham \u018fliyev t\u0259r\u0259find\u0259n bu g\u00fcn t\u0259m\u0259li qoyulan V\u0259t\u0259n m\u00fcharib\u0259si memorial kompleksi v\u0259 Z\u0259f\u0259r muzeyin\u0259d\u0259k davam edib.<br><\/p>\n\n\n\n<p>Y\u00fcr\u00fc\u015fd\u0259 Az\u0259rbaycan Respublikas\u0131n\u0131n Prezidenti, Ali Ba\u015f Komandan \u0130lham \u018fliyev, birinci xan\u0131m Mehriban \u018fliyeva, Az\u0259rbaycan Respublikas\u0131 M\u00fcdafi\u0259 Nazirliyinin Heyd\u0259r \u018fliyev ad\u0131na Az\u0259rbaycan Ali H\u0259rbi M\u0259kt\u0259binin v\u0259 Bak\u0131 Qarnizonunda yerl\u0259\u015f\u0259n h\u0259rbi hiss\u0259l\u0259rin 3000 n\u0259f\u0259rd\u0259n \u00e7ox kursant v\u0259 h\u0259rbi qulluq\u00e7usu i\u015ftirak edib.<\/p>\n\n\n\n<figure class=\"wp-block-image size-large is-resized\"><img loading=\"lazy\" decoding=\"async\" src=\"https:\/\/fedai.az\/wp-content\/uploads\/2021\/09\/61518c7a3650661518c7a365081632734326646df76ebf3e7df4d7b6cd721b01d433.jpg\" alt=\"\" class=\"wp-image-49583\" width=\"1098\" height=\"732\" srcset=\"https:\/\/fedai.az\/wp-content\/uploads\/2021\/09\/61518c7a3650661518c7a365081632734326646df76ebf3e7df4d7b6cd721b01d433.jpg 800w, https:\/\/fedai.az\/wp-content\/uploads\/2021\/09\/61518c7a3650661518c7a365081632734326646df76ebf3e7df4d7b6cd721b01d433-300x200.jpg 300w, https:\/\/fedai.az\/wp-content\/uploads\/2021\/09\/61518c7a3650661518c7a365081632734326646df76ebf3e7df4d7b6cd721b01d433-150x100.jpg 150w, https:\/\/fedai.az\/wp-content\/uploads\/2021\/09\/61518c7a3650661518c7a365081632734326646df76ebf3e7df4d7b6cd721b01d433-768x512.jpg 768w\" sizes=\"auto, (max-width: 1098px) 100vw, 1098px\" \/><\/figure>\n\n\n\n<p><br>Az\u0259rbaycana, onun xalq\u0131na layiqli \u00f6vlad olma\u011fa, daim V\u0259t\u0259nin ke\u015fiyind\u0259 c\u0259sar\u0259tl\u0259 dayanma\u011fa and i\u00e7\u0259n g\u0259nc kursant v\u0259 h\u0259rb\u00e7il\u0259r \u0259razi b\u00fct\u00f6vl\u00fcy\u00fcm\u00fcz u\u011frunda \u015f\u0259hid olan soyda\u015flar\u0131m\u0131z\u0131 d\u0259rin ehtiramla an\u0131r, V\u0259t\u0259n m\u00fcharib\u0259si zaman\u0131 Az\u0259rbaycan Ordusunun tarixi z\u0259f\u0259rini \u015f\u0259r\u0259fl\u0259 xat\u0131rlay\u0131r.<br><br>44 g\u00fcnl\u00fck V\u0259t\u0259n m\u00fcharib\u0259si zaman\u0131 2907 n\u0259f\u0259r \u015f\u0259hid olub, 7 n\u0259f\u0259r itkin d\u00fc\u015f\u00fcb, Erm\u0259nistan\u0131n dinc \u0259haliy\u0259 qar\u015f\u0131 cinay\u0259tl\u0259ri n\u0259tic\u0259sind\u0259 h\u0259lak olan 94 m\u00fclki \u015f\u0259xs\u0259 \u015f\u0259hid statusu verilib.<\/p>\n\n\n\n<p>V\u0259t\u0259n m\u00fcharib\u0259si Az\u0259rbaycan g\u0259ncl\u0259rind\u0259 torpaq, V\u0259t\u0259n sevgisinin n\u0259 q\u0259d\u0259r b\u00f6y\u00fck oldu\u011funu bir daha n\u00fcmayi\u015f etdirdi, xalq\u0131m\u0131z Ali Ba\u015f Komandan \u0130lham \u018fliyevin \u0259traf\u0131nda yumruq kimi birl\u0259\u015fdi. \u201cD\u0259mir yumruq\u201d h\u0259rbi \u0259m\u0259liyyat\u0131 zaman\u0131 ordumuz d\u00fc\u015fm\u0259nin 30 il\u0259 yax\u0131n m\u00fcdd\u0259td\u0259 qurdu\u011fu istehkamlar\u0131, m\u00fcdafi\u0259 x\u0259tl\u0259rini q\u0259hr\u0259mancas\u0131na yararaq ir\u0259lil\u0259di.<\/p>\n\n\n\n<figure class=\"wp-block-image size-large is-resized\"><img loading=\"lazy\" decoding=\"async\" src=\"https:\/\/fedai.az\/wp-content\/uploads\/2021\/09\/61518c7d4701361518c7d47015163273432663056e8f778bc6687d09ee614495bda7.jpg\" alt=\"\" class=\"wp-image-49584\" width=\"1090\" height=\"725\" srcset=\"https:\/\/fedai.az\/wp-content\/uploads\/2021\/09\/61518c7d4701361518c7d47015163273432663056e8f778bc6687d09ee614495bda7.jpg 800w, https:\/\/fedai.az\/wp-content\/uploads\/2021\/09\/61518c7d4701361518c7d47015163273432663056e8f778bc6687d09ee614495bda7-300x200.jpg 300w, https:\/\/fedai.az\/wp-content\/uploads\/2021\/09\/61518c7d4701361518c7d47015163273432663056e8f778bc6687d09ee614495bda7-150x100.jpg 150w, https:\/\/fedai.az\/wp-content\/uploads\/2021\/09\/61518c7d4701361518c7d47015163273432663056e8f778bc6687d09ee614495bda7-768x511.jpg 768w\" sizes=\"auto, (max-width: 1090px) 100vw, 1090px\" \/><\/figure>\n\n\n\n<p><br><br>D\u00fc\u015fm\u0259nin h\u0259d\u0259f ald\u0131\u011f\u0131 G\u0259nc\u0259 \u015f\u0259h\u0259ri, A\u011fdam, A\u011fcab\u0259di, B\u0259rd\u0259, F\u00fczuli, Goranboy, T\u0259rt\u0259r rayonlar\u0131n\u0131n dinc sakinl\u0259ri \u0259zizl\u0259rini, evl\u0259rini itirs\u0259l\u0259r d\u0259 \u0259n a\u011f\u0131r g\u00fcnl\u0259rind\u0259 V\u0259t\u0259n u\u011frunda \u0259zmkarl\u0131q v\u0259 birlik n\u00fcmayi\u015f etdirdil\u0259r.<\/p>\n\n\n\n<p>Az\u0259rbaycan Respublikas\u0131n\u0131n Prezidenti, Ali Ba\u015f Komandan \u0130lham \u018fliyev, birinci xan\u0131m Mehriban \u018fliyeva, g\u0259nc kursantlar v\u0259 h\u0259rb\u00e7il\u0259r V\u0259t\u0259n m\u00fcharib\u0259si zaman\u0131 Az\u0259rbaycan\u0131n \u0259razi b\u00fct\u00f6vl\u00fcy\u00fc u\u011frunda \u015f\u0259hid olan igidl\u0259rimiz, itkin d\u00fc\u015f\u0259n h\u0259rb\u00e7il\u0259rimiz v\u0259 Erm\u0259nistan d\u00f6vl\u0259ti t\u0259r\u0259find\u0259n t\u00f6r\u0259dil\u0259n insanl\u0131q \u0259leyhin\u0259 v\u0259 m\u00fcharib\u0259 cinay\u0259tl\u0259ri n\u0259tic\u0259sind\u0259 q\u0259tl\u0259 yetiril\u0259n m\u00fclki \u0259halimizin h\u0259r birinin fotolar\u0131ndan ibar\u0259t plakatlarla y\u00fcr\u00fc\u015f ed\u0259r\u0259k xalq\u0131n birliyinin daimi v\u0259 sars\u0131lmaz oldu\u011funu, V\u0259t\u0259n\u0259 sevgi, \u015f\u0259hidl\u0259rimiz\u0259 ehtiram\u0131n sonsuzlu\u011funu bir daha n\u00fcmayi\u015f etdirib.<\/p>\n\n\n\n<figure class=\"wp-block-image size-large is-resized\"><img loading=\"lazy\" decoding=\"async\" src=\"https:\/\/fedai.az\/wp-content\/uploads\/2021\/09\/61518c782bd3661518c782bd39163273432608348468577eb54be5ce619096e49bd9.jpg\" alt=\"\" class=\"wp-image-49585\" width=\"1097\" height=\"731\" srcset=\"https:\/\/fedai.az\/wp-content\/uploads\/2021\/09\/61518c782bd3661518c782bd39163273432608348468577eb54be5ce619096e49bd9.jpg 800w, https:\/\/fedai.az\/wp-content\/uploads\/2021\/09\/61518c782bd3661518c782bd39163273432608348468577eb54be5ce619096e49bd9-300x200.jpg 300w, https:\/\/fedai.az\/wp-content\/uploads\/2021\/09\/61518c782bd3661518c782bd39163273432608348468577eb54be5ce619096e49bd9-150x100.jpg 150w, https:\/\/fedai.az\/wp-content\/uploads\/2021\/09\/61518c782bd3661518c782bd39163273432608348468577eb54be5ce619096e49bd9-768x512.jpg 768w\" sizes=\"auto, (max-width: 1097px) 100vw, 1097px\" \/><\/figure>\n\n\n\n<p>M\u00fcz\u0259ff\u0259r Az\u0259rbaycan Ordusunun tarixi q\u0259l\u0259b\u0259si say\u0259sind\u0259 vaxt\u0131 il\u0259 i\u015f\u011fal alt\u0131nda olan, d\u00fc\u015fm\u0259n t\u0259r\u0259find\u0259n viran edil\u0259n torpaqlar\u0131m\u0131zda h\u0259yat yenid\u0259n canlan\u0131r, h\u0259min \u0259razil\u0259r\u0259 insanlar\u0131m\u0131z\u0131n qay\u0131tmas\u0131 \u00fc\u00e7\u00fcn \u015f\u0259rait yarad\u0131l\u0131r.<\/p>\n\n\n\n<figure class=\"wp-block-image size-large is-resized\"><img loading=\"lazy\" decoding=\"async\" src=\"https:\/\/fedai.az\/wp-content\/uploads\/2021\/09\/61518c793548861518c793548a1632734326a02152ae9136f8044bd58b1aa552d7cd.jpg\" alt=\"\" class=\"wp-image-49586\" width=\"1091\" height=\"726\" srcset=\"https:\/\/fedai.az\/wp-content\/uploads\/2021\/09\/61518c793548861518c793548a1632734326a02152ae9136f8044bd58b1aa552d7cd.jpg 800w, https:\/\/fedai.az\/wp-content\/uploads\/2021\/09\/61518c793548861518c793548a1632734326a02152ae9136f8044bd58b1aa552d7cd-300x200.jpg 300w, https:\/\/fedai.az\/wp-content\/uploads\/2021\/09\/61518c793548861518c793548a1632734326a02152ae9136f8044bd58b1aa552d7cd-150x100.jpg 150w, https:\/\/fedai.az\/wp-content\/uploads\/2021\/09\/61518c793548861518c793548a1632734326a02152ae9136f8044bd58b1aa552d7cd-768x511.jpg 768w\" sizes=\"auto, (max-width: 1091px) 100vw, 1091px\" \/><\/figure>\n","protected":false},"excerpt":{"rendered":"<p>V\u0259t\u0259n m\u00fcharib\u0259si zaman\u0131 Az\u0259rbaycan\u0131n \u0259razi b\u00fct\u00f6vl\u00fcy\u00fc u\u011frunda d\u00f6y\u00fc\u015fl\u0259rd\u0259 h\u0259lak olmu\u015f \u0259sg\u0259r v\u0259 zabitl\u0259rimiz\u0259, q\u0259tl\u0259 yetiril\u0259n m\u00fclki v\u0259t\u0259nda\u015flara v\u0259 itkin d\u00fc\u015fm\u00fc\u015f soyda\u015flar\u0131m\u0131za ehtiram \u0259lam\u0259ti olaraq<\/p>\n","protected":false},"author":2,"featured_media":49587,"comment_status":"closed","ping_status":"closed","sticky":false,"template":"","format":"standard","meta":{"footnotes":""},"categories":[3],"tags":[],"class_list":["post-49582","post","type-post","status-publish","format-standard","has-post-thumbnail","hentry","category-gundm"],"aioseo_notices":[],"_links":{"self":[{"href":"https:\/\/fedai.az\/index.php?rest_route=\/wp\/v2\/posts\/49582","targetHints":{"allow":["GET"]}}],"collection":[{"href":"https:\/\/fedai.az\/index.php?rest_route=\/wp\/v2\/posts"}],"about":[{"href":"https:\/\/fedai.az\/index.php?rest_route=\/wp\/v2\/types\/post"}],"author":[{"embeddable":true,"href":"https:\/\/fedai.az\/index.php?rest_route=\/wp\/v2\/users\/2"}],"replies":[{"embeddable":true,"href":"https:\/\/fedai.az\/index.php?rest_route=%2Fwp%2Fv2%2Fcomments&post=49582"}],"version-history":[{"count":1,"href":"https:\/\/fedai.az\/index.php?rest_route=\/wp\/v2\/posts\/49582\/revisions"}],"predecessor-version":[{"id":49588,"href":"https:\/\/fedai.az\/index.php?rest_route=\/wp\/v2\/posts\/49582\/revisions\/49588"}],"wp:featuredmedia":[{"embeddable":true,"href":"https:\/\/fedai.az\/index.php?rest_route=\/wp\/v2\/media\/49587"}],"wp:attachment":[{"href":"https:\/\/fedai.az\/index.php?rest_route=%2Fwp%2Fv2%2Fmedia&parent=49582"}],"wp:term":[{"taxonomy":"category","embeddable":true,"href":"https:\/\/fedai.az\/index.php?rest_route=%2Fwp%2Fv2%2Fcategories&post=49582"},{"taxonomy":"post_tag","embeddable":true,"href":"https:\/\/fedai.az\/index.php?rest_route=%2Fwp%2Fv2%2Ftags&post=49582"}],"curies":[{"name":"wp","href":"https:\/\/api.w.org\/{rel}","templated":true}]}}