{"id":49599,"date":"2021-09-28T00:34:36","date_gmt":"2021-09-27T20:34:36","guid":{"rendered":"https:\/\/fedai.az\/?p=49599"},"modified":"2021-09-28T11:24:51","modified_gmt":"2021-09-28T07:24:51","slug":"mn-bas-q%c9%99rargah-r%c9%99isi-k%c9%99rim-v%c9%99liyev-veteranlarla-gorusub","status":"publish","type":"post","link":"https:\/\/fedai.az\/?p=49599","title":{"rendered":"Az\u0259rbaycan Ordusunun Ba\u015f Q\u0259rargah r\u0259isi K\u0259rim V\u0259liyev veteranlarla g\u00f6r\u00fc\u015f\u00fcb"},"content":{"rendered":"\n<p><strong>Az\u0259rbaycan Ordusunun \u015fanl\u0131 q\u0259l\u0259b\u0259si il\u0259 ba\u015fa \u00e7atan 44 g\u00fcnl\u00fck V\u0259t\u0259n m\u00fcharib\u0259sinin ild\u00f6n\u00fcm\u00fc il\u0259 \u0259laq\u0259dar ke\u00e7iril\u0259n An\u0131m t\u0259dbirind\u0259 Az\u0259rbaycan V\u0259t\u0259n M\u00fcharib\u0259si Veteranlar\u0131 \u0130ctimai Birliyinin (AVMV\u0130B) \u00fczvl\u0259ri Az\u0259rbaycan Silahl\u0131 Q\u00fcvv\u0259l\u0259rinin general-leytenant\u0131, \u00a0M\u00fcdafi\u0259 nazirinin birinci m\u00fcavini, Az\u0259rbaycan Ordusunun Ba\u015f Q\u0259rargah r\u0259isi\u00a0 K\u0259rim V\u0259liyevl\u0259 g\u00f6r\u00fc\u015f\u00fcbl\u0259r.<\/strong><\/p>\n\n\n\n<figure class=\"wp-block-image size-large\"><img loading=\"lazy\" decoding=\"async\" width=\"1024\" height=\"768\" src=\"https:\/\/fedai.az\/wp-content\/uploads\/2021\/09\/243395478_4666637160042859_6419014502621399412_n-1024x768.jpg\" alt=\"\" class=\"wp-image-49600\" srcset=\"https:\/\/fedai.az\/wp-content\/uploads\/2021\/09\/243395478_4666637160042859_6419014502621399412_n-1024x768.jpg 1024w, https:\/\/fedai.az\/wp-content\/uploads\/2021\/09\/243395478_4666637160042859_6419014502621399412_n-300x225.jpg 300w, https:\/\/fedai.az\/wp-content\/uploads\/2021\/09\/243395478_4666637160042859_6419014502621399412_n-150x113.jpg 150w, https:\/\/fedai.az\/wp-content\/uploads\/2021\/09\/243395478_4666637160042859_6419014502621399412_n-768x576.jpg 768w, https:\/\/fedai.az\/wp-content\/uploads\/2021\/09\/243395478_4666637160042859_6419014502621399412_n.jpg 1152w\" sizes=\"auto, (max-width: 1024px) 100vw, 1024px\" \/><\/figure>\n\n\n\n<p><br>M\u00fcharib\u0259 veteranlar\u0131 general &#8212; leytenant K\u0259rim V\u0259liyev\u0259 qazan\u0131lm\u0131\u015f Z\u0259f\u0259r\u0259 g\u00f6r\u0259 \u00f6z minn\u0259tdarl\u0131qlar\u0131n\u0131 \u00e7atd\u0131r\u0131b v\u0259 bu m\u00fcq\u0259dd\u0259s yolda \u015f\u0259hid olmu\u015f d\u00f6y\u00fc\u015f\u00e7\u00fcl\u0259ri daim r\u0259hm\u0259tl\u0259 and\u0131qlar\u0131n\u0131 bildirmi\u015fl\u0259r.<\/p>\n\n\n\n<p><strong>Allah \u015f\u0259hidl\u0259rimiz\u0259 r\u0259hm\u0259t el\u0259sin!<\/strong><\/p>\n\n\n\n<p><strong>Elnur S\u0259lim<\/strong><\/p>\n\n\n\n<figure class=\"wp-block-image size-large\"><img loading=\"lazy\" decoding=\"async\" width=\"1024\" height=\"497\" src=\"https:\/\/fedai.az\/wp-content\/uploads\/2021\/09\/243296420_612838333216789_8556133825989701328_n-1-1024x497.jpg\" alt=\"\" class=\"wp-image-49601\" srcset=\"https:\/\/fedai.az\/wp-content\/uploads\/2021\/09\/243296420_612838333216789_8556133825989701328_n-1-1024x497.jpg 1024w, https:\/\/fedai.az\/wp-content\/uploads\/2021\/09\/243296420_612838333216789_8556133825989701328_n-1-300x146.jpg 300w, https:\/\/fedai.az\/wp-content\/uploads\/2021\/09\/243296420_612838333216789_8556133825989701328_n-1-150x73.jpg 150w, https:\/\/fedai.az\/wp-content\/uploads\/2021\/09\/243296420_612838333216789_8556133825989701328_n-1-768x373.jpg 768w, https:\/\/fedai.az\/wp-content\/uploads\/2021\/09\/243296420_612838333216789_8556133825989701328_n-1-1536x746.jpg 1536w, https:\/\/fedai.az\/wp-content\/uploads\/2021\/09\/243296420_612838333216789_8556133825989701328_n-1.jpg 1600w\" sizes=\"auto, (max-width: 1024px) 100vw, 1024px\" \/><\/figure>\n","protected":false},"excerpt":{"rendered":"<p>Az\u0259rbaycan Ordusunun \u015fanl\u0131 q\u0259l\u0259b\u0259si il\u0259 ba\u015fa \u00e7atan 44 g\u00fcnl\u00fck V\u0259t\u0259n m\u00fcharib\u0259sinin ild\u00f6n\u00fcm\u00fc il\u0259 \u0259laq\u0259dar ke\u00e7iril\u0259n An\u0131m t\u0259dbirind\u0259 Az\u0259rbaycan V\u0259t\u0259n M\u00fcharib\u0259si Veteranlar\u0131 \u0130ctimai Birliyinin (AVMV\u0130B)<\/p>\n","protected":false},"author":2,"featured_media":49602,"comment_status":"closed","ping_status":"closed","sticky":false,"template":"","format":"standard","meta":{"footnotes":""},"categories":[5],"tags":[],"class_list":["post-49599","post","type-post","status-publish","format-standard","has-post-thumbnail","hentry","category-veteran"],"aioseo_notices":[],"_links":{"self":[{"href":"https:\/\/fedai.az\/index.php?rest_route=\/wp\/v2\/posts\/49599","targetHints":{"allow":["GET"]}}],"collection":[{"href":"https:\/\/fedai.az\/index.php?rest_route=\/wp\/v2\/posts"}],"about":[{"href":"https:\/\/fedai.az\/index.php?rest_route=\/wp\/v2\/types\/post"}],"author":[{"embeddable":true,"href":"https:\/\/fedai.az\/index.php?rest_route=\/wp\/v2\/users\/2"}],"replies":[{"embeddable":true,"href":"https:\/\/fedai.az\/index.php?rest_route=%2Fwp%2Fv2%2Fcomments&post=49599"}],"version-history":[{"count":3,"href":"https:\/\/fedai.az\/index.php?rest_route=\/wp\/v2\/posts\/49599\/revisions"}],"predecessor-version":[{"id":49695,"href":"https:\/\/fedai.az\/index.php?rest_route=\/wp\/v2\/posts\/49599\/revisions\/49695"}],"wp:featuredmedia":[{"embeddable":true,"href":"https:\/\/fedai.az\/index.php?rest_route=\/wp\/v2\/media\/49602"}],"wp:attachment":[{"href":"https:\/\/fedai.az\/index.php?rest_route=%2Fwp%2Fv2%2Fmedia&parent=49599"}],"wp:term":[{"taxonomy":"category","embeddable":true,"href":"https:\/\/fedai.az\/index.php?rest_route=%2Fwp%2Fv2%2Fcategories&post=49599"},{"taxonomy":"post_tag","embeddable":true,"href":"https:\/\/fedai.az\/index.php?rest_route=%2Fwp%2Fv2%2Ftags&post=49599"}],"curies":[{"name":"wp","href":"https:\/\/api.w.org\/{rel}","templated":true}]}}