{"id":49636,"date":"2021-09-28T02:41:38","date_gmt":"2021-09-27T22:41:38","guid":{"rendered":"https:\/\/fedai.az\/?p=49636"},"modified":"2021-09-28T02:41:43","modified_gmt":"2021-09-27T22:41:43","slug":"27-sentyabr-anim-gunu-il%c9%99-%c9%99laq%c9%99dar-suraxani-rayonunda-da-t%c9%99dbirl%c9%99r-kecirilib","status":"publish","type":"post","link":"https:\/\/fedai.az\/?p=49636","title":{"rendered":"27 sentyabr &#8212; An\u0131m G\u00fcn\u00fc il\u0259 \u0259laq\u0259dar Suraxan\u0131 rayonunda da t\u0259dbirl\u0259r ke\u00e7irilib"},"content":{"rendered":"\n<p><strong>27 sentyabr &#8212; An\u0131m G\u00fcn\u00fc il\u0259 \u0259laq\u0259dar Suraxan\u0131 rayonunun q\u0259s\u0259b\u0259l\u0259rind\u0259ki \u015e\u0259hidl\u0259r Xiyabanlar\u0131nda \u015e\u0259hidl\u0259rimiz an\u0131l\u0131b.<\/strong><\/p>\n\n\n\n<p>Prezident \u0130lham \u018fliyevin An\u0131m G\u00fcn\u00fc il\u0259 \u0259laq\u0259dar xalqa m\u00fcraci\u0259tinin canl\u0131 olaraq dinl\u0259nilm\u0259si v\u0259 D\u00f6vl\u0259t Himninin s\u0259sl\u0259ndirilm\u0259si il\u0259 ba\u015flanan an\u0131m m\u0259rasimind\u0259 V\u0259t\u0259n m\u00fcharib\u0259sinin \u015e\u0259hidl\u0259rinin xatir\u0259si 1 d\u0259qiq\u0259lik s\u00fckutla yad edilib.\u00a0<\/p>\n\n\n\n<figure class=\"wp-block-gallery columns-2 is-cropped wp-block-gallery-1 is-layout-flex wp-block-gallery-is-layout-flex\"><ul class=\"blocks-gallery-grid\"><li class=\"blocks-gallery-item\"><figure><img loading=\"lazy\" decoding=\"async\" width=\"1000\" height=\"750\" src=\"https:\/\/fedai.az\/wp-content\/uploads\/2021\/09\/243023613_3075410032785471_3155923705160153102_n.jpg\" alt=\"\" data-id=\"49637\" data-link=\"https:\/\/fedai.az\/?attachment_id=49637\" class=\"wp-image-49637\" srcset=\"https:\/\/fedai.az\/wp-content\/uploads\/2021\/09\/243023613_3075410032785471_3155923705160153102_n.jpg 1000w, https:\/\/fedai.az\/wp-content\/uploads\/2021\/09\/243023613_3075410032785471_3155923705160153102_n-300x225.jpg 300w, https:\/\/fedai.az\/wp-content\/uploads\/2021\/09\/243023613_3075410032785471_3155923705160153102_n-150x113.jpg 150w, https:\/\/fedai.az\/wp-content\/uploads\/2021\/09\/243023613_3075410032785471_3155923705160153102_n-768x576.jpg 768w\" sizes=\"auto, (max-width: 1000px) 100vw, 1000px\" \/><\/figure><\/li><li class=\"blocks-gallery-item\"><figure><img loading=\"lazy\" decoding=\"async\" width=\"600\" height=\"450\" src=\"https:\/\/fedai.az\/wp-content\/uploads\/2021\/09\/243045368_3075409769452164_6760332586821754472_n.jpg\" alt=\"\" data-id=\"49638\" data-full-url=\"https:\/\/fedai.az\/wp-content\/uploads\/2021\/09\/243045368_3075409769452164_6760332586821754472_n.jpg\" data-link=\"https:\/\/fedai.az\/?attachment_id=49638\" class=\"wp-image-49638\" srcset=\"https:\/\/fedai.az\/wp-content\/uploads\/2021\/09\/243045368_3075409769452164_6760332586821754472_n.jpg 600w, https:\/\/fedai.az\/wp-content\/uploads\/2021\/09\/243045368_3075409769452164_6760332586821754472_n-300x225.jpg 300w, https:\/\/fedai.az\/wp-content\/uploads\/2021\/09\/243045368_3075409769452164_6760332586821754472_n-150x113.jpg 150w\" sizes=\"auto, (max-width: 600px) 100vw, 600px\" \/><\/figure><\/li><\/ul><\/figure>\n\n\n\n<p>M\u0259rasiml\u0259rd\u0259 Suraxan\u0131 Rayon \u0130cra Hakimiyy\u0259tinin ba\u015f\u00e7\u0131s\u0131 \u018fziz \u018fzizov, Milli M\u0259clisin Deputatlar\u0131 Sevinc xan\u0131m F\u0259t\u0259liyeva, Af\u0259t xan\u0131m H\u0259s\u0259nova, Etibar \u018fliyev, R\u0130HB-nin m\u00fcavinl\u0259ri, \u015f\u00f6b\u0259 m\u00fcdirl\u0259ri v\u0259 \u0259m\u0259kda\u015flar\u0131, h\u00fcquq-m\u00fchafiz\u0259 orqanlar\u0131n\u0131n, idar\u0259 v\u0259 m\u00fc\u0259ssis\u0259l\u0259rin r\u0259hb\u0259rl\u0259ri, \u015e\u0259hid ail\u0259l\u0259rinin \u00fczvl\u0259ri, qazil\u0259r, rayon sakinl\u0259ri i\u015ftirak edibl\u0259r.<\/p>\n\n\n\n<p>An\u0131m t\u0259dbirl\u0259rind\u0259 Az\u0259rbaycan V\u0259t\u0259n M\u00fcharib\u0259si Veteranlar\u0131 \u0130ctimai Birliyi (AVMV\u0130B) Suraxan\u0131 rayon \u015f\u00f6b\u0259sinin s\u0259dri Eldar R\u00fcst\u0259movun r\u0259hb\u0259rliyi il\u0259 m\u00fcharib\u0259 veteranlar\u0131 da i\u015ftirak edibl\u0259r.<\/p>\n\n\n\n<figure class=\"wp-block-gallery columns-2 is-cropped wp-block-gallery-2 is-layout-flex wp-block-gallery-is-layout-flex\"><ul class=\"blocks-gallery-grid\"><li class=\"blocks-gallery-item\"><figure><img loading=\"lazy\" decoding=\"async\" width=\"472\" height=\"1024\" src=\"https:\/\/fedai.az\/wp-content\/uploads\/2021\/09\/242933275_601619514200433_4671434686632583151_n-472x1024.jpg\" alt=\"\" data-id=\"49639\" data-link=\"https:\/\/fedai.az\/?attachment_id=49639\" class=\"wp-image-49639\" srcset=\"https:\/\/fedai.az\/wp-content\/uploads\/2021\/09\/242933275_601619514200433_4671434686632583151_n-472x1024.jpg 472w, https:\/\/fedai.az\/wp-content\/uploads\/2021\/09\/242933275_601619514200433_4671434686632583151_n-138x300.jpg 138w, https:\/\/fedai.az\/wp-content\/uploads\/2021\/09\/242933275_601619514200433_4671434686632583151_n-69x150.jpg 69w, https:\/\/fedai.az\/wp-content\/uploads\/2021\/09\/242933275_601619514200433_4671434686632583151_n.jpg 590w\" sizes=\"auto, (max-width: 472px) 100vw, 472px\" \/><\/figure><\/li><li class=\"blocks-gallery-item\"><figure><img loading=\"lazy\" decoding=\"async\" width=\"1000\" height=\"750\" src=\"https:\/\/fedai.az\/wp-content\/uploads\/2021\/09\/243013945_3075403486119459_6452931529114176903_n.jpg\" alt=\"\" data-id=\"49641\" data-full-url=\"https:\/\/fedai.az\/wp-content\/uploads\/2021\/09\/243013945_3075403486119459_6452931529114176903_n.jpg\" data-link=\"https:\/\/fedai.az\/?attachment_id=49641\" class=\"wp-image-49641\" srcset=\"https:\/\/fedai.az\/wp-content\/uploads\/2021\/09\/243013945_3075403486119459_6452931529114176903_n.jpg 1000w, https:\/\/fedai.az\/wp-content\/uploads\/2021\/09\/243013945_3075403486119459_6452931529114176903_n-300x225.jpg 300w, https:\/\/fedai.az\/wp-content\/uploads\/2021\/09\/243013945_3075403486119459_6452931529114176903_n-150x113.jpg 150w, https:\/\/fedai.az\/wp-content\/uploads\/2021\/09\/243013945_3075403486119459_6452931529114176903_n-768x576.jpg 768w\" sizes=\"auto, (max-width: 1000px) 100vw, 1000px\" \/><\/figure><\/li><\/ul><\/figure>\n\n\n\n<p>Eldar R\u00fcst\u0259mov bildirdi ki, 44 g\u00fcnl\u00fck Z\u0259f\u0259r tarixinin ba\u015flad\u0131\u011f\u0131 g\u00fcnd\u00fcr, bu g\u00fcn! V\u0259t\u0259n m\u00fcharib\u0259sind\u0259 q\u0259hr\u0259mancas\u0131na d\u00f6y\u00fc\u015f\u0259n, \u00f6lk\u0259mizin \u0259razi b\u00fct\u00f6vl\u00fcy\u00fc u\u011frunda canlar\u0131n\u0131 f\u0259da ed\u0259n, xalq\u0131n q\u0259hr\u0259manl\u0131q dastan\u0131n\u0131 can\u0131 il\u0259 qazan\u0131b qan\u0131 il\u0259 yazan \u015f\u0259hidl\u0259rimizi d\u0259rin ehtiramla an\u0131r\u0131q&#8230;<\/p>\n\n\n\n<p><strong>Allah \u015f\u0259hidl\u0259rimiz\u0259 r\u0259hm\u0259t el\u0259sin!<\/strong><\/p>\n\n\n\n<p><strong>E. S\u0259lim<\/strong><\/p>\n\n\n\n<figure class=\"wp-block-image size-large is-resized\"><img loading=\"lazy\" decoding=\"async\" src=\"https:\/\/fedai.az\/wp-content\/uploads\/2021\/09\/243129286_3075403462786128_1765128741590504283_n.jpg\" alt=\"\" class=\"wp-image-49642\" width=\"919\" height=\"689\" srcset=\"https:\/\/fedai.az\/wp-content\/uploads\/2021\/09\/243129286_3075403462786128_1765128741590504283_n.jpg 600w, https:\/\/fedai.az\/wp-content\/uploads\/2021\/09\/243129286_3075403462786128_1765128741590504283_n-300x225.jpg 300w, https:\/\/fedai.az\/wp-content\/uploads\/2021\/09\/243129286_3075403462786128_1765128741590504283_n-150x113.jpg 150w\" sizes=\"auto, (max-width: 919px) 100vw, 919px\" \/><\/figure>\n\n\n\n<figure class=\"wp-block-image size-large\"><img loading=\"lazy\" decoding=\"async\" width=\"1000\" height=\"750\" src=\"https:\/\/fedai.az\/wp-content\/uploads\/2021\/09\/243031827_3075403596119448_589580836077369964_n.jpg\" alt=\"\" class=\"wp-image-49643\" srcset=\"https:\/\/fedai.az\/wp-content\/uploads\/2021\/09\/243031827_3075403596119448_589580836077369964_n.jpg 1000w, https:\/\/fedai.az\/wp-content\/uploads\/2021\/09\/243031827_3075403596119448_589580836077369964_n-300x225.jpg 300w, https:\/\/fedai.az\/wp-content\/uploads\/2021\/09\/243031827_3075403596119448_589580836077369964_n-150x113.jpg 150w, https:\/\/fedai.az\/wp-content\/uploads\/2021\/09\/243031827_3075403596119448_589580836077369964_n-768x576.jpg 768w\" sizes=\"auto, (max-width: 1000px) 100vw, 1000px\" \/><\/figure>\n","protected":false},"excerpt":{"rendered":"<p>27 sentyabr &#8212; An\u0131m G\u00fcn\u00fc il\u0259 \u0259laq\u0259dar Suraxan\u0131 rayonunun q\u0259s\u0259b\u0259l\u0259rind\u0259ki \u015e\u0259hidl\u0259r Xiyabanlar\u0131nda \u015e\u0259hidl\u0259rimiz an\u0131l\u0131b. Prezident \u0130lham \u018fliyevin An\u0131m G\u00fcn\u00fc il\u0259 \u0259laq\u0259dar xalqa m\u00fcraci\u0259tinin canl\u0131<\/p>\n","protected":false},"author":2,"featured_media":49644,"comment_status":"closed","ping_status":"closed","sticky":false,"template":"","format":"standard","meta":{"footnotes":""},"categories":[5],"tags":[],"class_list":["post-49636","post","type-post","status-publish","format-standard","has-post-thumbnail","hentry","category-veteran"],"aioseo_notices":[],"_links":{"self":[{"href":"https:\/\/fedai.az\/index.php?rest_route=\/wp\/v2\/posts\/49636","targetHints":{"allow":["GET"]}}],"collection":[{"href":"https:\/\/fedai.az\/index.php?rest_route=\/wp\/v2\/posts"}],"about":[{"href":"https:\/\/fedai.az\/index.php?rest_route=\/wp\/v2\/types\/post"}],"author":[{"embeddable":true,"href":"https:\/\/fedai.az\/index.php?rest_route=\/wp\/v2\/users\/2"}],"replies":[{"embeddable":true,"href":"https:\/\/fedai.az\/index.php?rest_route=%2Fwp%2Fv2%2Fcomments&post=49636"}],"version-history":[{"count":1,"href":"https:\/\/fedai.az\/index.php?rest_route=\/wp\/v2\/posts\/49636\/revisions"}],"predecessor-version":[{"id":49645,"href":"https:\/\/fedai.az\/index.php?rest_route=\/wp\/v2\/posts\/49636\/revisions\/49645"}],"wp:featuredmedia":[{"embeddable":true,"href":"https:\/\/fedai.az\/index.php?rest_route=\/wp\/v2\/media\/49644"}],"wp:attachment":[{"href":"https:\/\/fedai.az\/index.php?rest_route=%2Fwp%2Fv2%2Fmedia&parent=49636"}],"wp:term":[{"taxonomy":"category","embeddable":true,"href":"https:\/\/fedai.az\/index.php?rest_route=%2Fwp%2Fv2%2Fcategories&post=49636"},{"taxonomy":"post_tag","embeddable":true,"href":"https:\/\/fedai.az\/index.php?rest_route=%2Fwp%2Fv2%2Ftags&post=49636"}],"curies":[{"name":"wp","href":"https:\/\/api.w.org\/{rel}","templated":true}]}}