{"id":49647,"date":"2021-09-28T02:57:03","date_gmt":"2021-09-27T22:57:03","guid":{"rendered":"https:\/\/fedai.az\/?p=49647"},"modified":"2021-09-28T02:57:46","modified_gmt":"2021-09-27T22:57:46","slug":"27-sentyabr-anim-gununu-balak%c9%99n-veteranlari-qeyd-edibl%c9%99r","status":"publish","type":"post","link":"https:\/\/fedai.az\/?p=49647","title":{"rendered":"27 sentyabr \u2014 An\u0131m G\u00fcn\u00fcn\u00fc Balak\u0259n veteranlar\u0131 qeyd edibl\u0259r"},"content":{"rendered":"\n<p><strong>27 sentyabr \u2014 An\u0131m G\u00fcn\u00fc il\u0259 \u0259laq\u0259dar Balak\u0259n rayonunda da \u015e\u0259hidl\u0259r Xiyabanlar\u0131nda \u015e\u0259hidl\u0259rimiz an\u0131l\u0131b.<\/strong><\/p>\n\n\n\n<p><br>Az\u0259rbaycan Ordusunun \u015fanl\u0131 q\u0259l\u0259b\u0259si il\u0259 ba\u015fa \u00e7atan 44 g\u00fcnl\u00fck V\u0259t\u0259n m\u00fcharib\u0259sinin ild\u00f6n\u00fcm\u00fc il\u0259 \u0259laq\u0259dar ke\u00e7iril\u0259n An\u0131m t\u0259dbirind\u0259 Az\u0259rbaycan V\u0259t\u0259n M\u00fcharib\u0259si Veteranlar\u0131 \u0130ctimai Birliyi (AVMV\u0130B) Balak\u0259n rayon \u015f\u00f6b\u0259sinin s\u0259dri Ayd\u0131n Abdullayevin r\u0259hb\u0259rliyi il\u0259 \u015f\u00f6b\u0259 \u00fczvl\u0259ri rayonda ke\u00e7iril\u0259n An\u0131m t\u0259dbirind\u0259 i\u015ftirak edibl\u0259r.<\/p>\n\n\n\n<figure class=\"wp-block-image size-large is-resized\"><img loading=\"lazy\" decoding=\"async\" src=\"https:\/\/fedai.az\/wp-content\/uploads\/2021\/09\/243040678_111856964589683_6015876830249843038_n.jpg\" alt=\"\" class=\"wp-image-49648\" width=\"925\" height=\"2056\" srcset=\"https:\/\/fedai.az\/wp-content\/uploads\/2021\/09\/243040678_111856964589683_6015876830249843038_n.jpg 450w, https:\/\/fedai.az\/wp-content\/uploads\/2021\/09\/243040678_111856964589683_6015876830249843038_n-135x300.jpg 135w, https:\/\/fedai.az\/wp-content\/uploads\/2021\/09\/243040678_111856964589683_6015876830249843038_n-68x150.jpg 68w\" sizes=\"auto, (max-width: 925px) 100vw, 925px\" \/><\/figure>\n\n\n\n<p><br>\u015eanl\u0131 tariximizi yazanlar v\u0259 ya\u015fadanlar\u0131n 27 sentyabr An\u0131m g\u00fcn\u00fcd\u00fcr!<\/p>\n\n\n\n<p><br>\u015e\u0259hidl\u0259rimizi ehtiramla an\u0131r\u0131q!<\/p>\n\n\n\n<p><br>Torpaq uqrunda \u00f6l\u0259n varsa, V\u018fT\u018fND\u0130R.<\/p>\n\n\n\n<p><br>\u015e\u0259hidl\u0259rimizin qar\u015f\u0131s\u0131nda ba\u015f \u0259yirik v\u0259 q\u00fcrurla an\u0131r\u0131q!<\/p>\n\n\n\n<p><br><strong>Vaqif H\u00fcmb\u0259tov<br>AVMV\u0130B Balak\u0259n rayon \u015f\u00f6b\u0259dsinin s\u0259dr m\u00fcavini<\/strong><\/p>\n\n\n\n<figure class=\"wp-block-image size-large is-resized\"><img loading=\"lazy\" decoding=\"async\" src=\"https:\/\/fedai.az\/wp-content\/uploads\/2021\/09\/243170980_111857047923008_5513922705506603500_n.jpg\" alt=\"\" class=\"wp-image-49649\" width=\"929\" height=\"1242\" srcset=\"https:\/\/fedai.az\/wp-content\/uploads\/2021\/09\/243170980_111857047923008_5513922705506603500_n.jpg 526w, https:\/\/fedai.az\/wp-content\/uploads\/2021\/09\/243170980_111857047923008_5513922705506603500_n-224x300.jpg 224w, https:\/\/fedai.az\/wp-content\/uploads\/2021\/09\/243170980_111857047923008_5513922705506603500_n-112x150.jpg 112w\" sizes=\"auto, (max-width: 929px) 100vw, 929px\" \/><\/figure>\n","protected":false},"excerpt":{"rendered":"<p>27 sentyabr \u2014 An\u0131m G\u00fcn\u00fc il\u0259 \u0259laq\u0259dar Balak\u0259n rayonunda da \u015e\u0259hidl\u0259r Xiyabanlar\u0131nda \u015e\u0259hidl\u0259rimiz an\u0131l\u0131b. Az\u0259rbaycan Ordusunun \u015fanl\u0131 q\u0259l\u0259b\u0259si il\u0259 ba\u015fa \u00e7atan 44 g\u00fcnl\u00fck V\u0259t\u0259n<\/p>\n","protected":false},"author":2,"featured_media":49650,"comment_status":"closed","ping_status":"closed","sticky":false,"template":"","format":"standard","meta":{"footnotes":""},"categories":[5],"tags":[],"class_list":["post-49647","post","type-post","status-publish","format-standard","has-post-thumbnail","hentry","category-veteran"],"aioseo_notices":[],"_links":{"self":[{"href":"https:\/\/fedai.az\/index.php?rest_route=\/wp\/v2\/posts\/49647","targetHints":{"allow":["GET"]}}],"collection":[{"href":"https:\/\/fedai.az\/index.php?rest_route=\/wp\/v2\/posts"}],"about":[{"href":"https:\/\/fedai.az\/index.php?rest_route=\/wp\/v2\/types\/post"}],"author":[{"embeddable":true,"href":"https:\/\/fedai.az\/index.php?rest_route=\/wp\/v2\/users\/2"}],"replies":[{"embeddable":true,"href":"https:\/\/fedai.az\/index.php?rest_route=%2Fwp%2Fv2%2Fcomments&post=49647"}],"version-history":[{"count":2,"href":"https:\/\/fedai.az\/index.php?rest_route=\/wp\/v2\/posts\/49647\/revisions"}],"predecessor-version":[{"id":49652,"href":"https:\/\/fedai.az\/index.php?rest_route=\/wp\/v2\/posts\/49647\/revisions\/49652"}],"wp:featuredmedia":[{"embeddable":true,"href":"https:\/\/fedai.az\/index.php?rest_route=\/wp\/v2\/media\/49650"}],"wp:attachment":[{"href":"https:\/\/fedai.az\/index.php?rest_route=%2Fwp%2Fv2%2Fmedia&parent=49647"}],"wp:term":[{"taxonomy":"category","embeddable":true,"href":"https:\/\/fedai.az\/index.php?rest_route=%2Fwp%2Fv2%2Fcategories&post=49647"},{"taxonomy":"post_tag","embeddable":true,"href":"https:\/\/fedai.az\/index.php?rest_route=%2Fwp%2Fv2%2Ftags&post=49647"}],"curies":[{"name":"wp","href":"https:\/\/api.w.org\/{rel}","templated":true}]}}