{"id":49660,"date":"2021-09-28T03:26:41","date_gmt":"2021-09-27T23:26:41","guid":{"rendered":"https:\/\/fedai.az\/?p=49660"},"modified":"2021-09-28T03:26:43","modified_gmt":"2021-09-27T23:26:43","slug":"aspa-m%c9%99ruz%c9%99cisi-agdam-s%c9%99h%c9%99rind%c9%99-vaxtil%c9%99-insan-yasadigina-inanmaq-olmur","status":"publish","type":"post","link":"https:\/\/fedai.az\/?p=49660","title":{"rendered":"A\u015ePA m\u0259ruz\u0259\u00e7isi: &#171;A\u011fdam \u015f\u0259h\u0259rind\u0259 vaxtil\u0259 insan ya\u015fad\u0131\u011f\u0131na inanmaq olmur&#187;"},"content":{"rendered":"\n<p><strong>&#171;A\u011fdam \u015f\u0259h\u0259rind\u0259 vaxtil\u0259 30 min insan\u0131n ya\u015fad\u0131\u011f\u0131na inanmaq olmur&#187;.<\/strong><\/p>\n\n\n\n<p><br>Bunu Avropa \u015euras\u0131 Parlament Assembleyas\u0131n\u0131n (A\u015ePA) bu g\u00fcn ke\u00e7iril\u0259n pay\u0131z sessiyas\u0131 zaman\u0131 &#171;Erm\u0259nistan v\u0259 Az\u0259rbaycan aras\u0131ndak\u0131 m\u00fcnaqi\u015f\u0259nin humanitar n\u0259tic\u0259l\u0259ri&#187; adl\u0131 hesabat\u0131n m\u00fc\u0259llifi, irlandiyal\u0131 deputat Pol Qavan (Paul Gavan) bildirib.<\/p>\n\n\n\n<p><br>&#171;A\u011fdamda oldu\u011fum zaman \u015f\u0259h\u0259rin yerl\u0259 yeksan oldu\u011funu g\u00f6rd\u00fcm. \u018fvv\u0259ll\u0259r 30 min \u0259halisi olan \u015f\u0259h\u0259r tamamil\u0259 xarabal\u0131\u011fa \u00e7evrilib. Bu \u015f\u0259h\u0259rd\u0259 \u0259vv\u0259ll\u0259r insanlar\u0131n ya\u015fad\u0131\u011f\u0131na inanmaq bel\u0259 bu g\u00fcn \u00e7\u0259tindir&#187; &#8212; m\u0259ruz\u0259\u00e7i deyib.<\/p>\n\n\n\n<p>\u0130rlandiyal\u0131 deputat A\u015ePA \u00fczvl\u0259rini iki xalq aras\u0131nda s\u00fclh\u00fcn yaranmas\u0131 namin\u0259 f\u0259al t\u0259dbirl\u0259r g\u00f6rm\u0259y\u0259 d\u0259v\u0259t edib: &#171;S\u00fclh\u0259 nail olmaq \u00fc\u00e7\u00fcn qar\u015f\u0131l\u0131ql\u0131 inam\u0131n yaranmas\u0131 vacibdir. Bunun \u00fc\u00e7\u00fcn biz \u0259limzd\u0259n g\u0259l\u0259ni \u0259sirg\u0259m\u0259m\u0259liyik&#187;.<\/p>\n\n\n\n<p><br>M\u0259nb\u0259: Report<\/p>\n","protected":false},"excerpt":{"rendered":"<p>&#171;A\u011fdam \u015f\u0259h\u0259rind\u0259 vaxtil\u0259 30 min insan\u0131n ya\u015fad\u0131\u011f\u0131na inanmaq olmur&#187;. Bunu Avropa \u015euras\u0131 Parlament Assembleyas\u0131n\u0131n (A\u015ePA) bu g\u00fcn ke\u00e7iril\u0259n pay\u0131z sessiyas\u0131 zaman\u0131 &#171;Erm\u0259nistan v\u0259 Az\u0259rbaycan<\/p>\n","protected":false},"author":2,"featured_media":49661,"comment_status":"closed","ping_status":"closed","sticky":false,"template":"","format":"standard","meta":{"footnotes":""},"categories":[5],"tags":[],"class_list":["post-49660","post","type-post","status-publish","format-standard","has-post-thumbnail","hentry","category-veteran"],"aioseo_notices":[],"_links":{"self":[{"href":"https:\/\/fedai.az\/index.php?rest_route=\/wp\/v2\/posts\/49660","targetHints":{"allow":["GET"]}}],"collection":[{"href":"https:\/\/fedai.az\/index.php?rest_route=\/wp\/v2\/posts"}],"about":[{"href":"https:\/\/fedai.az\/index.php?rest_route=\/wp\/v2\/types\/post"}],"author":[{"embeddable":true,"href":"https:\/\/fedai.az\/index.php?rest_route=\/wp\/v2\/users\/2"}],"replies":[{"embeddable":true,"href":"https:\/\/fedai.az\/index.php?rest_route=%2Fwp%2Fv2%2Fcomments&post=49660"}],"version-history":[{"count":1,"href":"https:\/\/fedai.az\/index.php?rest_route=\/wp\/v2\/posts\/49660\/revisions"}],"predecessor-version":[{"id":49662,"href":"https:\/\/fedai.az\/index.php?rest_route=\/wp\/v2\/posts\/49660\/revisions\/49662"}],"wp:featuredmedia":[{"embeddable":true,"href":"https:\/\/fedai.az\/index.php?rest_route=\/wp\/v2\/media\/49661"}],"wp:attachment":[{"href":"https:\/\/fedai.az\/index.php?rest_route=%2Fwp%2Fv2%2Fmedia&parent=49660"}],"wp:term":[{"taxonomy":"category","embeddable":true,"href":"https:\/\/fedai.az\/index.php?rest_route=%2Fwp%2Fv2%2Fcategories&post=49660"},{"taxonomy":"post_tag","embeddable":true,"href":"https:\/\/fedai.az\/index.php?rest_route=%2Fwp%2Fv2%2Ftags&post=49660"}],"curies":[{"name":"wp","href":"https:\/\/api.w.org\/{rel}","templated":true}]}}