{"id":49663,"date":"2021-09-28T03:33:57","date_gmt":"2021-09-27T23:33:57","guid":{"rendered":"https:\/\/fedai.az\/?p=49663"},"modified":"2021-09-28T03:34:02","modified_gmt":"2021-09-27T23:34:02","slug":"sair%c9%99-n%c9%99sib%c9%99-israfilqizinin-avmvib-s%c9%99drin%c9%99-h%c9%99sr-etdiyi-seir-doyuscul%c9%99r-arasinda-gund%c9%99m-oldu","status":"publish","type":"post","link":"https:\/\/fedai.az\/?p=49663","title":{"rendered":"\u015eair\u0259 N\u0259sib\u0259 \u0130srafilq\u0131z\u0131n\u0131n AVMV\u0130B s\u0259drin\u0259 h\u0259sr etdiyi \u015feir d\u00f6y\u00fc\u015f\u00e7\u00fcl\u0259r aras\u0131nda g\u00fcnd\u0259m oldu"},"content":{"rendered":"\n<p><strong>\u015eair\u0259-publisist, AYB-nin v\u0259 AJB-nin \u00fczv\u00fc, BMT yan\u0131nda \u00dcmumd\u00fcnya S\u00fclh Federasiyas\u0131n\u0131n \u201cS\u00fclh s\u0259firi\u201d m\u00fckafat\u00e7\u0131s\u0131, \u201cVedibasar\u201d q\u0259zetinin ba\u015f redaktoru, Az\u0259rbaycan V\u0259t\u0259n M\u00fcharib\u0259si Veteranlar\u0131 \u0130ctimai Birliyi (AVMV\u0130B) s\u0259drinin ideoloji i\u015fl\u0259r \u00fczr\u0259 m\u00fc\u015faviri N\u0259sib\u0259 \u0130srafilq\u0131z\u0131n\u0131n yazd\u0131\u011f\u0131 \u00abA da\u011flar o\u011flu\u00bb \u015feirin\u0259 b\u0259st\u0259kar Yaqut Almaz musiqi b\u0259st\u0259l\u0259yib v\u0259 Mir\u0259l\u0259m Mir\u0259l\u0259movun ifas\u0131nda \u015fair\u0259 t\u0259r\u0259find\u0259n YouTube-y\u0259 yerl\u0259\u015fdirilib.<\/strong><\/p>\n\n\n\n<figure class=\"wp-block-gallery columns-2 is-cropped wp-block-gallery-1 is-layout-flex wp-block-gallery-is-layout-flex\"><ul class=\"blocks-gallery-grid\"><li class=\"blocks-gallery-item\"><figure><img loading=\"lazy\" decoding=\"async\" width=\"224\" height=\"269\" src=\"https:\/\/fedai.az\/wp-content\/uploads\/2021\/09\/t5-2.jpg\" alt=\"\" data-id=\"49530\" data-full-url=\"https:\/\/fedai.az\/wp-content\/uploads\/2021\/09\/t5-2.jpg\" data-link=\"https:\/\/fedai.az\/?attachment_id=49530\" class=\"wp-image-49530\" srcset=\"https:\/\/fedai.az\/wp-content\/uploads\/2021\/09\/t5-2.jpg 224w, https:\/\/fedai.az\/wp-content\/uploads\/2021\/09\/t5-2-125x150.jpg 125w\" sizes=\"auto, (max-width: 224px) 100vw, 224px\" \/><\/figure><\/li><li class=\"blocks-gallery-item\"><figure><img loading=\"lazy\" decoding=\"async\" width=\"576\" height=\"400\" src=\"https:\/\/fedai.az\/wp-content\/uploads\/2021\/09\/modern.az_IMG-20201018-WA0001-576x1024-1_990-576x400-1.jpg\" alt=\"\" data-id=\"49492\" data-full-url=\"https:\/\/fedai.az\/wp-content\/uploads\/2021\/09\/modern.az_IMG-20201018-WA0001-576x1024-1_990-576x400-1.jpg\" data-link=\"https:\/\/fedai.az\/?attachment_id=49492\" class=\"wp-image-49492\" srcset=\"https:\/\/fedai.az\/wp-content\/uploads\/2021\/09\/modern.az_IMG-20201018-WA0001-576x1024-1_990-576x400-1.jpg 576w, https:\/\/fedai.az\/wp-content\/uploads\/2021\/09\/modern.az_IMG-20201018-WA0001-576x1024-1_990-576x400-1-300x208.jpg 300w, https:\/\/fedai.az\/wp-content\/uploads\/2021\/09\/modern.az_IMG-20201018-WA0001-576x1024-1_990-576x400-1-150x104.jpg 150w\" sizes=\"auto, (max-width: 576px) 100vw, 576px\" \/><\/figure><\/li><\/ul><\/figure>\n\n\n\n<p><br>\u00c7oxminlik Az\u0259rbaycan V\u0259t\u0259n M\u00fcharib\u0259si Veteranlar\u0131 \u0130ctimai Birliyi (AVMV\u0130B) \u00fczvl\u0259ri ad\u0131ndan \u015fair\u0259 xan\u0131m N\u0259sib\u0259 \u0130srafilq\u0131z\u0131na t\u0259\u015f\u0259kk\u00fcr\u00fcm\u00fcz\u00fc bildiririk.<\/p>\n\n\n\n<p>Xat\u0131rladaq ki, AVMV\u0130B s\u0259drinin ideoloji i\u015fl\u0259r \u00fczr\u0259 m\u00fc\u015faviri kimi N\u0259sib\u0259 \u0130srafilq\u0131z\u0131 yorulmadan v\u0259t\u0259np\u0259rv\u0259rlik ruhunun y\u00fcks\u0259ldilm\u0259si, g\u0259nc d\u00f6y\u00fc\u015f\u00e7\u00fcl\u0259rin c\u0259miyy\u0259t\u0259 adaptasiya olunmas\u0131 sah\u0259sind\u0259 \u00e7al\u0131\u015fmaqdad\u0131r.<\/p>\n\n\n\n<figure class=\"wp-block-embed is-type-video is-provider-youtube wp-block-embed-youtube wp-embed-aspect-16-9 wp-has-aspect-ratio\"><div class=\"wp-block-embed__wrapper\">\n<iframe loading=\"lazy\" title=\"N\u0259sib\u0259 \u0130srafilq\u0131z\u0131-A Da\u011flar O\u011flu \u0130fa:Miril\u0259m Mir\u0259l\u0259mov Mus:Yaqut Almaz\" width=\"715\" height=\"402\" src=\"https:\/\/www.youtube.com\/embed\/3gC0i9g6Gng?feature=oembed\" frameborder=\"0\" allow=\"accelerometer; autoplay; clipboard-write; encrypted-media; gyroscope; picture-in-picture\" allowfullscreen><\/iframe>\n<\/div><\/figure>\n\n\n\n<p><br><strong>P.S. T\u0259qdim olunan r\u0259smi tan\u0131nm\u0131\u015f r\u0259ssam\u0131m\u0131z (m\u0259rhum) G\u00fcnd\u00fcz \u018flizad\u0259 \u00e7\u0259kib \u2014 1993-c\u00fc il.<\/strong><\/p>\n\n\n\n<p><strong>AVMV\u0130B M\u0259tbuat Xidm\u0259ti<\/strong><\/p>\n\n\n\n<figure class=\"wp-block-image size-large is-resized\"><img loading=\"lazy\" decoding=\"async\" src=\"https:\/\/fedai.az\/wp-content\/uploads\/2021\/09\/142251303_252013763242026_1749312191194302376_n-768x1024.jpg\" alt=\"\" class=\"wp-image-49494\" width=\"933\" height=\"1244\" srcset=\"https:\/\/fedai.az\/wp-content\/uploads\/2021\/09\/142251303_252013763242026_1749312191194302376_n-768x1024.jpg 768w, https:\/\/fedai.az\/wp-content\/uploads\/2021\/09\/142251303_252013763242026_1749312191194302376_n-225x300.jpg 225w, https:\/\/fedai.az\/wp-content\/uploads\/2021\/09\/142251303_252013763242026_1749312191194302376_n-113x150.jpg 113w, https:\/\/fedai.az\/wp-content\/uploads\/2021\/09\/142251303_252013763242026_1749312191194302376_n.jpg 960w\" sizes=\"auto, (max-width: 933px) 100vw, 933px\" \/><\/figure>\n","protected":false},"excerpt":{"rendered":"<p>\u015eair\u0259-publisist, AYB-nin v\u0259 AJB-nin \u00fczv\u00fc, BMT yan\u0131nda \u00dcmumd\u00fcnya S\u00fclh Federasiyas\u0131n\u0131n \u201cS\u00fclh s\u0259firi\u201d m\u00fckafat\u00e7\u0131s\u0131, \u201cVedibasar\u201d q\u0259zetinin ba\u015f redaktoru, Az\u0259rbaycan V\u0259t\u0259n M\u00fcharib\u0259si Veteranlar\u0131 \u0130ctimai Birliyi (AVMV\u0130B)<\/p>\n","protected":false},"author":2,"featured_media":49529,"comment_status":"closed","ping_status":"closed","sticky":false,"template":"","format":"standard","meta":{"footnotes":""},"categories":[3],"tags":[],"class_list":["post-49663","post","type-post","status-publish","format-standard","has-post-thumbnail","hentry","category-gundm"],"aioseo_notices":[],"_links":{"self":[{"href":"https:\/\/fedai.az\/index.php?rest_route=\/wp\/v2\/posts\/49663","targetHints":{"allow":["GET"]}}],"collection":[{"href":"https:\/\/fedai.az\/index.php?rest_route=\/wp\/v2\/posts"}],"about":[{"href":"https:\/\/fedai.az\/index.php?rest_route=\/wp\/v2\/types\/post"}],"author":[{"embeddable":true,"href":"https:\/\/fedai.az\/index.php?rest_route=\/wp\/v2\/users\/2"}],"replies":[{"embeddable":true,"href":"https:\/\/fedai.az\/index.php?rest_route=%2Fwp%2Fv2%2Fcomments&post=49663"}],"version-history":[{"count":1,"href":"https:\/\/fedai.az\/index.php?rest_route=\/wp\/v2\/posts\/49663\/revisions"}],"predecessor-version":[{"id":49664,"href":"https:\/\/fedai.az\/index.php?rest_route=\/wp\/v2\/posts\/49663\/revisions\/49664"}],"wp:featuredmedia":[{"embeddable":true,"href":"https:\/\/fedai.az\/index.php?rest_route=\/wp\/v2\/media\/49529"}],"wp:attachment":[{"href":"https:\/\/fedai.az\/index.php?rest_route=%2Fwp%2Fv2%2Fmedia&parent=49663"}],"wp:term":[{"taxonomy":"category","embeddable":true,"href":"https:\/\/fedai.az\/index.php?rest_route=%2Fwp%2Fv2%2Fcategories&post=49663"},{"taxonomy":"post_tag","embeddable":true,"href":"https:\/\/fedai.az\/index.php?rest_route=%2Fwp%2Fv2%2Ftags&post=49663"}],"curies":[{"name":"wp","href":"https:\/\/api.w.org\/{rel}","templated":true}]}}