{"id":49665,"date":"2021-09-28T09:32:35","date_gmt":"2021-09-28T05:32:35","guid":{"rendered":"https:\/\/fedai.az\/?p=49665"},"modified":"2021-09-28T09:35:50","modified_gmt":"2021-09-28T05:35:50","slug":"goygol-veteranlari-anim-t%c9%99dbirind%c9%99-istirak-edibl%c9%99r","status":"publish","type":"post","link":"https:\/\/fedai.az\/?p=49665","title":{"rendered":"G\u00f6yg\u00f6l veteranlar\u0131 An\u0131m t\u0259dbirind\u0259 i\u015ftirak edibl\u0259r"},"content":{"rendered":"\n<p><strong>G\u00f6yg\u00f6l rayonunda 27 Sentyabr V\u0259t\u0259n m\u00fcharib\u0259sinin An\u0131m G\u00fcn\u00fc il\u0259 ba\u011fl\u0131 \u015f\u0259h\u0259r \u0259razisind\u0259 silsil\u0259 t\u0259dbirl\u0259r t\u0259\u015fkil olunub.<br>Bu bar\u0259d\u0259 Az\u0259rbaycan V\u0259t\u0259n M\u00fcharib\u0259si Veteranlar\u0131 \u0130ctimai Birliyi (AVMV\u0130B) G\u00f6yg\u00f6l rayon \u015f\u00f6b\u0259sinin s\u0259dri H\u0259bib H\u00fcseynov m\u0259lumat verib.<\/strong><\/p>\n\n\n\n<p><br>27 Sentyabr &#8212; An\u0131m G\u00fcn\u00fc il\u0259 ba\u011fl\u0131 rayonda saat 12:00-da V\u0259t\u0259n m\u00fcharib\u0259si \u015f\u0259hidl\u0259rinin \u0259ziz xatir\u0259si bir d\u0259qiq\u0259lik s\u00fckutla yad edilib.<\/p>\n\n\n\n<figure class=\"wp-block-image size-large\"><img loading=\"lazy\" decoding=\"async\" width=\"1024\" height=\"576\" src=\"https:\/\/fedai.az\/wp-content\/uploads\/2021\/09\/243321808_111870317921681_3572856123496156741_n-1024x576.jpg\" alt=\"\" class=\"wp-image-49666\" srcset=\"https:\/\/fedai.az\/wp-content\/uploads\/2021\/09\/243321808_111870317921681_3572856123496156741_n-1024x576.jpg 1024w, https:\/\/fedai.az\/wp-content\/uploads\/2021\/09\/243321808_111870317921681_3572856123496156741_n-300x169.jpg 300w, https:\/\/fedai.az\/wp-content\/uploads\/2021\/09\/243321808_111870317921681_3572856123496156741_n-150x84.jpg 150w, https:\/\/fedai.az\/wp-content\/uploads\/2021\/09\/243321808_111870317921681_3572856123496156741_n-768x432.jpg 768w, https:\/\/fedai.az\/wp-content\/uploads\/2021\/09\/243321808_111870317921681_3572856123496156741_n.jpg 1280w\" sizes=\"auto, (max-width: 1024px) 100vw, 1024px\" \/><\/figure>\n\n\n\n<p><br>27 sentyabr &#8212; An\u0131m G\u00fcn\u00fc il\u0259 ba\u011fl\u0131 G\u00f6yg\u00f6l rayonunda saat 12:00-da V\u0259t\u0259n m\u00fcharib\u0259si \u015f\u0259hidl\u0259rinin \u0259ziz xatir\u0259si bir d\u0259qiq\u0259lik s\u00fckutla yad edilib.<\/p>\n\n\n\n<p><br>M\u0259rasim i\u015ftirak\u00e7\u0131lar\u0131, \u015f\u0259hid valideynl\u0259ri \u015f\u0259hidl\u0259rin m\u0259zarlar\u0131n\u0131 ziyar\u0259t ed\u0259r\u0259k g\u00fcl d\u0259st\u0259l\u0259ri d\u00fcz\u00fcbl\u0259r.<\/p>\n\n\n\n<p><strong>Allah r\u0259hm\u0259t el\u0259sin!<\/strong><\/p>\n\n\n\n<p><strong>Nurlan<\/strong><\/p>\n\n\n\n<figure class=\"wp-block-image size-large\"><img loading=\"lazy\" decoding=\"async\" width=\"1024\" height=\"576\" src=\"https:\/\/fedai.az\/wp-content\/uploads\/2021\/09\/243375253_111870491254997_6198150257511943943_n-1024x576.jpg\" alt=\"\" class=\"wp-image-49667\" srcset=\"https:\/\/fedai.az\/wp-content\/uploads\/2021\/09\/243375253_111870491254997_6198150257511943943_n-1024x576.jpg 1024w, https:\/\/fedai.az\/wp-content\/uploads\/2021\/09\/243375253_111870491254997_6198150257511943943_n-300x169.jpg 300w, https:\/\/fedai.az\/wp-content\/uploads\/2021\/09\/243375253_111870491254997_6198150257511943943_n-150x84.jpg 150w, https:\/\/fedai.az\/wp-content\/uploads\/2021\/09\/243375253_111870491254997_6198150257511943943_n-768x432.jpg 768w, https:\/\/fedai.az\/wp-content\/uploads\/2021\/09\/243375253_111870491254997_6198150257511943943_n.jpg 1280w\" sizes=\"auto, (max-width: 1024px) 100vw, 1024px\" \/><\/figure>\n\n\n\n<figure class=\"wp-block-image size-large\"><img loading=\"lazy\" decoding=\"async\" width=\"1024\" height=\"768\" src=\"https:\/\/fedai.az\/wp-content\/uploads\/2021\/09\/243052680_111870801254966_1604734339104818612_n-1024x768.jpg\" alt=\"\" class=\"wp-image-49670\" srcset=\"https:\/\/fedai.az\/wp-content\/uploads\/2021\/09\/243052680_111870801254966_1604734339104818612_n-1024x768.jpg 1024w, https:\/\/fedai.az\/wp-content\/uploads\/2021\/09\/243052680_111870801254966_1604734339104818612_n-300x225.jpg 300w, https:\/\/fedai.az\/wp-content\/uploads\/2021\/09\/243052680_111870801254966_1604734339104818612_n-150x113.jpg 150w, https:\/\/fedai.az\/wp-content\/uploads\/2021\/09\/243052680_111870801254966_1604734339104818612_n-768x576.jpg 768w, https:\/\/fedai.az\/wp-content\/uploads\/2021\/09\/243052680_111870801254966_1604734339104818612_n.jpg 1040w\" sizes=\"auto, (max-width: 1024px) 100vw, 1024px\" \/><\/figure>\n\n\n\n<figure class=\"wp-block-image size-large\"><img loading=\"lazy\" decoding=\"async\" width=\"1024\" height=\"768\" src=\"https:\/\/fedai.az\/wp-content\/uploads\/2021\/09\/243163259_111870654588314_2431409634109270857_n-1024x768.jpg\" alt=\"\" class=\"wp-image-49669\" srcset=\"https:\/\/fedai.az\/wp-content\/uploads\/2021\/09\/243163259_111870654588314_2431409634109270857_n-1024x768.jpg 1024w, https:\/\/fedai.az\/wp-content\/uploads\/2021\/09\/243163259_111870654588314_2431409634109270857_n-300x225.jpg 300w, https:\/\/fedai.az\/wp-content\/uploads\/2021\/09\/243163259_111870654588314_2431409634109270857_n-150x113.jpg 150w, https:\/\/fedai.az\/wp-content\/uploads\/2021\/09\/243163259_111870654588314_2431409634109270857_n-768x576.jpg 768w, https:\/\/fedai.az\/wp-content\/uploads\/2021\/09\/243163259_111870654588314_2431409634109270857_n.jpg 1032w\" sizes=\"auto, (max-width: 1024px) 100vw, 1024px\" \/><\/figure>\n\n\n\n<figure class=\"wp-block-image size-large is-resized\"><img loading=\"lazy\" decoding=\"async\" src=\"https:\/\/fedai.az\/wp-content\/uploads\/2021\/09\/243153077_111870721254974_1706946743109983995_n-768x1024.jpg\" alt=\"\" class=\"wp-image-49671\" width=\"922\" height=\"1229\" srcset=\"https:\/\/fedai.az\/wp-content\/uploads\/2021\/09\/243153077_111870721254974_1706946743109983995_n-768x1024.jpg 768w, https:\/\/fedai.az\/wp-content\/uploads\/2021\/09\/243153077_111870721254974_1706946743109983995_n-225x300.jpg 225w, https:\/\/fedai.az\/wp-content\/uploads\/2021\/09\/243153077_111870721254974_1706946743109983995_n-113x150.jpg 113w, https:\/\/fedai.az\/wp-content\/uploads\/2021\/09\/243153077_111870721254974_1706946743109983995_n.jpg 780w\" sizes=\"auto, (max-width: 922px) 100vw, 922px\" \/><\/figure>\n","protected":false},"excerpt":{"rendered":"<p>G\u00f6yg\u00f6l rayonunda 27 Sentyabr V\u0259t\u0259n m\u00fcharib\u0259sinin An\u0131m G\u00fcn\u00fc il\u0259 ba\u011fl\u0131 \u015f\u0259h\u0259r \u0259razisind\u0259 silsil\u0259 t\u0259dbirl\u0259r t\u0259\u015fkil olunub.Bu bar\u0259d\u0259 Az\u0259rbaycan V\u0259t\u0259n M\u00fcharib\u0259si Veteranlar\u0131 \u0130ctimai Birliyi (AVMV\u0130B)<\/p>\n","protected":false},"author":2,"featured_media":49668,"comment_status":"closed","ping_status":"closed","sticky":false,"template":"","format":"standard","meta":{"footnotes":""},"categories":[5],"tags":[],"class_list":["post-49665","post","type-post","status-publish","format-standard","has-post-thumbnail","hentry","category-veteran"],"aioseo_notices":[],"_links":{"self":[{"href":"https:\/\/fedai.az\/index.php?rest_route=\/wp\/v2\/posts\/49665","targetHints":{"allow":["GET"]}}],"collection":[{"href":"https:\/\/fedai.az\/index.php?rest_route=\/wp\/v2\/posts"}],"about":[{"href":"https:\/\/fedai.az\/index.php?rest_route=\/wp\/v2\/types\/post"}],"author":[{"embeddable":true,"href":"https:\/\/fedai.az\/index.php?rest_route=\/wp\/v2\/users\/2"}],"replies":[{"embeddable":true,"href":"https:\/\/fedai.az\/index.php?rest_route=%2Fwp%2Fv2%2Fcomments&post=49665"}],"version-history":[{"count":2,"href":"https:\/\/fedai.az\/index.php?rest_route=\/wp\/v2\/posts\/49665\/revisions"}],"predecessor-version":[{"id":49673,"href":"https:\/\/fedai.az\/index.php?rest_route=\/wp\/v2\/posts\/49665\/revisions\/49673"}],"wp:featuredmedia":[{"embeddable":true,"href":"https:\/\/fedai.az\/index.php?rest_route=\/wp\/v2\/media\/49668"}],"wp:attachment":[{"href":"https:\/\/fedai.az\/index.php?rest_route=%2Fwp%2Fv2%2Fmedia&parent=49665"}],"wp:term":[{"taxonomy":"category","embeddable":true,"href":"https:\/\/fedai.az\/index.php?rest_route=%2Fwp%2Fv2%2Fcategories&post=49665"},{"taxonomy":"post_tag","embeddable":true,"href":"https:\/\/fedai.az\/index.php?rest_route=%2Fwp%2Fv2%2Ftags&post=49665"}],"curies":[{"name":"wp","href":"https:\/\/api.w.org\/{rel}","templated":true}]}}