{"id":49674,"date":"2021-09-28T09:39:39","date_gmt":"2021-09-28T05:39:39","guid":{"rendered":"https:\/\/fedai.az\/?p=49674"},"modified":"2021-09-28T09:40:59","modified_gmt":"2021-09-28T05:40:59","slug":"49674","status":"publish","type":"post","link":"https:\/\/fedai.az\/?p=49674","title":{"rendered":"Bil\u0259suvarl\u0131 veteranlar \u015f\u0259hid m\u0259zarlar\u0131n\u0131 ziyar\u0259t etdil\u0259r"},"content":{"rendered":"\n<p><strong>Prezident \u0130lham \u018fliyevin Az\u0259rbaycan Respublikas\u0131nda An\u0131m G\u00fcn\u00fcn\u00fcn t\u0259sis edilm\u0259si haqq\u0131nda S\u0259r\u0259ncam\u0131na uy\u011fun olaraq Bul\u0259suvar rayonunda da An\u0131m t\u0259dbirl\u0259ri ke\u00e7irilib.<\/strong><\/p>\n\n\n\n<p><br>Bu bar\u0259d\u0259 Az\u0259rbaycan V\u0259t\u0259n M\u00fcharib\u0259si Veteranlar\u0131 \u0130ctimai Birliyi (AVMV\u0130B) Bil\u0259suvar rayon \u015f\u00f6b\u0259sinin s\u0259dri Qurban Qurbanov m\u0259lumat verib.<\/p>\n\n\n\n<p><br>27 Sentyabr &#8212; An\u0131m G\u00fcn\u00fc il\u0259 ba\u011fl\u0131 rayonda saat 12:00-da V\u0259t\u0259n m\u00fcharib\u0259si \u015f\u0259hidl\u0259rinin \u0259ziz xatir\u0259si bir d\u0259qiq\u0259lik s\u00fckutla yad edilib.<\/p>\n\n\n\n<p><br>27 sentyabr &#8212; An\u0131m G\u00fcn\u00fc il\u0259 ba\u011fl\u0131 m\u00fcnasib\u0259tiyl\u0259 rayon veteranlar\u0131 \u015f\u0259hidl\u0259rin m\u0259zarlar\u0131n\u0131 ziyar\u0259t ed\u0259r\u0259k g\u00fcl d\u0259st\u0259l\u0259ri d\u00fcz\u00fcbl\u0259r.<br><\/p>\n\n\n\n<p><strong>Allah r\u0259hm\u0259t el\u0259sin!<\/strong><\/p>\n\n\n\n<figure class=\"wp-block-image size-large is-resized\"><img loading=\"lazy\" decoding=\"async\" src=\"https:\/\/fedai.az\/wp-content\/uploads\/2021\/09\/243159483_111871564588223_6438613892056734038_n-1.jpg\" alt=\"\" class=\"wp-image-49675\" width=\"919\" height=\"689\" srcset=\"https:\/\/fedai.az\/wp-content\/uploads\/2021\/09\/243159483_111871564588223_6438613892056734038_n-1.jpg 720w, https:\/\/fedai.az\/wp-content\/uploads\/2021\/09\/243159483_111871564588223_6438613892056734038_n-1-300x225.jpg 300w, https:\/\/fedai.az\/wp-content\/uploads\/2021\/09\/243159483_111871564588223_6438613892056734038_n-1-150x113.jpg 150w\" sizes=\"auto, (max-width: 919px) 100vw, 919px\" \/><\/figure>\n\n\n\n<figure class=\"wp-block-gallery columns-2 is-cropped wp-block-gallery-1 is-layout-flex wp-block-gallery-is-layout-flex\"><ul class=\"blocks-gallery-grid\"><li class=\"blocks-gallery-item\"><figure><img loading=\"lazy\" decoding=\"async\" width=\"526\" height=\"935\" src=\"https:\/\/fedai.az\/wp-content\/uploads\/2021\/09\/243271289_111871201254926_8547711010277662024_n-1.jpg\" alt=\"\" data-id=\"49676\" data-link=\"https:\/\/fedai.az\/?attachment_id=49676\" class=\"wp-image-49676\" srcset=\"https:\/\/fedai.az\/wp-content\/uploads\/2021\/09\/243271289_111871201254926_8547711010277662024_n-1.jpg 526w, https:\/\/fedai.az\/wp-content\/uploads\/2021\/09\/243271289_111871201254926_8547711010277662024_n-1-169x300.jpg 169w, https:\/\/fedai.az\/wp-content\/uploads\/2021\/09\/243271289_111871201254926_8547711010277662024_n-1-84x150.jpg 84w\" sizes=\"auto, (max-width: 526px) 100vw, 526px\" \/><\/figure><\/li><li class=\"blocks-gallery-item\"><figure><img loading=\"lazy\" decoding=\"async\" width=\"526\" height=\"701\" src=\"https:\/\/fedai.az\/wp-content\/uploads\/2021\/09\/243111318_111871274588252_7341300212777065065_n-1.jpg\" alt=\"\" data-id=\"49677\" data-full-url=\"https:\/\/fedai.az\/wp-content\/uploads\/2021\/09\/243111318_111871274588252_7341300212777065065_n-1.jpg\" data-link=\"https:\/\/fedai.az\/?attachment_id=49677\" class=\"wp-image-49677\" srcset=\"https:\/\/fedai.az\/wp-content\/uploads\/2021\/09\/243111318_111871274588252_7341300212777065065_n-1.jpg 526w, https:\/\/fedai.az\/wp-content\/uploads\/2021\/09\/243111318_111871274588252_7341300212777065065_n-1-225x300.jpg 225w, https:\/\/fedai.az\/wp-content\/uploads\/2021\/09\/243111318_111871274588252_7341300212777065065_n-1-113x150.jpg 113w\" sizes=\"auto, (max-width: 526px) 100vw, 526px\" \/><\/figure><\/li><\/ul><\/figure>\n","protected":false},"excerpt":{"rendered":"<p>Prezident \u0130lham \u018fliyevin Az\u0259rbaycan Respublikas\u0131nda An\u0131m G\u00fcn\u00fcn\u00fcn t\u0259sis edilm\u0259si haqq\u0131nda S\u0259r\u0259ncam\u0131na uy\u011fun olaraq Bul\u0259suvar rayonunda da An\u0131m t\u0259dbirl\u0259ri ke\u00e7irilib. Bu bar\u0259d\u0259 Az\u0259rbaycan V\u0259t\u0259n M\u00fcharib\u0259si<\/p>\n","protected":false},"author":2,"featured_media":49678,"comment_status":"closed","ping_status":"closed","sticky":false,"template":"","format":"standard","meta":{"footnotes":""},"categories":[5],"tags":[],"class_list":["post-49674","post","type-post","status-publish","format-standard","has-post-thumbnail","hentry","category-veteran"],"aioseo_notices":[],"_links":{"self":[{"href":"https:\/\/fedai.az\/index.php?rest_route=\/wp\/v2\/posts\/49674","targetHints":{"allow":["GET"]}}],"collection":[{"href":"https:\/\/fedai.az\/index.php?rest_route=\/wp\/v2\/posts"}],"about":[{"href":"https:\/\/fedai.az\/index.php?rest_route=\/wp\/v2\/types\/post"}],"author":[{"embeddable":true,"href":"https:\/\/fedai.az\/index.php?rest_route=\/wp\/v2\/users\/2"}],"replies":[{"embeddable":true,"href":"https:\/\/fedai.az\/index.php?rest_route=%2Fwp%2Fv2%2Fcomments&post=49674"}],"version-history":[{"count":2,"href":"https:\/\/fedai.az\/index.php?rest_route=\/wp\/v2\/posts\/49674\/revisions"}],"predecessor-version":[{"id":49680,"href":"https:\/\/fedai.az\/index.php?rest_route=\/wp\/v2\/posts\/49674\/revisions\/49680"}],"wp:featuredmedia":[{"embeddable":true,"href":"https:\/\/fedai.az\/index.php?rest_route=\/wp\/v2\/media\/49678"}],"wp:attachment":[{"href":"https:\/\/fedai.az\/index.php?rest_route=%2Fwp%2Fv2%2Fmedia&parent=49674"}],"wp:term":[{"taxonomy":"category","embeddable":true,"href":"https:\/\/fedai.az\/index.php?rest_route=%2Fwp%2Fv2%2Fcategories&post=49674"},{"taxonomy":"post_tag","embeddable":true,"href":"https:\/\/fedai.az\/index.php?rest_route=%2Fwp%2Fv2%2Ftags&post=49674"}],"curies":[{"name":"wp","href":"https:\/\/api.w.org\/{rel}","templated":true}]}}