{"id":49681,"date":"2021-09-28T09:45:35","date_gmt":"2021-09-28T05:45:35","guid":{"rendered":"https:\/\/fedai.az\/?p=49681"},"modified":"2021-09-28T10:54:52","modified_gmt":"2021-09-28T06:54:52","slug":"qarabag-qazisi-d%c9%99n-ur%c9%99k-parcalayan-sozl%c9%99rbalama-yem%c9%99k-almaga-imkanim-yoxdur","status":"publish","type":"post","link":"https:\/\/fedai.az\/?p=49681","title":{"rendered":"Qaraba\u011f qazisisind\u0259n \u00fcr\u0259k par\u00e7alayan s\u00f6zl\u0259r:\u201dBalama yem\u0259k alma\u011fa imkan\u0131m yoxdur\u201d"},"content":{"rendered":"\n<p><strong>Az\u0259rbaycan\u0131n m\u00fcst\u0259qilliyi u\u011frunda can\u0131n\u0131 f\u0259da etmi\u015f \u015f\u0259hidl\u0259rimizin ail\u0259l\u0259rin\u0259 va m\u00fcharib\u0259 i\u015ftirak\u00e7\u0131s\u0131 olmu\u015f \u015f\u0259xsl\u0259r\u0259 diqq\u0259t v\u0259 qay\u011f\u0131 \u00f6lk\u0259mizd\u0259 y\u00fcks\u0259k s\u0259viyy\u0259d\u0259dir. Prezident \u0130lham \u018fliyevin v\u0259 Birinci vitse-prezident Mehriban \u018fliyevan\u0131n m\u00fcvafiq g\u00f6st\u0259ri\u015fl\u0259rin\u0259 d\u00f6vl\u0259t qurumlar\u0131 bu kateqoriyadan olan insanlar\u0131n probleml\u0259ri il\u0259 yax\u0131ndan maraqlan\u0131r, probleml\u0259rinin aradan qald\u0131r\u0131lmas\u0131 \u00fc\u00e7\u00fcn m\u00fct\u0259madi olaraq t\u0259dbirl\u0259r h\u0259yata ke\u00e7irilir. <\/strong><\/p>\n\n\n\n<p>Lakin bu&nbsp; t\u0259dbirl\u0259rd\u0259n qay\u011f\u0131dan k\u0259narda qalan qazil\u0259rimiz d\u0259 var. Bunlardan biri \u0130mi\u015fli rayonu R\u0259sullu k\u0259nd sakini Qaraba\u011f qazisi \u0130smay\u0131lov K\u0259nan Mikay\u0131l o\u011fludur. Qazi bildirir ki,&nbsp; bu g\u00fcn\u0259 q\u0259d\u0259r he\u00e7 bir qurum m\u0259nim v\u0259ziyy\u0259timl\u0259 maraqlanmay\u0131b,d\u0259f\u0259l\u0259rl\u0259&nbsp; \u0130mi\u015fli&nbsp; R\u0130H-\u0259 m\u00fcraci\u0259t ets\u0259m d\u0259 m\u0259ni q\u0259bul ed\u0259n olmay\u0131b. Odur ki, AL\u0130 BA\u015e KOMANDAN c\u0259nab \u0130LHAM \u018fL\u0130YEVD\u018fN k\u00f6m\u0259klik ist\u0259yir\u0259m, ail\u0259liy\u0259m&nbsp; bir u\u015faq atas\u0131yam,u\u015fa\u011fa yem\u0259k alma\u011fa bel\u0259 imkan\u0131m yoxdu.<\/p>\n\n\n\n<p>\u018ftrafl\u0131 video s\u00fcjetd\u0259:<\/p>\n\n\n\n<p>M\u0259nb\u0259: Aztimes<\/p>\n\n\n\n<figure class=\"wp-block-embed is-type-video is-provider-youtube wp-block-embed-youtube wp-embed-aspect-16-9 wp-has-aspect-ratio\"><div class=\"wp-block-embed__wrapper\">\n<iframe loading=\"lazy\" title=\"Qaraba\u011f qazisi: U\u015fa\u011f\u0131ma bel\u0259 yem\u0259k ala bilmir\u0259m&quot;\" width=\"715\" height=\"402\" src=\"https:\/\/www.youtube.com\/embed\/2BK6LOfvlDI?feature=oembed\" frameborder=\"0\" allow=\"accelerometer; autoplay; clipboard-write; encrypted-media; gyroscope; picture-in-picture\" allowfullscreen><\/iframe>\n<\/div><\/figure>\n","protected":false},"excerpt":{"rendered":"<p>Az\u0259rbaycan\u0131n m\u00fcst\u0259qilliyi u\u011frunda can\u0131n\u0131 f\u0259da etmi\u015f \u015f\u0259hidl\u0259rimizin ail\u0259l\u0259rin\u0259 va m\u00fcharib\u0259 i\u015ftirak\u00e7\u0131s\u0131 olmu\u015f \u015f\u0259xsl\u0259r\u0259 diqq\u0259t v\u0259 qay\u011f\u0131 \u00f6lk\u0259mizd\u0259 y\u00fcks\u0259k s\u0259viyy\u0259d\u0259dir. Prezident \u0130lham \u018fliyevin v\u0259 Birinci<\/p>\n","protected":false},"author":2,"featured_media":49682,"comment_status":"closed","ping_status":"closed","sticky":false,"template":"","format":"standard","meta":{"footnotes":""},"categories":[5],"tags":[],"class_list":["post-49681","post","type-post","status-publish","format-standard","has-post-thumbnail","hentry","category-veteran"],"aioseo_notices":[],"_links":{"self":[{"href":"https:\/\/fedai.az\/index.php?rest_route=\/wp\/v2\/posts\/49681","targetHints":{"allow":["GET"]}}],"collection":[{"href":"https:\/\/fedai.az\/index.php?rest_route=\/wp\/v2\/posts"}],"about":[{"href":"https:\/\/fedai.az\/index.php?rest_route=\/wp\/v2\/types\/post"}],"author":[{"embeddable":true,"href":"https:\/\/fedai.az\/index.php?rest_route=\/wp\/v2\/users\/2"}],"replies":[{"embeddable":true,"href":"https:\/\/fedai.az\/index.php?rest_route=%2Fwp%2Fv2%2Fcomments&post=49681"}],"version-history":[{"count":3,"href":"https:\/\/fedai.az\/index.php?rest_route=\/wp\/v2\/posts\/49681\/revisions"}],"predecessor-version":[{"id":49692,"href":"https:\/\/fedai.az\/index.php?rest_route=\/wp\/v2\/posts\/49681\/revisions\/49692"}],"wp:featuredmedia":[{"embeddable":true,"href":"https:\/\/fedai.az\/index.php?rest_route=\/wp\/v2\/media\/49682"}],"wp:attachment":[{"href":"https:\/\/fedai.az\/index.php?rest_route=%2Fwp%2Fv2%2Fmedia&parent=49681"}],"wp:term":[{"taxonomy":"category","embeddable":true,"href":"https:\/\/fedai.az\/index.php?rest_route=%2Fwp%2Fv2%2Fcategories&post=49681"},{"taxonomy":"post_tag","embeddable":true,"href":"https:\/\/fedai.az\/index.php?rest_route=%2Fwp%2Fv2%2Ftags&post=49681"}],"curies":[{"name":"wp","href":"https:\/\/api.w.org\/{rel}","templated":true}]}}