{"id":49707,"date":"2021-09-29T00:34:07","date_gmt":"2021-09-28T20:34:07","guid":{"rendered":"https:\/\/fedai.az\/?p=49707"},"modified":"2021-09-29T00:34:15","modified_gmt":"2021-09-28T20:34:15","slug":"prezident-bu-b%c9%99yanat-m%c9%99nim-ucun-hec-bir-%c9%99h%c9%99miyy%c9%99t-dasimir","status":"publish","type":"post","link":"https:\/\/fedai.az\/?p=49707","title":{"rendered":"Prezident: Bu b\u0259yanat m\u0259nim \u00fc\u00e7\u00fcn he\u00e7 bir \u0259h\u0259miyy\u0259t da\u015f\u0131m\u0131r"},"content":{"rendered":"\n<p><strong>Biz \u201cS\u0259rh\u0259dsiz reportyorlar\u201d kimi QHT t\u0259\u015fkilat\u0131 il\u0259 uzun ill\u0259r \u0259vv\u0259l h\u0259r hans\u0131 \u00fcnsiyy\u0259ti dayand\u0131rm\u0131\u015f\u0131q. Bu, b\u0259lk\u0259 d\u0259 15 il \u0259vv\u0259l ba\u015f verib v\u0259 bu, onlar\u0131n Az\u0259rbaycanla ba\u011fl\u0131 \u00e7ox q\u0259r\u0259zli v\u0259 \u0259dal\u0259tsiz m\u00f6vqeyi il\u0259 \u0259laq\u0259dard\u0131r. Bu s\u0259b\u0259bd\u0259n onlar\u0131n hesabat\u0131 m\u0259nim \u00fc\u00e7\u00fcn v\u0259 Az\u0259rbaycan xalq\u0131 \u00fc\u00e7\u00fcn he\u00e7 bir \u0259h\u0259miyy\u0259t da\u015f\u0131m\u0131r.<\/strong><\/p>\n\n\n\n<p>Bu fikirl\u0259ri sentyabr\u0131n 28-d\u0259 Az\u0259rbaycan Respublikas\u0131n\u0131n Prezidenti \u0130lham \u018fliyev Fransan\u0131n \u201cFrance-24\u201d televiziya kanal\u0131na m\u00fcsahib\u0259sind\u0259 \u201cS\u0259rh\u0259dsiz reportyorlar\u201d t\u0259\u015fkilat\u0131 Siz\u0259 m\u00fcraci\u0259t ed\u0259r\u0259k, Az\u0259rbaycan blogeri M\u0259h\u0259mm\u0259d Mirz\u0259liy\u0259 qar\u015f\u0131 h\u0259d\u0259l\u0259r\u0259 v\u0259 zorak\u0131l\u0131\u011fa son qoyma\u011fa \u00e7a\u011f\u0131r\u0131b. O, Fransada qa\u00e7q\u0131n kimi ya\u015fay\u0131r. Mart ay\u0131nda burada ona \u015fidd\u0259tli h\u00fccum edilib, b\u0131\u00e7aq x\u0259sar\u0259ti al\u0131b. Sual\u0131m bel\u0259dir: \u201cS\u0259rh\u0259dsiz reportyorlar\u201d t\u0259\u015fkilat\u0131n\u0131n r\u0259yin\u0259 g\u00f6r\u0259, Siz h\u0259min \u015f\u0259xsl\u0259ri susdurmaq m\u0259qs\u0259dil\u0259 xaric\u0259 adamlar g\u00f6nd\u0259rirsiniz&#187; sual\u0131n\u0131 cavabland\u0131rark\u0259n deyib.<\/p>\n\n\n\n<p>D\u00f6vl\u0259t ba\u015f\u00e7\u0131s\u0131 \u0259lav\u0259 edib:<\/p>\n\n\n\n<p>&#171;Avropada, o c\u00fcml\u0259d\u0259n Fransada y\u00fczl\u0259rl\u0259 insan ya\u015fay\u0131r v\u0259 Az\u0259rbaycanda g\u00f6rd\u00fcy\u00fcm\u00fcz i\u015fl\u0259r onlar\u0131n xo\u015flar\u0131na g\u0259lmir. Onlar Fransada, ba\u015fqa \u00f6lk\u0259l\u0259rd\u0259 ya\u015fay\u0131rlar v\u0259 he\u00e7 k\u0259s onlara toxunmur. \u018fg\u0259r sizin \u00f6lk\u0259d\u0259 ya\u015fayan insanla ba\u011fl\u0131 hadis\u0259 ba\u015f verirs\u0259, bunun ara\u015fd\u0131r\u0131lmas\u0131 m\u0259hz sizin \u00f6lk\u0259nizin h\u00fcquq-m\u00fchafiz\u0259 orqanlar\u0131n\u0131n i\u015fidir. Az\u0259rbaycan\u0131 bu m\u0259s\u0259l\u0259d\u0259 g\u00fcnahland\u0131rmaq QHT-nin i\u015fi deyil. Sizin istintaq\u00e7\u0131lar\u0131n b\u0131\u00e7aqla x\u0259sar\u0259t yetirm\u0259 hal\u0131 il\u0259 ba\u011fl\u0131 kifay\u0259t q\u0259d\u0259r s\u00fcbutlar\u0131 varmi?&#187;<\/p>\n\n\n\n<p>\u0130lham \u018fliyev &#171;Siz h\u0259min \u015f\u0259xsl\u0259 h\u0259r hans\u0131 \u0259laq\u0259nin oldu\u011funu r\u0259dd edirsiniz?&#187; sual\u0131na cavab\u0131nda deyib:<\/p>\n\n\n\n<p>&#171;Tamamil\u0259 bel\u0259dir. Y\u00fcz faiz r\u0259dd edir\u0259m. H\u0259r hans\u0131 s\u00fcbut, ara\u015fd\u0131rma olmadan v\u0259 kimin hans\u0131 cinay\u0259ti t\u00f6r\u0259tdiyini m\u00fc\u0259yy\u0259n etm\u0259d\u0259n b\u00fct\u00fcn ittihamlar tamamil\u0259 \u0259sass\u0131zd\u0131r v\u0259 q\u0259r\u0259zlidir&#187;.<\/p>\n","protected":false},"excerpt":{"rendered":"<p>Biz \u201cS\u0259rh\u0259dsiz reportyorlar\u201d kimi QHT t\u0259\u015fkilat\u0131 il\u0259 uzun ill\u0259r \u0259vv\u0259l h\u0259r hans\u0131 \u00fcnsiyy\u0259ti dayand\u0131rm\u0131\u015f\u0131q. Bu, b\u0259lk\u0259 d\u0259 15 il \u0259vv\u0259l ba\u015f verib v\u0259 bu,<\/p>\n","protected":false},"author":2,"featured_media":0,"comment_status":"closed","ping_status":"closed","sticky":false,"template":"","format":"standard","meta":{"footnotes":""},"categories":[3],"tags":[],"class_list":["post-49707","post","type-post","status-publish","format-standard","hentry","category-gundm"],"aioseo_notices":[],"_links":{"self":[{"href":"https:\/\/fedai.az\/index.php?rest_route=\/wp\/v2\/posts\/49707","targetHints":{"allow":["GET"]}}],"collection":[{"href":"https:\/\/fedai.az\/index.php?rest_route=\/wp\/v2\/posts"}],"about":[{"href":"https:\/\/fedai.az\/index.php?rest_route=\/wp\/v2\/types\/post"}],"author":[{"embeddable":true,"href":"https:\/\/fedai.az\/index.php?rest_route=\/wp\/v2\/users\/2"}],"replies":[{"embeddable":true,"href":"https:\/\/fedai.az\/index.php?rest_route=%2Fwp%2Fv2%2Fcomments&post=49707"}],"version-history":[{"count":1,"href":"https:\/\/fedai.az\/index.php?rest_route=\/wp\/v2\/posts\/49707\/revisions"}],"predecessor-version":[{"id":49709,"href":"https:\/\/fedai.az\/index.php?rest_route=\/wp\/v2\/posts\/49707\/revisions\/49709"}],"wp:attachment":[{"href":"https:\/\/fedai.az\/index.php?rest_route=%2Fwp%2Fv2%2Fmedia&parent=49707"}],"wp:term":[{"taxonomy":"category","embeddable":true,"href":"https:\/\/fedai.az\/index.php?rest_route=%2Fwp%2Fv2%2Fcategories&post=49707"},{"taxonomy":"post_tag","embeddable":true,"href":"https:\/\/fedai.az\/index.php?rest_route=%2Fwp%2Fv2%2Ftags&post=49707"}],"curies":[{"name":"wp","href":"https:\/\/api.w.org\/{rel}","templated":true}]}}