{"id":49710,"date":"2021-09-29T00:55:07","date_gmt":"2021-09-28T20:55:07","guid":{"rendered":"https:\/\/fedai.az\/?p=49710"},"modified":"2021-09-29T00:55:11","modified_gmt":"2021-09-28T20:55:11","slug":"ilham-%c9%99liyev-france-24-televiziya-kanalina-musahib%c9%99-verdi","status":"publish","type":"post","link":"https:\/\/fedai.az\/?p=49710","title":{"rendered":"\u0130lham \u018fliyev \u201cFrance 24\u201d televiziya kanal\u0131na m\u00fcsahib\u0259 verdi"},"content":{"rendered":"\n<p><strong>Sentyabr\u0131n 28-d\u0259 Az\u0259rbaycan Respublikas\u0131n\u0131n Prezidenti \u0130lham \u018fliyev Fransan\u0131n \u201cFrance-24\u201d televiziya kanal\u0131na m\u00fcsahib\u0259 verib.<\/strong><\/p>\n\n\n\n<p>M\u00fcsahib\u0259ni t\u0259qdim edirik.<\/p>\n\n\n\n<p><strong>&#8212; Salam, \u201cFrance-24\u201d kanal\u0131nda Az\u0259rbaycan Respublikas\u0131n\u0131n Prezidenti \u0130lham \u018fliyevl\u0259 ekskl\u00fcziv m\u00fcsahib\u0259y\u0259 xo\u015f g\u0259lmisiniz. O, biz\u0259 Bak\u0131dan qo\u015fulur. C\u0259nab Prezident, \u201cFrance-24\u201d kanal\u0131nda bizim qona\u011f\u0131m\u0131z oldu\u011funuz \u00fc\u00e7\u00fcn \u00e7ox sa\u011f olun.<\/strong><\/p>\n\n\n\n<p>&#8212; Frans\u0131z auditoriyas\u0131 il\u0259 dan\u0131\u015fmaq \u00fc\u00e7\u00fcn m\u0259n\u0259 bu f\u00fcrs\u0259ti verdiyiniz\u0259 g\u00f6r\u0259 t\u0259\u015f\u0259kk\u00fcr edir\u0259m.<\/p>\n\n\n\n<p><strong>&#8212; \u00d6lk\u0259nizin 44 g\u00fcn \u0259rzind\u0259 qalib g\u0259ldiyi Az\u0259rbaycan v\u0259 Erm\u0259nistan aras\u0131nda olan m\u00fcharib\u0259nin ba\u015flanmas\u0131ndan d\u00fcz bir il \u00f6t\u00fcr. Ke\u00e7\u0259n h\u0259ft\u0259 BMT-d\u0259 m\u00fcharib\u0259 bit\u0259nd\u0259n b\u0259ri ilk d\u0259f\u0259 h\u0259r iki \u00f6lk\u0259nin &#8212; Az\u0259rbaycan\u0131n v\u0259 Erm\u0259nistan\u0131n xarici i\u015fl\u0259r nazirl\u0259ri g\u00f6r\u00fc\u015fd\u00fc. Bu, h\u0259r iki t\u0259r\u0259f aras\u0131nda dialoqun yenid\u0259n ba\u015flamas\u0131 v\u0259 s\u00fclh\u0259 \u00fcmidin olaca\u011f\u0131 dem\u0259kdirmi?<\/strong><\/p>\n\n\n\n<p>&#8212; \u00dcmid etm\u0259k ist\u0259rdim ki, bu, bel\u0259dir. \u00c7\u00fcnki Az\u0259rbaycan art\u0131q ne\u00e7\u0259 d\u0259f\u0259 a\u00e7\u0131q \u015f\u0259kild\u0259 Erm\u0259nistanla dialoqa ba\u015flama\u011fa haz\u0131r oldu\u011funu bildirib. S\u00f6hb\u0259t t\u0259kc\u0259 dialoqun ba\u015flan\u0131lmas\u0131ndan getmir, eyni zamanda, Az\u0259rbaycan v\u0259 Erm\u0259nistan aras\u0131nda g\u0259l\u0259c\u0259k s\u00fclh raz\u0131la\u015fmas\u0131n\u0131n \u00fcz\u0259rind\u0259 apar\u0131lacaq i\u015fd\u0259n d\u0259 gedir. M\u00fcharib\u0259 bitib, m\u00fcnaqi\u015f\u0259 \u00f6z h\u0259llini tap\u0131b. Biz regionu daha da proqnozla\u015fd\u0131r\u0131la bil\u0259n, sabit v\u0259 t\u0259hl\u00fck\u0259siz regiona \u00e7evirm\u0259k \u00fc\u00e7\u00fcn yeni f\u0259aliyy\u0259t\u0259 ba\u015flamal\u0131y\u0131q. H\u0259r iki \u00f6lk\u0259nin xarici i\u015fl\u0259r nazirl\u0259rinin g\u00f6r\u00fc\u015f\u00fc bu s\u0259yl\u0259rin yax\u015f\u0131 g\u00f6st\u0259ricisidir. \u00dcmid edir\u0259m ki, bu, t\u0259kc\u0259 bir g\u00f6r\u00fc\u015f yox, yeni bir prosesin ba\u015flan\u011f\u0131c\u0131, Az\u0259rbaycan v\u0259 Erm\u0259nistan aras\u0131nda m\u00fcnasib\u0259tl\u0259rin normalla\u015fmas\u0131 prosesinin v\u0259 C\u0259nubi Qafqaz regionunda geni\u015f \u0259m\u0259kda\u015fl\u0131\u011fa yeni bir miqyas ver\u0259c\u0259k proses olacaq.<\/p>\n\n\n\n<p><strong>&#8212; D\u00fczd\u00fcr, dialoqa yenid\u0259n ba\u015flama\u011fa c\u0259hd etm\u0259k v\u0259 s\u00fclh\u0259 do\u011fru ir\u0259lil\u0259m\u0259k \u00fc\u00e7\u00fcn Erm\u0259nistan r\u0259hb\u0259rliyi &#8212; Erm\u0259nistan\u0131n ba\u015f naziri il\u0259 \u0259laq\u0259 yaratm\u0131s\u0131n\u0131zm\u0131?<\/strong><\/p>\n\n\n\n<p>&#8212; Ke\u00e7\u0259n ilin noyabr ay\u0131nda m\u00fcharib\u0259 bit\u0259nd\u0259n b\u0259ri bizim bir-birimizi g\u00f6rm\u0259k \u00fc\u00e7\u00fcn yaln\u0131z bir imkan\u0131m\u0131z olub. Bu, yanvar ay\u0131nda Rusiya Prezidenti Vladimir Putin t\u0259r\u0259find\u0259n Moskvada t\u0259\u015fkil olunan \u00fc\u00e7t\u0259r\u0259fli g\u00f6r\u00fc\u015f zaman\u0131 olub. G\u00f6r\u00fc\u015f\u00fcn m\u0259qs\u0259di m\u00fcharib\u0259d\u0259n sonra hadis\u0259l\u0259rin gedi\u015fat\u0131n\u0131 planla\u015fd\u0131rmaq idi. Bizim bir-birimizi g\u00f6rm\u0259k \u00fc\u00e7\u00fcn ba\u015fqa imkan\u0131m\u0131z olmay\u0131b. Y\u0259qin ki, bu pandemiya il\u0259 v\u0259 ya ba\u015fqa s\u0259b\u0259bl\u0259rl\u0259 \u0259laq\u0259dar olub. Lakin Az\u0259rbaycan he\u00e7 vaxt, h\u0259tta m\u00fcharib\u0259 zaman\u0131, h\u0259tta i\u015f\u011fal zaman\u0131 bel\u0259 ist\u0259nil\u0259n y\u00fcks\u0259k s\u0259viyy\u0259li t\u0259maslara etiraz\u0131n\u0131 bildirm\u0259yib. \u018fksin\u0259, hesab edirik ki, bu t\u0259maslar h\u0259r iki t\u0259r\u0259fd\u0259 ola bil\u0259n suallar\u0131 cavabland\u0131ra bil\u0259r v\u0259 regionun inki\u015faf\u0131 \u00fc\u00e7\u00fcn yeni ba\u015flan\u011f\u0131c n\u00f6qt\u0259si ola bil\u0259r. Bizim m\u00f6vqeyimiz \u00e7ox ayd\u0131nd\u0131r. Biz m\u00fcnaqi\u015f\u0259nin h\u0259ll olundu\u011funu hesab edirik, ke\u00e7mi\u015f\u0259 qay\u0131d\u0131\u015f olmamal\u0131d\u0131r, Erm\u0259nistanda revan\u015fizm \u0259lam\u0259tl\u0259ri olmamal\u0131d\u0131r. Biz g\u0259l\u0259c\u0259k haqq\u0131nda, s\u00fclh haqq\u0131nda v\u0259 regionu nec\u0259 daha da sabit v\u0259 t\u0259hl\u00fck\u0259siz etm\u0259k imkanlar\u0131 haqq\u0131nda dan\u0131\u015fmal\u0131y\u0131q.<\/p>\n\n\n\n<p><strong>&#8212; Siz bunlar\u0131 s\u00f6yl\u0259m\u0259k \u00fc\u00e7\u00fcn ba\u015f nazir Pa\u015finyana z\u0259ng etm\u0259y\u0259 haz\u0131rs\u0131n\u0131zm\u0131?<\/strong><\/p>\n\n\n\n<p>&#8212; Ola bilsin ki, sizin dediyiniz kimi yox. Ad\u0259t\u0259n iki \u00f6lk\u0259 r\u0259hb\u0259ri aras\u0131nda t\u0259maslar AT\u018fT-in Minsk qrupu \u00e7\u0259r\u00e7iv\u0259sind\u0259 t\u0259\u015fkil olunurdu. Onlar g\u00fcnd\u0259liyi t\u0259klif edirdi, onlar g\u00f6r\u00fc\u015fl\u0259ri t\u0259\u015fkil edirdi. M\u0259nim prezidentlik t\u0259cr\u00fcb\u0259md\u0259 he\u00e7 vaxt Erm\u0259nistan\u0131n h\u0259r hans\u0131 bir r\u0259hb\u0259ri il\u0259 telefon dan\u0131\u015f\u0131\u011f\u0131m olmay\u0131b. Y\u0259qin ki, bu yana\u015fma bunu etm\u0259k \u00fc\u00e7\u00fcn do\u011fru yol deyil. Lakin Minsk qrupunun h\u0259ms\u0259drl\u0259ri bel\u0259 bir g\u00f6r\u00fc\u015f t\u0259klifi il\u0259 \u00e7\u0131x\u0131\u015f ets\u0259l\u0259r, \u0259lb\u0259tt\u0259, biz buna qar\u015f\u0131 \u00e7\u0131xmar\u0131q.<\/p>\n\n\n\n<p><strong>&#8212; M\u00fcharib\u0259nin ild\u00f6n\u00fcm\u00fc il\u0259 \u0259laq\u0259dar m\u00fcraci\u0259tinizd\u0259 Siz dediniz ki, &#8212; m\u0259n Sizd\u0259n sitat g\u0259tirir\u0259m: \u201c\u018fg\u0259r biz erm\u0259ni fa\u015fizminin bir daha ba\u015f qald\u0131rd\u0131\u011f\u0131n\u0131 g\u00f6rs\u0259k, yeni t\u0259hl\u00fck\u0259 g\u00f6rs\u0259k, he\u00e7 bir t\u0259r\u0259dd\u00fcd etm\u0259d\u0259n erm\u0259ni fa\u015fizmini yenid\u0259n \u0259z\u0259c\u0259yik\u201d. Bu, s\u00fclh mesaj\u0131 kimi s\u0259sl\u0259nmir, el\u0259 deyilmi?<\/strong><\/p>\n\n\n\n<p>&#8212; Bilirsiniz, bu, Erm\u0259nistandak\u0131 v\u0259ziyy\u0259ti \u0259ks etdir\u0259n bir fikirdir. Regionda s\u00fclh\u00fcn b\u0259rq\u0259rar olunmas\u0131 il\u0259 ba\u011fl\u0131 bizim m\u00f6vqeyimiz\u0259 g\u0259ldikd\u0259, m\u0259n bir ne\u00e7\u0259 d\u0259f\u0259 a\u00e7\u0131q b\u0259yanatlar vermi\u015f\u0259m v\u0259 y\u0259qin siz internet\u0259 baxsan\u0131z onlar\u0131 tapa bil\u0259rsiniz. Bunlar x\u00fcsusil\u0259 s\u0259rh\u0259dl\u0259rin delimitasiyas\u0131 v\u0259 demarkasiyas\u0131 \u00fcz\u0259rind\u0259 i\u015f\u0259 ba\u015flamaqdan, Erm\u0259nistanla s\u00fclh sazi\u015finin \u00fcz\u0259rind\u0259 apar\u0131lacaq h\u0259rt\u0259r\u0259fli dan\u0131\u015f\u0131qlara haz\u0131rla\u015fma\u011fa ba\u015flamaqdan ibar\u0259tdir. B\u00fct\u00fcn bunlar xo\u015fm\u0259raml\u0131 jestl\u0259rdir. Yeri g\u0259lmi\u015fk\u0259n, bunlar\u0131n he\u00e7 birin\u0259 Erm\u0259nistan r\u0259hb\u0259rliyi t\u0259r\u0259find\u0259n adekvat cavab verilm\u0259yib. Onlar ya bu t\u0259klifl\u0259r\u0259 m\u0259h\u0259l qoymur, ya da ki, haz\u0131r olmad\u0131qlar\u0131n\u0131 deyirl\u0259r. Lakin m\u0259nim b\u0259yanat\u0131m \u00f6z m\u0259n\u015f\u0259yini Erm\u0259nistanda m\u00fc\u015fahid\u0259 etdiyimiz tendensiyadan g\u00f6t\u00fcr\u00fcr. Bu siyasi istabli\u015fmentin b\u0259zi dair\u0259l\u0259rind\u0259 revan\u015fizm tendensiyas\u0131d\u0131r. S\u00f6hb\u0259t t\u0259kc\u0259 m\u00fcxalif\u0259td\u0259n getmir, iqtidardan da gedir. \u0130ntiqam almaq \u00fc\u00e7\u00fcn ictimai b\u0259yanatlardan v\u0259 daha \u00f6n\u0259mlisi praktiki add\u0131mlardan, Erm\u0259nistan\u0131 militarizasiya etm\u0259k c\u0259hdl\u0259rind\u0259n, bir m\u0259qs\u0259d xatirin\u0259 edil\u0259n, m\u00fcharib\u0259y\u0259 yenid\u0259n ba\u015flamaq \u00fc\u00e7\u00fcn yeni m\u00fcasir avadanl\u0131qlara \u00e7\u0131x\u0131\u015f \u0259ld\u0259 etm\u0259k c\u0259hdl\u0259rind\u0259n gedir. Buna g\u00f6r\u0259, m\u0259nim s\u00f6zl\u0259rim kobud g\u00f6r\u00fcn\u0259 bil\u0259r, lakin bu s\u00f6zl\u0259rin \u0259sas m\u0259qs\u0259di Erm\u0259nistan r\u0259hb\u0259rliyi v\u0259 Erm\u0259nistan siyasi istabli\u015fmentini ist\u0259nil\u0259n revan\u015fizm \u0259lam\u0259tl\u0259rin\u0259, xalq\u0131m\u0131za, d\u00f6vl\u0259t\u00e7iliyimiz\u0259 v\u0259 \u0259razi b\u00fct\u00f6vl\u00fcy\u00fcm\u00fcz\u0259 qar\u015f\u0131 ist\u0259nil\u0259n t\u0259hl\u00fck\u0259y\u0259 cavab veril\u0259c\u0259yi haqq\u0131nda x\u0259b\u0259rdar etm\u0259kd\u0259n ibar\u0259t idi. Onlar bizim nec\u0259 cavab verdiyimizi bilir v\u0259 \u0130kinci Qaraba\u011f m\u00fcharib\u0259si onlar\u0131n bizim qar\u015f\u0131m\u0131zda he\u00e7 bir \u015fans\u0131n\u0131n olmad\u0131\u011f\u0131n\u0131 g\u00f6st\u0259rdi. Biz m\u00fcharib\u0259y\u0259 ba\u015flamaq ist\u0259mirik. Bu, biz\u0259 laz\u0131m deyil. Dan\u0131\u015f\u0131qlar apar\u0131lan ill\u0259r \u0259rzind\u0259 bu, biz\u0259 he\u00e7 vaxt laz\u0131m olmay\u0131b. Lakin indi hesab edir\u0259m ki, revan\u015fizm s\u0259yl\u0259rind\u0259n vaz ke\u00e7m\u0259k v\u0259 g\u0259l\u0259c\u0259y\u0259 do\u011fru baxmaq \u00fc\u00e7\u00fcn onlara x\u0259b\u0259rdarl\u0131q etm\u0259k vaxt\u0131d\u0131r.<\/p>\n\n\n\n<p><strong>&#8212; Burada bir m\u0259s\u0259l\u0259 var. Siz hesab edirsinizmi ki, b\u00fct\u00fcn \u0259razil\u0259ri geri qaytarm\u0131s\u0131n\u0131z? \u018fvv\u0259ll\u0259r Sizin b\u0259yanatlar\u0131n\u0131z olub ki, Erm\u0259nistan\u0131n paytaxt\u0131 \u0130r\u0259van q\u0259dim Az\u0259rbaycan torpa\u011f\u0131d\u0131r. B\u0259li, Siz \u00f6t\u0259n il torpaqlar\u0131 geri qaytard\u0131n\u0131z, ancaq yen\u0259 d\u0259 m\u00fc\u0259yy\u0259n suallar var. Erm\u0259nistan\u0131n \u00f6z\u00fcn\u00fcn hesab etdiyi \u0259razil\u0259rl\u0259 ba\u011fl\u0131 h\u0259r hans\u0131 iddian\u0131z varm\u0131?<\/strong><\/p>\n\n\n\n<p>&#8212; Xeyr. M\u0259nim b\u0259yanatlar\u0131mda siz he\u00e7 vaxt \u0259razi iddialar\u0131n\u0131n \u0259lam\u0259tl\u0259rini tapa bilm\u0259zsiniz. M\u0259nim n\u0259z\u0259rd\u0259 tutdu\u011fum tarixi h\u0259qiq\u0259tdir. Bu, bir tarixi faktd\u0131r ki, 1920-ci ild\u0259 sovet hakimiyy\u0259ti Az\u0259rbaycan\u0131n ayr\u0131lmaz hiss\u0259si olan Z\u0259ng\u0259zuru qopararaq onun Erm\u0259nistana birl\u0259\u015fdirilm\u0259si il\u0259 ba\u011fl\u0131 q\u0259rar q\u0259bul edib v\u0259 bu q\u0259rar icra olunub. Bu hadis\u0259 1920-ci ild\u0259 ba\u015f verib &#8212; 101 il bundan \u0259vv\u0259l. Tarixi torpaqlar\u0131m\u0131z haqq\u0131nda dan\u0131\u015fark\u0259n m\u0259n \u0259razi iddialar\u0131ndan b\u0259hs etmirdim. Siz m\u0259nim he\u00e7 bir \u00e7\u0131x\u0131\u015f\u0131mda buna rast g\u0259l\u0259 bilm\u0259zsiniz. Bununla yana\u015f\u0131, h\u0259r bir \u00f6lk\u0259 kimi, biz d\u0259 tariximizi bilm\u0259li, g\u0259nc n\u0259sil q\u0259dim tariximizi bilm\u0259li, ke\u00e7mi\u015fd\u0259 hans\u0131 \u0259razil\u0259rd\u0259 ya\u015fad\u0131\u011f\u0131m\u0131zdan x\u0259b\u0259rdar olmal\u0131 v\u0259 oralara nec\u0259 qay\u0131tmal\u0131 oldu\u011funu bilm\u0259lidir. \u018fmin\u0259m ki, biz oralara qay\u0131daca\u011f\u0131q. M\u0259n art\u0131q bunu demi\u015fdim ki, biz ora tanklarla deyil, piyada, avtoma\u015f\u0131n v\u0259 t\u0259yyar\u0259l\u0259rl\u0259 ged\u0259c\u0259yik. V\u0259ziyy\u0259t normalla\u015fandan sonra s\u00fclh m\u00fcqavil\u0259sin\u0259 nail olunacaqsa, niy\u0259 d\u0259 biz geri qay\u0131tmayaq? Bu, bizim legitim h\u00fcququmuzdur. Lakin sual\u0131n\u0131za cavab ver\u0259rk\u0259n tama\u015fa\u00e7\u0131lar\u0131n\u0131z\u0131n diqq\u0259tini bir m\u0259s\u0259l\u0259y\u0259 c\u0259lb etm\u0259k ist\u0259yir\u0259m ki, Erm\u0259nistan\u0131n Az\u0259rbaycana qar\u015f\u0131 \u0259razi iddialar\u0131 var. Onlar h\u0259l\u0259 d\u0259 iddia edirl\u0259r ki, \u201cDa\u011fl\u0131q Qaraba\u011f\u201d biz\u0259 m\u0259xsus deyil. Onlar h\u0259l\u0259 d\u0259 iddia edirl\u0259r ki, o, ya Erm\u0259nistana m\u0259xsusdur, ya da ki, \u201cm\u00fcst\u0259qil\u201d bir qurumdur. Az\u0259rbaycan\u0131n siyasi v\u0259 co\u011frafi x\u0259rit\u0259sind\u0259 \u201cDa\u011fl\u0131q Qaraba\u011f\u201d adl\u0131 vahid yoxdur. Bel\u0259 bir qurum m\u00f6vcud deyil. Bel\u0259likl\u0259, Erm\u0259nistan, ilk n\u00f6vb\u0259d\u0259, Az\u0259rbaycana qar\u015f\u0131 ist\u0259nil\u0259n \u0259razi iddias\u0131n\u0131 geri g\u00f6t\u00fcrm\u0259li v\u0259 \u00f6z\u00fcn\u00fc yax\u015f\u0131 aparmal\u0131d\u0131r. Biz is\u0259 adekvat m\u00fcnasib\u0259t g\u00f6st\u0259r\u0259c\u0259yik.<\/p>\n\n\n\n<p><strong>&#8212; Siz Qaraba\u011fa muxtariyy\u0259t verm\u0259y\u0259 haz\u0131rs\u0131n\u0131z? Minsk qrupunun \u00fczv\u00fc AB\u015e h\u0259l\u0259 d\u0259 b\u0259yan edir ki, Qaraba\u011f m\u0259s\u0259l\u0259si \u00f6z h\u0259llini tapmay\u0131b. Siz b\u0259yan edirsiniz ki, m\u0259s\u0259l\u0259 h\u0259llini tap\u0131b v\u0259 Qaraba\u011f siz\u0259 m\u0259xsusdur. Lakin ill\u0259r \u0259rzind\u0259 bu m\u00fcnaqi\u015f\u0259d\u0259 vasit\u0259\u00e7ilik ed\u0259n bir s\u0131ra \u00f6lk\u0259l\u0259r iddia edir ki, m\u0259s\u0259l\u0259 h\u0259ll edilm\u0259yib.<\/strong><\/p>\n\n\n\n<p>&#8212; M\u0259nim m\u0259s\u0259l\u0259nin h\u0259ll edilm\u0259diyini dey\u0259n h\u0259min \u00f6lk\u0259l\u0259r\u0259 t\u00f6vsiy\u0259m odur ki, \u00f6z \u0259razil\u0259rind\u0259 erm\u0259nil\u0259ri yerl\u0259\u015fdirm\u0259k v\u0259 \u00f6z \u0259razil\u0259rind\u0259 ikinci Erm\u0259nistan d\u00f6vl\u0259ti yaratmaq \u00fcz\u0259rind\u0259 d\u00fc\u015f\u00fcns\u00fcnl\u0259r. Niy\u0259 onlar hesab edirl\u0259r ki, h\u0259r hans\u0131 h\u00fcquqi, siyasi v\u0259 tarixi \u0259saslar olmadan Az\u0259rbaycan \u0259razisind\u0259 ikinci erm\u0259ni d\u00f6vl\u0259ti yarad\u0131lmal\u0131d\u0131r? M\u0259n dey\u0259nd\u0259 ki, m\u00fcnaqi\u015f\u0259 h\u0259llini tap\u0131b, bu, m\u0259nim m\u00f6vqeyimdir. M\u0259n bu m\u00f6vqeyi m\u00fcdafi\u0259 edir\u0259m. M\u00f6vcud reall\u0131q onu n\u00fcmayi\u015f etdirir ki, bu, d\u00fczg\u00fcn m\u00f6vqedir. M\u00fcnaqi\u015f\u0259nin h\u0259ll olunmamas\u0131 il\u0259 ba\u011fl\u0131 ist\u0259nil\u0259n b\u0259yanat yersiz olmaqla yana\u015f\u0131, t\u0259hl\u00fck\u0259lidir. M\u00fcnaqi\u015f\u0259 h\u0259ll edilm\u0259yib dey\u0259nl\u0259r g\u00f6st\u0259rsinl\u0259r ki, o, nec\u0259 h\u0259ll olunmal\u0131d\u0131r. \u201cDa\u011fl\u0131q Qaraba\u011f\u201d dedikd\u0259 onlar n\u0259yi n\u0259z\u0259rd\u0259 tuturlar? Hans\u0131 s\u0259rh\u0259dl\u0259r \u00e7\u0259r\u00e7iv\u0259sind\u0259, hans\u0131 \u0259razid\u0259, hans\u0131 formada? H\u0259min suallar\u0131 cavabland\u0131rmaq \u00fc\u00e7\u00fcn eyham bel\u0259 yoxdur. Bu s\u0259b\u0259bd\u0259n m\u00fcnaqi\u015f\u0259nin h\u0259ll edilm\u0259diyini s\u00f6yl\u0259m\u0259k qeyri-s\u0259m\u0259r\u0259li v\u0259 t\u0259hl\u00fck\u0259lidir. Bu, o dem\u0259kdir ki, onu h\u0259ll etm\u0259k \u00fc\u00e7\u00fcn d\u00fc\u015fm\u0259n\u00e7ilik xarakterli dig\u0259r h\u0259r\u0259k\u0259tl\u0259r\u0259 ehtiyac var. Sizin muxtariyy\u0259tl\u0259 ba\u011fl\u0131 sual\u0131n\u0131za g\u0259ldikd\u0259, Minsk qrupunun h\u0259ms\u0259drl\u0259ri 28 il s\u00fcr\u0259n m\u0259nas\u0131z dan\u0131\u015f\u0131qlarda Az\u0259rbaycan\u0131n m\u00f6vqeyind\u0259n \u00e7ox yax\u015f\u0131 x\u0259b\u0259rdard\u0131rlar. Biz Az\u0259rbaycanda ya\u015fayan erm\u0259nil\u0259r\u0259 m\u00fc\u0259yy\u0259n s\u0259viyy\u0259d\u0259 \u00f6z\u00fcn\u00fcidar\u0259etm\u0259 t\u0259qdim etm\u0259y\u0259 haz\u0131r idik. Erm\u0259nil\u0259r h\u0259r zaman bunu r\u0259dd edirdil\u0259r. Onlar h\u0259r zaman \u201cyox\u201d deyirdil\u0259r \u2013 yaln\u0131z m\u00fcst\u0259qillik. \u0130ndi is\u0259 m\u00fcnaqi\u015f\u0259 ba\u015fa \u00e7atd\u0131\u011f\u0131ndan, onlar muxtariyy\u0259t haqq\u0131nda dan\u0131\u015f\u0131rlar. Bu is\u0259 bizim g\u00fcnd\u0259liyimiz\u0259 daxil deyil. Bu g\u00fcn Qaraba\u011fda Rusiya s\u00fclhm\u0259raml\u0131lar\u0131n\u0131n m\u0259suliyy\u0259t zonas\u0131nda ya\u015fayan erm\u0259nil\u0259r \u00f6lk\u0259mizd\u0259 ya\u015fayan dig\u0259r etnik qruplar\u0131n n\u00fcmay\u0259nd\u0259l\u0259ri kimi Az\u0259rbaycan v\u0259t\u0259nda\u015flar\u0131d\u0131r.<\/p>\n\n\n\n<p><strong>&#8212; Y\u0259ni, onlara muxtariyy\u0259t verilm\u0259y\u0259c\u0259k. Bu, art\u0131q m\u00fczakir\u0259 m\u00f6vzusu deyil?<\/strong><\/p>\n\n\n\n<p>&#8212; Tamamil\u0259 do\u011frudur, bu, art\u0131q m\u00fczakir\u0259 m\u00f6vzusu deyil.<\/p>\n\n\n\n<p><strong>&#8212; Sual\u0131m Fransan\u0131n m\u00f6vqeyi il\u0259 ba\u011fl\u0131d\u0131r. Fransa Sizin b\u0259zi h\u0259r\u0259k\u0259tl\u0259rinizi t\u0259nqid etdi v\u0259 bu yax\u0131nlarda Erm\u0259nistanla s\u0259rh\u0259dd\u0259n geri \u00e7\u0259kilm\u0259y\u0259 \u00e7a\u011f\u0131rd\u0131. Siz Fransan\u0131 d\u00fcr\u00fcst vasit\u0259\u00e7i hesab edirsiniz?<\/strong><\/p>\n\n\n\n<p>&#8212; Bilirsiniz, m\u00fcst\u0259qilliyimizin b\u00fct\u00fcn ill\u0259rind\u0259 biz ikit\u0259r\u0259fli \u0259laq\u0259l\u0259rimizd\u0259 Fransa il\u0259 bu m\u00f6vzuda v\u0259 bir \u00e7ox dig\u0259r m\u0259s\u0259l\u0259l\u0259rd\u0259 f\u0259al \u00e7al\u0131\u015f\u0131rd\u0131q. Fransa h\u0259r zaman Az\u0259rbaycanda dost \u00f6lk\u0259 hesab olunub. Biz bir \u00e7ox iqtisadiyyat, ticar\u0259t v\u0259 infrastruktur layih\u0259l\u0259rini h\u0259yata ke\u00e7irmi\u015fik. M\u00fcnasib\u0259tl\u0259r u\u011furla inki\u015faf edirdi v\u0259 biz \u00fcmid edirik ki, Minsk qrupunun h\u0259ms\u0259dri v\u0259 d\u00fcr\u00fcst vasit\u0259\u00e7i kimi Fransa bu v\u0259zif\u0259y\u0259 sadiq olacaq. Fransa Minsk qrupunun h\u0259ms\u0259dri olmasayd\u0131, \u0259lb\u0259tt\u0259, onun ist\u0259nil\u0259n \u00f6lk\u0259 il\u0259 m\u00fcnasib\u0259t qurmas\u0131 \u00f6z i\u015fi olard\u0131. Bizim Fransa il\u0259 Erm\u0259nistan\u0131n tarixi \u0259laq\u0259l\u0259rind\u0259n, Fransada f\u0259al erm\u0259ni icmas\u0131n\u0131n olmas\u0131ndan v\u0259 onlar\u0131n q\u0259rar q\u0259bul ed\u0259n \u015f\u0259xsl\u0259r\u0259 m\u00fcmk\u00fcn t\u0259sirind\u0259n x\u0259b\u0259rimiz var. Ancaq, s\u0259mimi des\u0259m, m\u00fcharib\u0259 zaman\u0131 Fransa \u00f6z\u00fcn\u00fc d\u00fcr\u00fcst vasit\u0259\u00e7i kimi aparmad\u0131. Fransa t\u0259r\u0259f se\u00e7di &#8212; Erm\u0259nistan\u0131n t\u0259r\u0259fini. \u00d6z\u00fcn\u00fcn h\u0259r\u0259k\u0259t v\u0259 b\u0259yanatlar\u0131nda Az\u0259rbaycan\u0131 a\u00e7\u0131q \u015f\u0259kild\u0259 ittiham etdi v\u0259 q\u0259r\u0259zli yana\u015fma n\u00fcmayi\u015f etdirdi. T\u0259bii ki, bu m\u0259s\u0259l\u0259 narahatl\u0131q do\u011furdu. Biz bu narahatl\u0131\u011f\u0131 ifad\u0259 etdik, \u00e7\u00fcnki bir daha qeyd etm\u0259k ist\u0259yir\u0259m ki, ist\u0259nil\u0259n \u00f6lk\u0259nin se\u00e7iml\u0259ri, dostlar\u0131 v\u0259 qeyri-dostlar\u0131 ola bil\u0259r. Bu, onlar\u0131n \u00f6z i\u015fidir v\u0259 burada biz he\u00e7 n\u0259 dey\u0259 bilm\u0259rik. Lakin bir \u00f6lk\u0259 vasit\u0259\u00e7i olmas\u0131 il\u0259 ba\u011fl\u0131 AT\u018fT-in mandat\u0131na sahibdirs\u0259, bu halda \u00f6lk\u0259 bit\u0259r\u0259f olmal\u0131d\u0131r. M\u00fcharib\u0259 zaman\u0131 v\u0259 ondan d\u0259rhal sonra ba\u015f ver\u0259nl\u0259r\u0259 qay\u0131tmaq ist\u0259mir\u0259m, biz Parisd\u0259n g\u0259l\u0259c\u0259k m\u00fcnasib\u0259tl\u0259rimizl\u0259 ba\u011fl\u0131 m\u00fcsb\u0259t siqnallar ald\u0131q v\u0259 onlara m\u00fcsb\u0259t cavab verdik. M\u00fcxt\u0259lif s\u0259viyy\u0259l\u0259rd\u0259, o c\u00fcml\u0259d\u0259n bu yax\u0131nlarda iki \u00f6lk\u0259nin xarici i\u015fl\u0259r nazirl\u0259ri aras\u0131nda t\u0259maslar olmu\u015fdur. Az\u0259rbaycan h\u0259r zaman \u0259m\u0259kda\u015fl\u0131\u011fa a\u00e7\u0131q olub. Fransa d\u00fcnyada apar\u0131c\u0131 d\u00f6vl\u0259tl\u0259rd\u0259n biridir v\u0259 biz normal m\u00fcnasib\u0259tl\u0259rin olmas\u0131n\u0131 ist\u0259yirik. Hesab edir\u0259m ki, m\u00fcharib\u0259nin ba\u015flanmas\u0131ndan bir ilin ke\u00e7m\u0259sin\u0259 baxmayaraq, regionda n\u0259y\u0259 nail olmaq ist\u0259diyimiz\u0259 g\u0259ldikd\u0259, \u00e7ox realist yana\u015fman\u0131n t\u0259tbiq edilm\u0259si vaxt\u0131 yeti\u015fib. \u018fmin\u0259m ki, Fransa regionda s\u00fclh\u00fc, sabitliyi, t\u0259hl\u00fck\u0259sizliyi arzulay\u0131r. Biz d\u0259 bunu ist\u0259yirik. \u00dcmid olunur ki, Erm\u0259nistan da ist\u0259yir. Biz bunun \u00fcz\u0259rind\u0259 i\u015fl\u0259m\u0259liyik, buna diqq\u0259tl\u0259 yana\u015fmal\u0131y\u0131q v\u0259 bir il \u0259vv\u0259l ba\u015f ver\u0259nl\u0259r\u0259 qay\u0131tmal\u0131 deyilik. Biz\u0259 g\u0259ldikd\u0259, bu \u00e7ox xo\u015fag\u0259lm\u0259z hadis\u0259l\u0259rd\u0259n sui-istifad\u0259 etm\u0259y\u0259c\u0259yik. Biz s\u0259hif\u0259ni \u00e7evirm\u0259k ist\u0259yirik.<\/p>\n\n\n\n<p><strong>&#8212; M\u00fcsahib\u0259nin sonuna yax\u0131nla\u015f\u0131r\u0131q. C\u0259nab Prezident, Siz\u0259 \u0259lav\u0259 iki sual\u0131m da var. H\u0259rbi \u0259sirl\u0259r\u0259 g\u0259ldikd\u0259, \u201cHuman Rights Watch\u201d Az\u0259rbaycan\u0131 onlar\u0131 saxlamaqda, onlara i\u015fg\u0259nc\u0259 verilm\u0259sind\u0259 ittiham edir. Buna cavab\u0131n\u0131z nec\u0259 olard\u0131? Xo\u015fm\u0259raml\u0131 jest kimi, Erm\u0259nistanla onlar\u0131 m\u00fcbadil\u0259 etm\u0259y\u0259 haz\u0131rs\u0131n\u0131zm\u0131?<\/strong><\/p>\n\n\n\n<p>&#8212; Biz, \u0259lb\u0259tt\u0259, bu ittihamlar\u0131 r\u0259dd edirik. M\u00fcharib\u0259 zaman\u0131 \u0259sir g\u00f6t\u00fcr\u00fclm\u00fc\u015f b\u00fct\u00fcn h\u0259rbi \u0259sirl\u0259r Erm\u0259nistana qaytar\u0131l\u0131b. Erm\u0259nistan h\u00f6kum\u0259ti bunu t\u0259sdiq ed\u0259 bil\u0259r. Biz onlar\u0131, h\u0259tta onlar bizim h\u0259rbi \u0259sirl\u0259ri qaytarmazdan \u0259vv\u0259l qaytard\u0131q. QHT-l\u0259rin istinad etdiyi h\u0259min \u015f\u0259xsl\u0259r\u0259 g\u0259ldikd\u0259, onlar m\u00fcharib\u0259 ba\u015fa \u00e7atd\u0131qdan v\u0259 noyabr B\u0259yannam\u0259si imzaland\u0131qdan iki h\u0259ft\u0259 sonra Erm\u0259nistan\u0131n h\u0259rbi komandirl\u0259ri t\u0259r\u0259find\u0259n bizim m\u00f6vqel\u0259r\u0259 do\u011fru g\u00f6nd\u0259rilmi\u015fdil\u0259r v\u0259 bel\u0259likl\u0259, d\u00f6rd az\u0259rbaycanl\u0131 h\u0259rb\u00e7ini q\u0259tl\u0259 yetir\u0259r\u0259k cinay\u0259t t\u00f6r\u0259tmi\u015fl\u0259r. Onlar z\u0259r\u0259rsizl\u0259\u015fdirildi v\u0259 h\u0259bs olundular. Cinay\u0259td\u0259 i\u015ftirak\u0131 olmayanlar\u0131n \u00e7oxu art\u0131q qaytar\u0131l\u0131b. Cinay\u0259t t\u00f6r\u0259d\u0259nl\u0259r\u0259 is\u0259 m\u0259hk\u0259m\u0259l\u0259r t\u0259r\u0259find\u0259n c\u0259za m\u00fc\u0259yy\u0259n edilib.<\/p>\n\n\n\n<p><strong>&#8212; Erm\u0259nistan is\u0259 iddia edir ki, siz h\u0259l\u0259 d\u0259 h\u0259rbi \u0259sirl\u0259ri saxlay\u0131rs\u0131n\u0131z v\u0259 h\u0259qiq\u0259ti s\u00f6yl\u0259mirsiniz.<\/strong><\/p>\n\n\n\n<p>&#8212; Xeyr. H\u0259min saxlan\u0131lm\u0131\u015f \u015f\u0259xsl\u0259r sinifl\u0259\u015fdirm\u0259y\u0259, b\u00fct\u00fcn beyn\u0259lxalq konvensiyalara uy\u011fun olaraq, h\u0259rbi \u0259sir hesab edil\u0259 bilm\u0259z. H\u0259rbi \u0259sirl\u0259r m\u00fcharib\u0259 zaman\u0131 \u0259sirliy\u0259 d\u00fc\u015fm\u00fc\u015f insanlar hesab edilir. Noyabr\u0131n 10-da m\u00fcharib\u0259 dayand\u0131r\u0131ld\u0131. Dekabr\u0131n \u0259vv\u0259lind\u0259 biz azad etdiyimiz \u0259razid\u0259 erm\u0259ni t\u0259xribat d\u0259st\u0259sinin 62 \u00fczv\u00fcn\u00fc a\u015fkar etdik. Onlar \u0259raziy\u0259 noyabr\u0131n 26-da g\u00f6nd\u0259rilmi\u015fdi. Y\u0259ni, m\u00fcharib\u0259 bitdikd\u0259n 16 g\u00fcn sonra. Onlar h\u0259rbi \u0259sir hesab edil\u0259 bilm\u0259z v\u0259 biz onlar\u0131n \u00e7oxunu xo\u015fm\u0259raml\u0131 jest kimi art\u0131q qaytarm\u0131\u015f\u0131q. Lakin burada qal\u0131b c\u0259zas\u0131n\u0131 \u00e7\u0259k\u0259n \u015f\u0259xsl\u0259r cinay\u0259t t\u00f6r\u0259dib v\u0259 onlar \u0259dal\u0259t m\u00fchakim\u0259si qar\u015f\u0131s\u0131nda cavab verm\u0259li idil\u0259r v\u0259 bu, bel\u0259 d\u0259 oldu.<\/p>\n\n\n\n<p><strong>&#8212; C\u0259nab Prezident, sonuncu sual: \u201cS\u0259rh\u0259dsiz reportyorlar\u201d t\u0259\u015fkilat\u0131 Siz\u0259 m\u00fcraci\u0259t ed\u0259r\u0259k, Az\u0259rbaycan blogeri M\u0259h\u0259mm\u0259d Mirz\u0259liy\u0259 qar\u015f\u0131 h\u0259d\u0259l\u0259r\u0259 v\u0259 zorak\u0131l\u0131\u011fa son qoyma\u011fa \u00e7a\u011f\u0131r\u0131b. O, Fransada qa\u00e7q\u0131n kimi ya\u015fay\u0131r. Mart ay\u0131nda burada ona \u015fidd\u0259tli h\u00fccum edilib, b\u0131\u00e7aq x\u0259sar\u0259ti al\u0131b. Sual\u0131m bel\u0259dir: \u201cS\u0259rh\u0259dsiz reportyorlar\u201d t\u0259\u015fkilat\u0131n\u0131n r\u0259yin\u0259 g\u00f6r\u0259, Siz h\u0259min \u015f\u0259xsl\u0259ri susdurmaq m\u0259qs\u0259dil\u0259 xaric\u0259 adamlar g\u00f6nd\u0259rirsiniz.<\/strong><\/p>\n\n\n\n<p>&#8212; \u018fvv\u0259lc\u0259 deyim ki, biz \u201cS\u0259rh\u0259dsiz reportyorlar\u201d kimi QHT t\u0259\u015fkilat\u0131 il\u0259 uzun ill\u0259r \u0259vv\u0259l h\u0259r hans\u0131 \u00fcnsiyy\u0259ti dayand\u0131rm\u0131\u015f\u0131q. Bu, b\u0259lk\u0259 d\u0259 15 il \u0259vv\u0259l ba\u015f verib v\u0259 bu, onlar\u0131n Az\u0259rbaycanla ba\u011fl\u0131 \u00e7ox q\u0259r\u0259zli v\u0259 \u0259dal\u0259tsiz m\u00f6vqeyi il\u0259 \u0259laq\u0259dard\u0131r. Bu s\u0259b\u0259bd\u0259n onlar\u0131n hesabat\u0131 m\u0259nim \u00fc\u00e7\u00fcn v\u0259 Az\u0259rbaycan xalq\u0131 \u00fc\u00e7\u00fcn he\u00e7 bir \u0259h\u0259miyy\u0259t da\u015f\u0131m\u0131r. Avropada, o c\u00fcml\u0259d\u0259n Fransada y\u00fczl\u0259rl\u0259 insan ya\u015fay\u0131r v\u0259 Az\u0259rbaycanda g\u00f6rd\u00fcy\u00fcm\u00fcz i\u015fl\u0259r onlar\u0131n xo\u015flar\u0131na g\u0259lmir. Onlar Fransada, ba\u015fqa \u00f6lk\u0259l\u0259rd\u0259 ya\u015fay\u0131rlar v\u0259 he\u00e7 k\u0259s onlara toxunmur. \u018fg\u0259r sizin \u00f6lk\u0259d\u0259 ya\u015fayan insanla ba\u011fl\u0131 hadis\u0259 ba\u015f verirs\u0259, bunun ara\u015fd\u0131r\u0131lmas\u0131 m\u0259hz sizin \u00f6lk\u0259nizin h\u00fcquq-m\u00fchafiz\u0259 orqanlar\u0131n\u0131n i\u015fidir. Az\u0259rbaycan\u0131 bu m\u0259s\u0259l\u0259d\u0259 g\u00fcnahland\u0131rmaq QHT-nin i\u015fi deyil. Sizin istintaq\u00e7\u0131lar\u0131n b\u0131\u00e7aqla x\u0259sar\u0259t yetirm\u0259 hal\u0131 il\u0259 ba\u011fl\u0131 kifay\u0259t q\u0259d\u0259r s\u00fcbutlar\u0131 varmi?<\/p>\n\n\n\n<p><strong>&#8212; Siz h\u0259min \u015f\u0259xsl\u0259 h\u0259r hans\u0131 \u0259laq\u0259nin oldu\u011funu r\u0259dd edirsiniz?<\/strong><\/p>\n\n\n\n<p>&#8212; Tamamil\u0259 bel\u0259dir. Y\u00fcz faiz r\u0259dd edir\u0259m. H\u0259r hans\u0131 s\u00fcbut, ara\u015fd\u0131rma olmadan v\u0259 kimin hans\u0131 cinay\u0259ti t\u00f6r\u0259tdiyini m\u00fc\u0259yy\u0259n etm\u0259d\u0259n b\u00fct\u00fcn ittihamlar tamamil\u0259 \u0259sass\u0131zd\u0131r v\u0259 q\u0259r\u0259zlidir.<\/p>\n\n\n\n<p><strong>&#8212; Prezident \u0130lham \u018fliyev, \u201cFrance-24\u201d kanal\u0131na m\u00fcsahib\u0259 verdiyiniz\u0259 v\u0259 kanal\u0131m\u0131z\u0131 seyr etdiyiniz\u0259 g\u00f6r\u0259 Siz\u0259 t\u0259\u015f\u0259kk\u00fcr\u00fcm\u00fc bildirm\u0259k ist\u0259yir\u0259m.<\/strong><\/p>\n\n\n\n<p>&#8212; D\u0259v\u0259tiniz\u0259 g\u00f6r\u0259 minn\u0259tdaram. Sa\u011f olun.<\/p>\n","protected":false},"excerpt":{"rendered":"<p>Sentyabr\u0131n 28-d\u0259 Az\u0259rbaycan Respublikas\u0131n\u0131n Prezidenti \u0130lham \u018fliyev Fransan\u0131n \u201cFrance-24\u201d televiziya kanal\u0131na m\u00fcsahib\u0259 verib. M\u00fcsahib\u0259ni t\u0259qdim edirik. &#8212; Salam, \u201cFrance-24\u201d kanal\u0131nda Az\u0259rbaycan Respublikas\u0131n\u0131n Prezidenti \u0130lham<\/p>\n","protected":false},"author":2,"featured_media":0,"comment_status":"closed","ping_status":"closed","sticky":false,"template":"","format":"standard","meta":{"footnotes":""},"categories":[3],"tags":[],"class_list":["post-49710","post","type-post","status-publish","format-standard","hentry","category-gundm"],"aioseo_notices":[],"_links":{"self":[{"href":"https:\/\/fedai.az\/index.php?rest_route=\/wp\/v2\/posts\/49710","targetHints":{"allow":["GET"]}}],"collection":[{"href":"https:\/\/fedai.az\/index.php?rest_route=\/wp\/v2\/posts"}],"about":[{"href":"https:\/\/fedai.az\/index.php?rest_route=\/wp\/v2\/types\/post"}],"author":[{"embeddable":true,"href":"https:\/\/fedai.az\/index.php?rest_route=\/wp\/v2\/users\/2"}],"replies":[{"embeddable":true,"href":"https:\/\/fedai.az\/index.php?rest_route=%2Fwp%2Fv2%2Fcomments&post=49710"}],"version-history":[{"count":1,"href":"https:\/\/fedai.az\/index.php?rest_route=\/wp\/v2\/posts\/49710\/revisions"}],"predecessor-version":[{"id":49712,"href":"https:\/\/fedai.az\/index.php?rest_route=\/wp\/v2\/posts\/49710\/revisions\/49712"}],"wp:attachment":[{"href":"https:\/\/fedai.az\/index.php?rest_route=%2Fwp%2Fv2%2Fmedia&parent=49710"}],"wp:term":[{"taxonomy":"category","embeddable":true,"href":"https:\/\/fedai.az\/index.php?rest_route=%2Fwp%2Fv2%2Fcategories&post=49710"},{"taxonomy":"post_tag","embeddable":true,"href":"https:\/\/fedai.az\/index.php?rest_route=%2Fwp%2Fv2%2Ftags&post=49710"}],"curies":[{"name":"wp","href":"https:\/\/api.w.org\/{rel}","templated":true}]}}