{"id":49713,"date":"2021-09-29T01:02:08","date_gmt":"2021-09-28T21:02:08","guid":{"rendered":"https:\/\/fedai.az\/?p=49713"},"modified":"2021-09-29T01:02:10","modified_gmt":"2021-09-28T21:02:10","slug":"erm%c9%99nistanda-ikinci-qarabag-muharib%c9%99si-il%c9%99-bagli-yuzl%c9%99rl%c9%99-cinay%c9%99t-isi-acilib","status":"publish","type":"post","link":"https:\/\/fedai.az\/?p=49713","title":{"rendered":"Erm\u0259nistanda \u0130kinci Qaraba\u011f m\u00fcharib\u0259si il\u0259 ba\u011fl\u0131 y\u00fczl\u0259rl\u0259 cinay\u0259t i\u015fi a\u00e7\u0131l\u0131b"},"content":{"rendered":"\n<p><strong>Erm\u0259nistan prokurorlu\u011fu Qaraba\u011f m\u00fcharib\u0259si il\u0259 ba\u011fl\u0131 y\u00fczl\u0259rl\u0259 ittiham haz\u0131rlay\u0131b.<\/strong><\/p>\n\n\n\n<p>Erm\u0259nistan prokurorlu\u011funda 2-ci Qaraba\u011f m\u00fcharib\u0259si zaman\u0131 Qaraba\u011f\u0131n c\u0259nubunda Erm\u0259ni h\u0259rbi b\u00f6lm\u0259l\u0259rinin idar\u0259 olunmas\u0131 habel\u0259 h\u0259rbi hiss\u0259l\u0259rin tamamlanmas\u0131 i\u015fl\u0259rind\u0259 ehtimal olunan s\u0259hvl\u0259rl\u0259 ba\u011f\u0131 ara\u015fd\u0131rma apar\u0131l\u0131r.<\/p>\n\n\n\n<p>Erm\u0259nistan Ba\u015f Prokurorlu\u011fu 2-ci Qaraba\u011f m\u00fcharib\u0259sind\u0259 d\u00f6y\u00fc\u015fl\u0259rl\u0259 ba\u011fl\u0131 2 mind\u0259n \u00e7ox cinay\u0259t i\u015fin\u0259 bax\u0131r. Erm\u0259nistan \u0130stintaq Komit\u0259si Ba\u015f H\u0259rbi \u0130stintaq \u0130dar\u0259si, Milli T\u0259hl\u00fck\u0259sizlik Xidm\u0259ti \u0130stintaq Departamenti v\u0259 X\u00fcsusi \u0130stintaq Xidm\u0259tind\u0259 Erm\u0259nistan Respublikas\u0131 Cinay\u0259t M\u0259c\u0259ll\u0259sinin bir s\u0131ra madd\u0259l\u0259rin\u0259 \u0259sas\u0259n cinay\u0259t i\u015fl\u0259ri a\u00e7\u0131l\u0131b.<\/p>\n\n\n\n<p>Bu cinay\u0259t i\u015fl\u0259ri \u00e7a\u011f\u0131r\u0131\u015f v\u0259 h\u0259rbi b\u00f6lm\u0259l\u0259rin komplektl\u0259\u015fdirilm\u0259si zaman\u0131 qanun pozuntular\u0131, \u00f6zba\u015f\u0131na h\u0259rbi xidm\u0259t yerini t\u0259rk etm\u0259, qeyri-qanuni silah, sursat v\u0259 partlay\u0131\u015f madd\u0259l\u0259ri \u0259ld\u0259 etm\u0259 v\u0259 Da\u011fl\u0131q Qaraba\u011fdan Erm\u0259nistana g\u0259tirm\u0259, \u00e7a\u011f\u0131r\u0131\u015fdan boyun qa\u00e7\u0131rma, \u00f6z\u00fcn\u00fc q\u0259sd\u0259n \u015fik\u0259st etm\u0259, d\u00f6y\u00fc\u015f n\u00f6vb\u0259t\u00e7iliyi qaydalar\u0131n\u0131n pozulmas\u0131 hallar\u0131 il\u0259 ba\u011fl\u0131d\u0131r.<\/p>\n\n\n\n<p>H\u0259m\u00e7inin c\u0259nub istiqam\u0259tind\u0259 h\u0259rbi b\u00f6lm\u0259l\u0259rin idar\u0259 olunmas\u0131 v\u0259 Az\u0259rbaycan Silahl\u0131 Q\u00fcvv\u0259l\u0259rinin Erm\u0259nistan s\u0259rh\u0259dl\u0259ri yax\u0131nl\u0131\u011f\u0131na v\u0259 Qaraba\u011f\u0131n m\u0259rk\u0259zin\u0259, \u015eu\u015fa \u015f\u0259h\u0259rin\u0259 h\u0259ml\u0259si il\u0259 ba\u011fl\u0131 epizodlar ara\u015fd\u0131r\u0131l\u0131r.<\/p>\n\n\n\n<p>X\u00fcsusil\u0259, L\u0259l\u0259t\u0259p\u0259 y\u00fcks\u0259kliyi, C\u0259bray\u0131l v\u0259 Hadrut \u015f\u0259h\u0259rl\u0259ri, Mets Ta\u011fer (B\u00f6y\u00fck Ta\u011flar), Ta\u011favard, S\u011fnax, Da\u015falt\u0131, el\u0259c\u0259 d\u0259 \u015eu\u015fa \u015f\u0259h\u0259ri yax\u0131nl\u0131\u011f\u0131nda d\u00f6y\u00fc\u015f epizodlar\u0131 m\u00fczakir\u0259 olunur.<\/p>\n\n\n\n<p>B\u00fct\u00fcn bu i\u015fl\u0259r \u00fczr\u0259 miqyasl\u0131 istintaq-axtar\u0131\u015f \u0259m\u0259liyyatlar\u0131 apar\u0131l\u0131r, ekspertizalar t\u0259yin olunub.<\/p>\n\n\n\n<p>T\u0259k Qaraba\u011f\u0131n c\u0259nubundak\u0131 v\u0259 \u015eu\u015fa istiqam\u0259tind\u0259 hadis\u0259l\u0259rl\u0259 ba\u011fl\u0131 i\u015f \u00fczr\u0259 150 n\u0259f\u0259r\u0259d\u0259k adam c\u0259lb olunub, o c\u00fcml\u0259d\u0259n, \u00f6z\u00fcn\u00fc m\u00fcst\u0259qil elan etmi\u015f &#171;DQR prezidenti&#187; Arayik Harutyunyan v\u0259 onun m\u00fc\u015faviri, &#171;Qaraba\u011f T\u0259hl\u00fck\u0259sizlik \u015euras\u0131n\u0131n&#187; ke\u00e7mi\u015f katibi, &#171;Qaraba\u011f M\u00fcdafi\u0259 Ordusunun&#187; komandanlar\u0131 v\u0259 s..<\/p>\n\n\n\n<p>\u018fld\u0259 edilmi\u015f d\u0259lill\u0259r \u0259sas\u0131nda 800 n\u0259f\u0259rd\u0259n \u00e7ox adam\u0131n m\u00fctt\u0259him qismind\u0259 c\u0259lb olunmas\u0131 haqq\u0131nda q\u0259rar verilib, Erm\u0259nistan Ba\u015f Prokurorlu\u011funun m\u0259lumat\u0131nda deyilir.<\/p>\n\n\n\n<p>M\u0259nb\u0259: BBC<\/p>\n","protected":false},"excerpt":{"rendered":"<p>Erm\u0259nistan prokurorlu\u011fu Qaraba\u011f m\u00fcharib\u0259si il\u0259 ba\u011fl\u0131 y\u00fczl\u0259rl\u0259 ittiham haz\u0131rlay\u0131b. Erm\u0259nistan prokurorlu\u011funda 2-ci Qaraba\u011f m\u00fcharib\u0259si zaman\u0131 Qaraba\u011f\u0131n c\u0259nubunda Erm\u0259ni h\u0259rbi b\u00f6lm\u0259l\u0259rinin idar\u0259 olunmas\u0131 habel\u0259 h\u0259rbi<\/p>\n","protected":false},"author":2,"featured_media":0,"comment_status":"closed","ping_status":"closed","sticky":false,"template":"","format":"standard","meta":{"footnotes":""},"categories":[4],"tags":[],"class_list":["post-49713","post","type-post","status-publish","format-standard","hentry","category-qarabag"],"aioseo_notices":[],"_links":{"self":[{"href":"https:\/\/fedai.az\/index.php?rest_route=\/wp\/v2\/posts\/49713","targetHints":{"allow":["GET"]}}],"collection":[{"href":"https:\/\/fedai.az\/index.php?rest_route=\/wp\/v2\/posts"}],"about":[{"href":"https:\/\/fedai.az\/index.php?rest_route=\/wp\/v2\/types\/post"}],"author":[{"embeddable":true,"href":"https:\/\/fedai.az\/index.php?rest_route=\/wp\/v2\/users\/2"}],"replies":[{"embeddable":true,"href":"https:\/\/fedai.az\/index.php?rest_route=%2Fwp%2Fv2%2Fcomments&post=49713"}],"version-history":[{"count":1,"href":"https:\/\/fedai.az\/index.php?rest_route=\/wp\/v2\/posts\/49713\/revisions"}],"predecessor-version":[{"id":49715,"href":"https:\/\/fedai.az\/index.php?rest_route=\/wp\/v2\/posts\/49713\/revisions\/49715"}],"wp:attachment":[{"href":"https:\/\/fedai.az\/index.php?rest_route=%2Fwp%2Fv2%2Fmedia&parent=49713"}],"wp:term":[{"taxonomy":"category","embeddable":true,"href":"https:\/\/fedai.az\/index.php?rest_route=%2Fwp%2Fv2%2Fcategories&post=49713"},{"taxonomy":"post_tag","embeddable":true,"href":"https:\/\/fedai.az\/index.php?rest_route=%2Fwp%2Fv2%2Ftags&post=49713"}],"curies":[{"name":"wp","href":"https:\/\/api.w.org\/{rel}","templated":true}]}}