{"id":49716,"date":"2021-09-29T01:13:21","date_gmt":"2021-09-28T21:13:21","guid":{"rendered":"https:\/\/fedai.az\/?p=49716"},"modified":"2021-09-29T01:13:26","modified_gmt":"2021-09-28T21:13:26","slug":"xacincay-su-anbarinin-yeni-goruntul%c9%99ri","status":"publish","type":"post","link":"https:\/\/fedai.az\/?p=49716","title":{"rendered":"Xa\u00e7\u0131n\u00e7ay su anbar\u0131n\u0131n yeni g\u00f6r\u00fcnt\u00fcl\u0259ri"},"content":{"rendered":"\n<p><strong>Xa\u00e7\u0131n\u00e7ay su anbar\u0131 A\u011fdam rayonunda Xa\u00e7\u0131n\u00e7ay \u00fcz\u0259rind\u0259 yerl\u0259\u015fir. Su anbar\u0131, \u0259kin sah\u0259l\u0259rinin suvar\u0131lmas\u0131 \u00fc\u00e7\u00fcn su ehtiyat\u0131n\u0131n t\u0259min edilm\u0259si m\u0259qs\u0259dil\u0259 Az\u0259rbaycan h\u00f6kum\u0259ti t\u0259r\u0259find\u0259n 1964-c\u00fc ild\u0259 istismara verilib.<\/strong><\/p>\n\n\n\n<p>1993-c\u00fc ild\u0259 A\u011fdam rayonunun erm\u0259ni q\u0259sbkarlar\u0131 t\u0259r\u0259find\u0259n i\u015f\u011fal\u0131 n\u0259tic\u0259sind\u0259 Az\u0259rbaycan t\u0259r\u0259find\u0259n su anbar\u0131n\u0131n istismar\u0131 2020-ci ilin sonuna q\u0259d\u0259r m\u00fcmk\u00fcn olmay\u0131b.<\/p>\n\n\n\n<p>Xa\u00e7\u0131n\u00e7ay su anbar\u0131n\u0131n yeni g\u00f6r\u00fcnt\u00fcl\u0259rini t\u0259qdim edirik:<\/p>\n\n\n\n<figure class=\"wp-block-embed is-type-video is-provider-youtube wp-block-embed-youtube wp-embed-aspect-16-9 wp-has-aspect-ratio\"><div class=\"wp-block-embed__wrapper\">\n<iframe loading=\"lazy\" title=\"Xa\u00e7\u0131n su anbar\u0131n\u0131n ekskl\u00fcziv g\u00f6r\u00fcnt\u00fcl\u0259ri - Baku TV\" width=\"715\" height=\"402\" src=\"https:\/\/www.youtube.com\/embed\/SE9Q5ySmI2A?feature=oembed\" frameborder=\"0\" allow=\"accelerometer; autoplay; clipboard-write; encrypted-media; gyroscope; picture-in-picture\" allowfullscreen><\/iframe>\n<\/div><\/figure>\n","protected":false},"excerpt":{"rendered":"<p>Xa\u00e7\u0131n\u00e7ay su anbar\u0131 A\u011fdam rayonunda Xa\u00e7\u0131n\u00e7ay \u00fcz\u0259rind\u0259 yerl\u0259\u015fir. Su anbar\u0131, \u0259kin sah\u0259l\u0259rinin suvar\u0131lmas\u0131 \u00fc\u00e7\u00fcn su ehtiyat\u0131n\u0131n t\u0259min edilm\u0259si m\u0259qs\u0259dil\u0259 Az\u0259rbaycan h\u00f6kum\u0259ti t\u0259r\u0259find\u0259n 1964-c\u00fc ild\u0259<\/p>\n","protected":false},"author":2,"featured_media":49717,"comment_status":"closed","ping_status":"closed","sticky":false,"template":"","format":"standard","meta":{"footnotes":""},"categories":[4],"tags":[],"class_list":["post-49716","post","type-post","status-publish","format-standard","has-post-thumbnail","hentry","category-qarabag"],"aioseo_notices":[],"_links":{"self":[{"href":"https:\/\/fedai.az\/index.php?rest_route=\/wp\/v2\/posts\/49716","targetHints":{"allow":["GET"]}}],"collection":[{"href":"https:\/\/fedai.az\/index.php?rest_route=\/wp\/v2\/posts"}],"about":[{"href":"https:\/\/fedai.az\/index.php?rest_route=\/wp\/v2\/types\/post"}],"author":[{"embeddable":true,"href":"https:\/\/fedai.az\/index.php?rest_route=\/wp\/v2\/users\/2"}],"replies":[{"embeddable":true,"href":"https:\/\/fedai.az\/index.php?rest_route=%2Fwp%2Fv2%2Fcomments&post=49716"}],"version-history":[{"count":1,"href":"https:\/\/fedai.az\/index.php?rest_route=\/wp\/v2\/posts\/49716\/revisions"}],"predecessor-version":[{"id":49718,"href":"https:\/\/fedai.az\/index.php?rest_route=\/wp\/v2\/posts\/49716\/revisions\/49718"}],"wp:featuredmedia":[{"embeddable":true,"href":"https:\/\/fedai.az\/index.php?rest_route=\/wp\/v2\/media\/49717"}],"wp:attachment":[{"href":"https:\/\/fedai.az\/index.php?rest_route=%2Fwp%2Fv2%2Fmedia&parent=49716"}],"wp:term":[{"taxonomy":"category","embeddable":true,"href":"https:\/\/fedai.az\/index.php?rest_route=%2Fwp%2Fv2%2Fcategories&post=49716"},{"taxonomy":"post_tag","embeddable":true,"href":"https:\/\/fedai.az\/index.php?rest_route=%2Fwp%2Fv2%2Ftags&post=49716"}],"curies":[{"name":"wp","href":"https:\/\/api.w.org\/{rel}","templated":true}]}}