{"id":49721,"date":"2021-09-29T02:05:19","date_gmt":"2021-09-28T22:05:19","guid":{"rendered":"https:\/\/fedai.az\/?p=49721"},"modified":"2021-09-29T23:15:11","modified_gmt":"2021-09-29T19:15:11","slug":"ivanovkada-s%c9%99hidl%c9%99rin-xatir%c9%99sin%c9%99-h%c9%99sr-olunmus-bulagin-acilisi-oldu","status":"publish","type":"post","link":"https:\/\/fedai.az\/?p=49721","title":{"rendered":"\u0130vanovkada \u015f\u0259hidl\u0259rin xatir\u0259sin\u0259 h\u0259sr olunmu\u015f bula\u011f\u0131n a\u00e7\u0131l\u0131\u015f\u0131 oldu"},"content":{"rendered":"\n<p><strong>\u0130smay\u0131ll\u0131 rayonunun \u0130vanovka k\u0259ndind\u0259 \u015f\u0259hidl\u0259rin xatir\u0259sin\u0259 in\u015fa edil\u0259n bula\u011f\u0131n a\u00e7\u0131l\u0131\u015f\u0131 olub.<\/strong><\/p>\n\n\n\n<p><br>A\u00e7\u0131l\u0131\u015f m\u0259rasimind\u0259 Rayon \u0130cra Hakimiyy\u0259tinin ba\u015f\u00e7\u0131s\u0131, R\u0130H-in m\u0259sul \u0259m\u0259kda\u015flar\u0131, h\u00fcquq-m\u00fchafiz\u0259 orqanlar\u0131n\u0131n r\u0259hb\u0259rl\u0259ri, \u015f\u0259hid ail\u0259l\u0259ri, m\u00fcharib\u0259 i\u015ftirak\u00e7\u0131lar\u0131,&nbsp; m\u00fc\u0259ssis\u0259 v\u0259 t\u0259\u015fkilatlar, ictimaiyy\u0259t n\u00fcmay\u0259nd\u0259l\u0259ri,&nbsp; \u015f\u0259hidin yax\u0131nlar\u0131 i\u015ftirak edibl\u0259r.<br><\/p>\n\n\n\n<figure class=\"wp-block-image size-large\"><img decoding=\"async\" src=\"https:\/\/fedai.az\/wp-content\/uploads\/2021\/09\/1632850422_243394108_399843728215834_2780838934828582132_n.jpg\" alt=\"\" class=\"wp-image-49722\"\/><\/figure>\n\n\n\n<p>T\u0259dbird\u0259 d\u00f6vl\u0259t himni s\u0259sl\u0259ndirilib, v\u0259t\u0259nimizin b\u00fct\u00f6vl\u00fcy\u00fc u\u011frunda can\u0131ndan ke\u00e7\u0259n \u015f\u0259hidl\u0259rimizin \u0259ziz xatir\u0259si bir d\u0259qiq\u0259lik s\u00fckutla yad edilib.<\/p>\n\n\n\n<p>Bu bar\u0259d\u0259 &nbsp;Az\u0259rbaycan V\u0259t\u0259n M\u00fcharib\u0259si Veteranlar\u0131 \u0130ctimai Birliyi (AVMV\u0130B) \u0130smay\u0131ll\u0131 rayon \u015f\u00f6b\u0259sinin s\u0259dri Ravid P\u0259nahov m\u0259lumat verib.<\/p>\n\n\n\n<p>R. P\u0259nahov bildirib ki, bu xatir\u0259 kompleksini xeyriyy\u0259\u00e7i Vidadi \u018fliyev \u00f6z hesab\u0131na tikdirib. \u00dcmumiyy\u0259tl\u0259 Vidadi \u018fliyev rayonda bu c\u00fcr xeyirxah \u0259m\u0259ll\u0259ri il\u0259 tan\u0131n\u0131b v\u0259 44 g\u00fcnl\u00fck V\u0259t\u0259n m\u00fcharib\u0259si g\u00fcnl\u0259rind\u0259 d\u0259 daim ordumuza d\u0259st\u0259k olub.<\/p>\n\n\n\n<p>M\u0259rasimd\u0259 \u00e7\u0131x\u0131\u015f ed\u0259n Rayon \u0130cra Hakimiyy\u0259tinin ba\u015f\u00e7\u0131s\u0131 44 g\u00fcnl\u00fck V\u0259t\u0259n m\u00fcharib\u0259sind\u0259 \u015fanl\u0131 z\u0259f\u0259r qazanan Az\u0259rbaycan Ordusunun \u015f\u0259hidl\u0259rin qan\u0131n\u0131 yerd\u0259 qoymad\u0131\u011f\u0131n\u0131, Ali Ba\u015f Komandan c\u0259nab \u0130lham \u018fliyevin r\u0259hb\u0259rliyi il\u0259 torpaqlar\u0131m\u0131z\u0131n i\u015f\u011faldan azad edildiyini v\u0259 qazan\u0131lan B\u00f6y\u00fck Q\u0259l\u0259b\u0259nin tarixi \u0259h\u0259miyy\u0259tini qeyd edib. Bula\u011f\u0131n in\u015fa edilm\u0259sind\u0259 \u0259m\u0259yi ke\u00e7\u0259n h\u0259r k\u0259s\u0259 \u00f6z t\u0259\u015f\u0259kk\u00fcr\u00fcn\u00fc bildirib.&nbsp;<\/p>\n\n\n\n<figure class=\"wp-block-image size-large\"><img decoding=\"async\" src=\"https:\/\/fedai.az\/wp-content\/uploads\/2021\/09\/1632850427_243516960_399843701549170_7749868163561032140_n.jpg\" alt=\"\" class=\"wp-image-49723\"\/><\/figure>\n\n\n\n<p><br>\u00c7\u0131x\u0131\u015f ed\u0259nl\u0259r \u015f\u0259hidl\u0259rin g\u00f6st\u0259rdiyi \u015f\u00fcca\u0259tl\u0259rd\u0259n, q\u0131sa v\u0259 \u015f\u0259r\u0259fli d\u00f6y\u00fc\u015f yollar\u0131ndan, onlarla ba\u011fl\u0131 xatir\u0259l\u0259rind\u0259n dan\u0131\u015f\u0131blar. Onlar prezident \u0130lham \u018fliyev v\u0259 Birinci vitse-prezident Mehriban xan\u0131m \u018fliyevan\u0131n \u015f\u0259hid ail\u0259l\u0259rinin, qazil\u0259rin, m\u00fcharib\u0259 i\u015ftirak\u00e7\u0131lar\u0131n\u0131n qay\u011f\u0131lar\u0131n\u0131 daim diqq\u0259t m\u0259rk\u0259zind\u0259 saxlad\u0131qlar\u0131n\u0131, onlar\u0131n g\u00f6st\u0259rdikl\u0259ri \u015f\u00fcca\u0259tl\u0259r\u0259 g\u00f6r\u0259 qiym\u0259tl\u0259ndirildiyini qeyd edibl\u0259r.<\/p>\n\n\n\n<figure class=\"wp-block-image size-large is-resized\"><img loading=\"lazy\" decoding=\"async\" src=\"https:\/\/fedai.az\/wp-content\/uploads\/2021\/09\/1632850437_243564550_399843568215850_2024296387501544048_n.jpg\" alt=\"\" class=\"wp-image-49724\" width=\"927\" height=\"618\"\/><\/figure>\n\n\n\n<p><br>\u00c7\u0131x\u0131\u015f ed\u0259n \u015f\u0259hid anas\u0131 g\u00f6st\u0259rdikl\u0259ri diqq\u0259t v\u0259 qay\u011f\u0131ya g\u00f6r\u0259 \u00f6lk\u0259 prezidenti c\u0259nab \u0130lham \u018fliyev\u0259 \u00f6z t\u0259\u015f\u0259kk\u00fcr\u00fcn\u00fc bildirib.&nbsp;<\/p>\n\n\n\n<p><br>T\u0259dbird\u0259 Heyd\u0259r \u018fliyev ad\u0131na \u0130vanovka k\u0259nd tam orta m\u0259kt\u0259bin \u015fagirdl\u0259rinin ifas\u0131nda \u015f\u0259hidl\u0259rimiz\u0259 h\u0259sr olunan \u015feirl\u0259r s\u0259sl\u0259ndirilib. <\/p>\n\n\n\n<p>Sonda \u015f\u0259hid ail\u0259l\u0259ri il\u0259 xatir\u0259 \u015f\u0259kli \u00e7\u0259kilib.<\/p>\n\n\n\n<figure class=\"wp-block-image size-large\"><img decoding=\"async\" src=\"https:\/\/fedai.az\/wp-content\/uploads\/2021\/09\/1632850475_243578989_399843758215831_4244409912139973855_n.jpg\" alt=\"\" class=\"wp-image-49725\"\/><\/figure>\n","protected":false},"excerpt":{"rendered":"<p>\u0130smay\u0131ll\u0131 rayonunun \u0130vanovka k\u0259ndind\u0259 \u015f\u0259hidl\u0259rin xatir\u0259sin\u0259 in\u015fa edil\u0259n bula\u011f\u0131n a\u00e7\u0131l\u0131\u015f\u0131 olub. A\u00e7\u0131l\u0131\u015f m\u0259rasimind\u0259 Rayon \u0130cra Hakimiyy\u0259tinin ba\u015f\u00e7\u0131s\u0131, R\u0130H-in m\u0259sul \u0259m\u0259kda\u015flar\u0131, h\u00fcquq-m\u00fchafiz\u0259 orqanlar\u0131n\u0131n r\u0259hb\u0259rl\u0259ri, \u015f\u0259hid<\/p>\n","protected":false},"author":2,"featured_media":49726,"comment_status":"closed","ping_status":"closed","sticky":false,"template":"","format":"standard","meta":{"footnotes":""},"categories":[3],"tags":[],"class_list":["post-49721","post","type-post","status-publish","format-standard","has-post-thumbnail","hentry","category-gundm"],"aioseo_notices":[],"_links":{"self":[{"href":"https:\/\/fedai.az\/index.php?rest_route=\/wp\/v2\/posts\/49721","targetHints":{"allow":["GET"]}}],"collection":[{"href":"https:\/\/fedai.az\/index.php?rest_route=\/wp\/v2\/posts"}],"about":[{"href":"https:\/\/fedai.az\/index.php?rest_route=\/wp\/v2\/types\/post"}],"author":[{"embeddable":true,"href":"https:\/\/fedai.az\/index.php?rest_route=\/wp\/v2\/users\/2"}],"replies":[{"embeddable":true,"href":"https:\/\/fedai.az\/index.php?rest_route=%2Fwp%2Fv2%2Fcomments&post=49721"}],"version-history":[{"count":3,"href":"https:\/\/fedai.az\/index.php?rest_route=\/wp\/v2\/posts\/49721\/revisions"}],"predecessor-version":[{"id":49801,"href":"https:\/\/fedai.az\/index.php?rest_route=\/wp\/v2\/posts\/49721\/revisions\/49801"}],"wp:featuredmedia":[{"embeddable":true,"href":"https:\/\/fedai.az\/index.php?rest_route=\/wp\/v2\/media\/49726"}],"wp:attachment":[{"href":"https:\/\/fedai.az\/index.php?rest_route=%2Fwp%2Fv2%2Fmedia&parent=49721"}],"wp:term":[{"taxonomy":"category","embeddable":true,"href":"https:\/\/fedai.az\/index.php?rest_route=%2Fwp%2Fv2%2Fcategories&post=49721"},{"taxonomy":"post_tag","embeddable":true,"href":"https:\/\/fedai.az\/index.php?rest_route=%2Fwp%2Fv2%2Ftags&post=49721"}],"curies":[{"name":"wp","href":"https:\/\/api.w.org\/{rel}","templated":true}]}}