{"id":49815,"date":"2021-09-30T01:08:10","date_gmt":"2021-09-29T21:08:10","guid":{"rendered":"https:\/\/fedai.az\/?p=49815"},"modified":"2021-09-30T01:08:13","modified_gmt":"2021-09-29T21:08:13","slug":"500-ild%c9%99n-sonra-yer-uzund%c9%99-yasamaq-mumkun-olmayacaq","status":"publish","type":"post","link":"https:\/\/fedai.az\/?p=49815","title":{"rendered":"500 ild\u0259n sonra Yer \u00fcz\u00fcnd\u0259 ya\u015famaq m\u00fcmk\u00fcn olmayacaq"},"content":{"rendered":"\n<p><strong>Qlobal istil\u0259\u015fm\u0259 ssenaril\u0259rind\u0259n biri Yer k\u00fcr\u0259sinin be\u015f y\u00fcz il \u0259rzind\u0259 ya\u015famaq m\u00fcmk\u00fcn olmayan bir m\u0259kana \u00e7evrilm\u0259sini \u0259hat\u0259 edir.<\/strong><\/p>\n\n\n\n<p>Fedai.az\u00a0&#171;Report&#187;-a\u00a0\u00a0istinad\u0259n x\u0259b\u0259r verir ki, bununla ba\u011fl\u0131 bir qrup kanadal\u0131 v\u0259 ingilis alimi \u00f6z t\u0259dqiqatlar\u0131nda n\u0259tic\u0259 \u0259ld\u0259 edibl\u0259r.<\/p>\n\n\n\n<p>T\u0259dqiqat\u00e7\u0131lar BMT-nin \u0130qlim Strategiyas\u0131 s\u0259n\u0259din\u0259 diqq\u0259t \u00e7\u0259kibl\u0259r. Bel\u0259 ki, bu s\u0259n\u0259dd\u0259 \u00f6lk\u0259l\u0259rin qlobal istil\u0259\u015fm\u0259 il\u0259 ba\u011fl\u0131 m\u00fcbariz\u0259d\u0259 t\u0259cili olaraq s\u0259yl\u0259rini art\u0131rmalar\u0131 t\u0259l\u0259b olunur.<\/p>\n\n\n\n<p>&#171;Qlobal istil\u0259\u015fm\u0259 dayand\u0131r\u0131lmasa, be\u015f y\u00fcz ild\u0259n sonra Yer o q\u0259d\u0259r d\u0259yi\u015f\u0259c\u0259k ki, biz tarixi m\u0259d\u0259niyy\u0259tl\u0259rimizin ya\u015famas\u0131 v\u0259 qorunmas\u0131 \u00fc\u00e7\u00fcn m\u00fcbariz\u0259 aparmal\u0131 olaca\u011f\u0131q&#187;, &#8212; &#171;The Conversation&#187; t\u0259dqiqat\u00e7\u0131lar\u0131n\u0131n m\u0259qal\u0259sind\u0259 deyilir.<\/p>\n\n\n\n<p>Bu n\u0259z\u0259riyy\u0259y\u0259 g\u00f6r\u0259, Yerin bir hiss\u0259si istil\u0259\u015fm\u0259 s\u0259b\u0259bind\u0259n ya\u015fay\u0131\u015f \u00fc\u00e7\u00fcn \u0259lveri\u015fsiz hala g\u0259l\u0259c\u0259k, el\u0259c\u0259 d\u0259 bu\u011fda v\u0259 kartof da daxil olmaqla bir s\u0131ra m\u0259hsullarda m\u00fcnbit torpaq olmamas\u0131 s\u0259b\u0259bind\u0259n q\u0131tl\u0131q olacaq.<\/p>\n\n\n\n<p>Aliml\u0259r qlobal s\u0259viyy\u0259d\u0259 iqlim strategiyalar\u0131n\u0131n daha diqq\u0259tli planla\u015fd\u0131r\u0131lmas\u0131na v\u0259 f\u0259lak\u0259tin qar\u015f\u0131s\u0131n\u0131 almaq \u00fc\u00e7\u00fcn q\u00fcvv\u0259l\u0259rin birl\u0259\u015fm\u0259sin\u0259 ehtiyac oldu\u011funu qeyd edibl\u0259r.<\/p>\n","protected":false},"excerpt":{"rendered":"<p>Qlobal istil\u0259\u015fm\u0259 ssenaril\u0259rind\u0259n biri Yer k\u00fcr\u0259sinin be\u015f y\u00fcz il \u0259rzind\u0259 ya\u015famaq m\u00fcmk\u00fcn olmayan bir m\u0259kana \u00e7evrilm\u0259sini \u0259hat\u0259 edir. Fedai.az\u00a0&#171;Report&#187;-a\u00a0\u00a0istinad\u0259n x\u0259b\u0259r verir ki, bununla ba\u011fl\u0131<\/p>\n","protected":false},"author":2,"featured_media":0,"comment_status":"closed","ping_status":"closed","sticky":false,"template":"","format":"standard","meta":{"footnotes":""},"categories":[6],"tags":[],"class_list":["post-49815","post","type-post","status-publish","format-standard","hentry","category-arasdirma"],"aioseo_notices":[],"_links":{"self":[{"href":"https:\/\/fedai.az\/index.php?rest_route=\/wp\/v2\/posts\/49815","targetHints":{"allow":["GET"]}}],"collection":[{"href":"https:\/\/fedai.az\/index.php?rest_route=\/wp\/v2\/posts"}],"about":[{"href":"https:\/\/fedai.az\/index.php?rest_route=\/wp\/v2\/types\/post"}],"author":[{"embeddable":true,"href":"https:\/\/fedai.az\/index.php?rest_route=\/wp\/v2\/users\/2"}],"replies":[{"embeddable":true,"href":"https:\/\/fedai.az\/index.php?rest_route=%2Fwp%2Fv2%2Fcomments&post=49815"}],"version-history":[{"count":1,"href":"https:\/\/fedai.az\/index.php?rest_route=\/wp\/v2\/posts\/49815\/revisions"}],"predecessor-version":[{"id":49817,"href":"https:\/\/fedai.az\/index.php?rest_route=\/wp\/v2\/posts\/49815\/revisions\/49817"}],"wp:attachment":[{"href":"https:\/\/fedai.az\/index.php?rest_route=%2Fwp%2Fv2%2Fmedia&parent=49815"}],"wp:term":[{"taxonomy":"category","embeddable":true,"href":"https:\/\/fedai.az\/index.php?rest_route=%2Fwp%2Fv2%2Fcategories&post=49815"},{"taxonomy":"post_tag","embeddable":true,"href":"https:\/\/fedai.az\/index.php?rest_route=%2Fwp%2Fv2%2Ftags&post=49815"}],"curies":[{"name":"wp","href":"https:\/\/api.w.org\/{rel}","templated":true}]}}