{"id":49821,"date":"2021-09-30T01:17:17","date_gmt":"2021-09-29T21:17:17","guid":{"rendered":"https:\/\/fedai.az\/?p=49821"},"modified":"2021-09-30T01:17:21","modified_gmt":"2021-09-29T21:17:21","slug":"tonoyanla-qalstyanin-h%c9%99bsi-il%c9%99-bagli-v%c9%99sat%c9%99t-verildi","status":"publish","type":"post","link":"https:\/\/fedai.az\/?p=49821","title":{"rendered":"Tonoyanla Qalstyan\u0131n h\u0259bsi il\u0259 ba\u011fl\u0131 v\u0259sat\u0259t verildi"},"content":{"rendered":"\n<p><strong>Erm\u0259nistan\u0131n sabiq m\u00fcdafi\u0259 naziri David Tonoyanla, silah sat\u0131c\u0131s\u0131 David Qalstyan\u0131n h\u0259bsi il\u0259 ba\u011fl\u0131 m\u0259hk\u0259m\u0259y\u0259 v\u0259sat\u0259t verilib.<\/strong><\/p>\n\n\n\n<p>Bu bar\u0259d\u0259 \u201cHraparak\u201d n\u0259\u015fri yaz\u0131b.<\/p>\n\n\n\n<p> M\u0259nb\u0259nin m\u0259lumat\u0131na g\u00f6r\u0259, onlar Kentron v\u0259 Nork-Mara\u015f inzibati rayonlar\u0131n\u0131n \u00fcmumi yurisdiksiya m\u0259hk\u0259m\u0259sin\u0259 apar\u0131l\u0131blar. Burada hakiml\u0259r Mnatsakan Martirosyan v\u0259 Gaqik Poqosyan h\u0259bsl\u0259 ba\u011fl\u0131 v\u0259sat\u0259tl\u0259r\u0259 baxacaqlar. M\u0259hk\u0259m\u0259 iclas\u0131 sabah saat 13:00 -da ba\u015f tutacaq.<\/p>\n\n\n\n<p>Erm\u0259nistan m\u0259hk\u0259m\u0259si ke\u00e7mi\u015f m\u00fcdafi\u0259 naziri David Tonoyan\u0131n \u00f6lk\u0259d\u0259n \u00e7\u0131x\u0131\u015f\u0131na qada\u011fa qoyulmas\u0131 bar\u0259d\u0259 v\u0259sat\u0259t qald\u0131r\u0131b.<\/p>\n\n\n\n<p>Bu bar\u0259d\u0259\u00a0Erm\u0259nistan m\u0259tbuat\u0131na istinad\u0259n x\u0259b\u0259r verir.<\/p>\n\n\n\n<p>Qeyd ed\u0259k ki, ke\u00e7mi\u015f nazir haz\u0131rda ev dusta\u011f\u0131d\u0131r.<\/p>\n\n\n\n<p>Bundan \u0259vv\u0259l m\u0259hk\u0259m\u0259 Tonoyanla birlikd\u0259 silah t\u0259chizat\u00e7\u0131s\u0131 David Qalstyan\u0131n da h\u0259bsi il\u0259 ba\u011fl\u0131 v\u0259sat\u0259t qald\u0131rm\u0131\u015fd\u0131.<\/p>\n\n\n\n<p>M\u0259lumata g\u00f6r\u0259, David Tonoyan v\u0259 David Qalstyan Erm\u0259nistan Milli T\u0259hl\u00fck\u0259sizlik Xidm\u0259ti t\u0259r\u0259find\u0259n 2011-ci ild\u0259 keyfiyy\u0259tsiz silah t\u0259dar\u00fck\u00fc il\u0259 ba\u011fl\u0131 a\u00e7\u0131lan cinay\u0259t i\u015fi \u00e7\u0259r\u00e7iv\u0259sind\u0259 saxlan\u0131l\u0131b.<\/p>\n\n\n\n<p>Bu g\u00fcn m\u0259tbuatda Tonoyan\u0131n m\u0259nzilind\u0259 axtar\u0131\u015f apar\u0131ld\u0131\u011f\u0131, bundan sonra ke\u00e7mi\u015f nazirin h\u0259bs oluna bil\u0259c\u0259yi bar\u0259d\u0259 m\u0259lumatlar yay\u0131lm\u0131\u015fd\u0131. Paralel olaraq ke\u00e7mi\u015f aviasiya r\u0259isi Avetik Muradyan v\u0259 Erm\u0259nistan Silahl\u0131 Q\u00fcvv\u0259l\u0259ri Ba\u015f Q\u0259rargah r\u0259isinin m\u00fcavini Stepan Qalstyan\u0131n m\u0259nzill\u0259rind\u0259 axtar\u0131\u015flar apar\u0131l\u0131b.<\/p>\n\n\n\n<p>\u00d6lk\u0259 prezidenti Armen Sarkisyan\u0131n s\u0259r\u0259ncam\u0131 il\u0259 David Tonoyan 2020-ci ilin noyabr 20-d\u0259 Erm\u0259nistan\u0131n m\u00fcdafi\u0259 naziri v\u0259zif\u0259sind\u0259n azad edilib.<\/p>\n","protected":false},"excerpt":{"rendered":"<p>Erm\u0259nistan\u0131n sabiq m\u00fcdafi\u0259 naziri David Tonoyanla, silah sat\u0131c\u0131s\u0131 David Qalstyan\u0131n h\u0259bsi il\u0259 ba\u011fl\u0131 m\u0259hk\u0259m\u0259y\u0259 v\u0259sat\u0259t verilib. Bu bar\u0259d\u0259 \u201cHraparak\u201d n\u0259\u015fri yaz\u0131b. M\u0259nb\u0259nin m\u0259lumat\u0131na g\u00f6r\u0259,<\/p>\n","protected":false},"author":2,"featured_media":0,"comment_status":"closed","ping_status":"closed","sticky":false,"template":"","format":"standard","meta":{"footnotes":""},"categories":[3],"tags":[],"class_list":["post-49821","post","type-post","status-publish","format-standard","hentry","category-gundm"],"aioseo_notices":[],"_links":{"self":[{"href":"https:\/\/fedai.az\/index.php?rest_route=\/wp\/v2\/posts\/49821","targetHints":{"allow":["GET"]}}],"collection":[{"href":"https:\/\/fedai.az\/index.php?rest_route=\/wp\/v2\/posts"}],"about":[{"href":"https:\/\/fedai.az\/index.php?rest_route=\/wp\/v2\/types\/post"}],"author":[{"embeddable":true,"href":"https:\/\/fedai.az\/index.php?rest_route=\/wp\/v2\/users\/2"}],"replies":[{"embeddable":true,"href":"https:\/\/fedai.az\/index.php?rest_route=%2Fwp%2Fv2%2Fcomments&post=49821"}],"version-history":[{"count":1,"href":"https:\/\/fedai.az\/index.php?rest_route=\/wp\/v2\/posts\/49821\/revisions"}],"predecessor-version":[{"id":49823,"href":"https:\/\/fedai.az\/index.php?rest_route=\/wp\/v2\/posts\/49821\/revisions\/49823"}],"wp:attachment":[{"href":"https:\/\/fedai.az\/index.php?rest_route=%2Fwp%2Fv2%2Fmedia&parent=49821"}],"wp:term":[{"taxonomy":"category","embeddable":true,"href":"https:\/\/fedai.az\/index.php?rest_route=%2Fwp%2Fv2%2Fcategories&post=49821"},{"taxonomy":"post_tag","embeddable":true,"href":"https:\/\/fedai.az\/index.php?rest_route=%2Fwp%2Fv2%2Ftags&post=49821"}],"curies":[{"name":"wp","href":"https:\/\/api.w.org\/{rel}","templated":true}]}}