{"id":49827,"date":"2021-09-30T01:30:25","date_gmt":"2021-09-29T21:30:25","guid":{"rendered":"https:\/\/fedai.az\/?p=49827"},"modified":"2021-09-30T01:30:30","modified_gmt":"2021-09-29T21:30:30","slug":"qarabagda-doyusmus-erm%c9%99ni-konullu-biz-qalib-g%c9%99l%c9%99-bilm%c9%99zdik","status":"publish","type":"post","link":"https:\/\/fedai.az\/?p=49827","title":{"rendered":"Qaraba\u011fda d\u00f6y\u00fc\u015fm\u00fc\u015f erm\u0259ni k\u00f6n\u00fcll\u00fc: &#171;Biz qalib g\u0259l\u0259 bilm\u0259zdik&#187;"},"content":{"rendered":"\n<p><strong>Erm\u0259nistan paytaxt\u0131 Yerevanda ya\u015fayan Vladimr Vardanyan \u0130kinci Qaraba\u011f m\u00fcharib\u0259sind\u0259 k\u00f6n\u00fcll\u00fc i\u015ftirak edib. O, d\u00f6y\u00fc\u015fl\u0259rd\u0259 bir qolunu itirib.<\/strong><\/p>\n\n\n\n<p>Vladimr Vardanyan BBC News Az\u0259rbaycancaya m\u00fcsahib\u0259sind\u0259 Qaraba\u011fda yaralanmas\u0131ndan, az\u0259rbaycanl\u0131larla erm\u0259nil\u0259rin birg\u0259 ya\u015fay\u0131b-ya\u015faya bilm\u0259y\u0259c\u0259yind\u0259n dan\u0131\u015f\u0131b.<\/p>\n\n\n\n<p>Video a\u00e7\u0131lm\u0131rsa,\u00a0<a href=\"https:\/\/www.youtube.com\/watch?v=pu6mso13znE\">YouTube-dan<\/a>\u00a0izl\u0259yin.<\/p>\n\n\n\n<figure class=\"wp-block-embed is-type-video is-provider-youtube wp-block-embed-youtube wp-embed-aspect-16-9 wp-has-aspect-ratio\"><div class=\"wp-block-embed__wrapper\">\n<iframe loading=\"lazy\" title=\"Qaraba\u011fda d\u00f6y\u00fc\u015fm\u00fc\u015f erm\u0259ni k\u00f6n\u00fcll\u00fc: &quot;Biz qalib g\u0259l\u0259 bilm\u0259zdik&quot;\" width=\"715\" height=\"402\" src=\"https:\/\/www.youtube.com\/embed\/pu6mso13znE?feature=oembed\" frameborder=\"0\" allow=\"accelerometer; autoplay; clipboard-write; encrypted-media; gyroscope; picture-in-picture\" allowfullscreen><\/iframe>\n<\/div><\/figure>\n","protected":false},"excerpt":{"rendered":"<p>Erm\u0259nistan paytaxt\u0131 Yerevanda ya\u015fayan Vladimr Vardanyan \u0130kinci Qaraba\u011f m\u00fcharib\u0259sind\u0259 k\u00f6n\u00fcll\u00fc i\u015ftirak edib. O, d\u00f6y\u00fc\u015fl\u0259rd\u0259 bir qolunu itirib. Vladimr Vardanyan BBC News Az\u0259rbaycancaya m\u00fcsahib\u0259sind\u0259 Qaraba\u011fda<\/p>\n","protected":false},"author":2,"featured_media":0,"comment_status":"closed","ping_status":"closed","sticky":false,"template":"","format":"standard","meta":{"footnotes":""},"categories":[4],"tags":[],"class_list":["post-49827","post","type-post","status-publish","format-standard","hentry","category-qarabag"],"aioseo_notices":[],"_links":{"self":[{"href":"https:\/\/fedai.az\/index.php?rest_route=\/wp\/v2\/posts\/49827","targetHints":{"allow":["GET"]}}],"collection":[{"href":"https:\/\/fedai.az\/index.php?rest_route=\/wp\/v2\/posts"}],"about":[{"href":"https:\/\/fedai.az\/index.php?rest_route=\/wp\/v2\/types\/post"}],"author":[{"embeddable":true,"href":"https:\/\/fedai.az\/index.php?rest_route=\/wp\/v2\/users\/2"}],"replies":[{"embeddable":true,"href":"https:\/\/fedai.az\/index.php?rest_route=%2Fwp%2Fv2%2Fcomments&post=49827"}],"version-history":[{"count":1,"href":"https:\/\/fedai.az\/index.php?rest_route=\/wp\/v2\/posts\/49827\/revisions"}],"predecessor-version":[{"id":49829,"href":"https:\/\/fedai.az\/index.php?rest_route=\/wp\/v2\/posts\/49827\/revisions\/49829"}],"wp:attachment":[{"href":"https:\/\/fedai.az\/index.php?rest_route=%2Fwp%2Fv2%2Fmedia&parent=49827"}],"wp:term":[{"taxonomy":"category","embeddable":true,"href":"https:\/\/fedai.az\/index.php?rest_route=%2Fwp%2Fv2%2Fcategories&post=49827"},{"taxonomy":"post_tag","embeddable":true,"href":"https:\/\/fedai.az\/index.php?rest_route=%2Fwp%2Fv2%2Ftags&post=49827"}],"curies":[{"name":"wp","href":"https:\/\/api.w.org\/{rel}","templated":true}]}}