{"id":49833,"date":"2021-09-30T01:47:34","date_gmt":"2021-09-29T21:47:34","guid":{"rendered":"https:\/\/fedai.az\/?p=49833"},"modified":"2021-09-30T01:47:39","modified_gmt":"2021-09-29T21:47:39","slug":"boyuk-razilasma-%c9%99rdogan-s%c9%99rtl%c9%99rini-putin%c9%99-q%c9%99bul-etdirib-turkiy%c9%99nin-qarabagda-rolu-artacaq","status":"publish","type":"post","link":"https:\/\/fedai.az\/?p=49833","title":{"rendered":"B\u00d6Y\u00dcK RAZILA\u015eMA: \u018frdo\u011fan \u015f\u0259rtl\u0259rini Putin\u0259 q\u0259bul etdirib \u2013 T\u00fcrkiy\u0259nin Qaraba\u011fda ROLU ARTACAQ"},"content":{"rendered":"\n<p><strong>\u018frdo\u011fan-Putin g\u00f6r\u00fc\u015f\u00fc ba\u015fa \u00e7atd\u0131: liderl\u0259r g\u00f6r\u00fc\u015fd\u0259n sonra he\u00e7 bir a\u00e7\u0131qlama verm\u0259di, h\u0259r\u00e7\u0259nd, qapal\u0131 m\u00fczakir\u0259l\u0259r\u0259 ke\u00e7m\u0259zd\u0259n \u00f6nc\u0259 veril\u0259n q\u0131sa a\u00e7\u0131qlamalar, fotoobyektl\u0259r\u0259 tu\u015f g\u0259l\u0259n g\u00f6r\u00fcnt\u00fcl\u0259r, \u018frdo\u011fan\u0131n So\u00e7i s\u0259f\u0259rind\u0259n \u0259vv\u0259l m\u00fcsb\u0259t mesajlar\u0131, Ankara-Va\u015finqton x\u0259ttind\u0259 naraz\u0131l\u0131qlar, T\u00fcrkiy\u0259-Rusiya aras\u0131nda yeni S-400 raz\u0131la\u015fmas\u0131n\u0131n m\u00fcmk\u00fcnl\u00fcy\u00fc v\u0259 s. t\u0259r\u0259fl\u0259rin raz\u0131la\u015fma modunda oldu\u011fu ehtimal\u0131n\u0131 \u00f6n\u0259 \u00e7\u0131xar\u0131r.<\/strong><\/p>\n\n\n\n<p>Liderl\u0259rin qapal\u0131 m\u00fczakir\u0259d\u0259n \u00f6nc\u0259 a\u00e7\u0131qlamalar\u0131nda Qaraba\u011fla ba\u011fl\u0131 da dan\u0131\u015fmas\u0131 bu m\u0259s\u0259l\u0259nin g\u00fcnd\u0259m m\u00f6vzular\u0131ndan oldu\u011funu dem\u0259y\u0259 \u0259sas verir. Lakin g\u00f6r\u00fc\u015fd\u0259n sonra a\u00e7\u0131qlamalar\u0131n verilm\u0259m\u0259si (\u018frdo\u011fan\u0131n \u201cm\u0259hsuldar g\u00f6r\u00fc\u015f\u201d tvitini saymasaq) n\u0259tic\u0259l\u0259ri prosesl\u0259rin inki\u015faf\u0131nda axtarma\u011fa m\u0259cbur edir: g\u00f6r\u00fc\u015f\u00fcn h\u0259m Suriya, h\u0259m d\u0259 C\u0259nubi Qafqazda prosesl\u0259r\u0259 t\u0259sir ed\u0259c\u0259yi is\u0259 \u015f\u00fcbh\u0259sizdir.<\/p>\n\n\n\n<p>G\u00f6r\u00fc\u015fd\u0259 bizim maraqlar\u0131m\u0131z fonunda diqq\u0259t\u00e7\u0259k\u0259n m\u0259qam Putinin Rusiya-T\u00fcrkiy\u0259 Birg\u0259 Monitorinq M\u0259rk\u0259zinin Az\u0259rbaycan-Erm\u0259nistan s\u0259rh\u0259dind\u0259 at\u0259\u015fk\u0259s\u0259 n\u0259zar\u0259td\u0259 d\u0259 f\u0259al i\u015fl\u0259diyin\u0259 dair dedikl\u0259ridir.<\/p>\n\n\n\n<p>Bunu Rusiyan\u0131n Qaraba\u011fda t\u0259r\u0259f kimi q\u0259bul etdiyi T\u00fcrkiy\u0259ni Az\u0259rbaycan-Erm\u0259nistan s\u0259rh\u0259d m\u0259s\u0259l\u0259sind\u0259 d\u0259 t\u0259r\u0259f g\u00f6rd\u00fcy\u00fc kimi \u015f\u0259rh etm\u0259k olar. Bu, iki kontekstd\u0259 Bak\u0131n\u0131n maraqlar\u0131na uy\u011fundur:<\/p>\n\n\n\n<p>1. T\u00fcrkiy\u0259nin b\u00f6lg\u0259d\u0259 Az\u0259rbaycan\u0131n \u0259razi b\u00fct\u00f6vl\u00fcy\u00fc v\u0259 s\u0259rh\u0259d toxunulmazl\u0131\u011f\u0131n\u0131n qarant\u0131 oldu\u011funu Rusiya q\u0259bul edir: bu, Moskvan\u0131 m\u00fcmk\u00fcn t\u0259hdidl\u0259rd\u0259n \u00e7\u0259kindir\u0259n amildir; istisna deyil ki, Rusiya-T\u00fcrkiy\u0259 Birg\u0259 Monitorinq M\u0259rk\u0259zinin Az\u0259rbaycan-Erm\u0259nistan s\u0259rh\u0259dind\u0259 d\u0259 at\u0259\u015fk\u0259s\u0259 n\u0259zar\u0259t prosesin\u0259 qo\u015fulmas\u0131 \u015eu\u015fa B\u0259yannam\u0259si imzalanmas\u0131ndan sonra Moskvan\u0131n qar\u015f\u0131s\u0131nda qald\u0131r\u0131l\u0131b v\u0259 q\u0259bul etdirilib;<\/p>\n\n\n\n<p>2. Az\u0259rbaycan-Erm\u0259nistan s\u0259rh\u0259dind\u0259 at\u0259\u015fk\u0259s\u0259 n\u0259zar\u0259td\u0259 i\u015ftirak ed\u0259n T\u00fcrkiy\u0259 s\u0259rh\u0259din demarkasiya v\u0259 delimitasiyas\u0131, el\u0259c\u0259 d\u0259 s\u0259rh\u0259d m\u00fcqavil\u0259sinin imzalanmas\u0131 prosesind\u0259 d\u0259 i\u015ftirak ed\u0259 bil\u0259r.<\/p>\n\n\n\n<p><strong>Asif N\u0259rimanl\u0131<\/strong><\/p>\n","protected":false},"excerpt":{"rendered":"<p>\u018frdo\u011fan-Putin g\u00f6r\u00fc\u015f\u00fc ba\u015fa \u00e7atd\u0131: liderl\u0259r g\u00f6r\u00fc\u015fd\u0259n sonra he\u00e7 bir a\u00e7\u0131qlama verm\u0259di, h\u0259r\u00e7\u0259nd, qapal\u0131 m\u00fczakir\u0259l\u0259r\u0259 ke\u00e7m\u0259zd\u0259n \u00f6nc\u0259 veril\u0259n q\u0131sa a\u00e7\u0131qlamalar, fotoobyektl\u0259r\u0259 tu\u015f g\u0259l\u0259n g\u00f6r\u00fcnt\u00fcl\u0259r, \u018frdo\u011fan\u0131n<\/p>\n","protected":false},"author":2,"featured_media":0,"comment_status":"closed","ping_status":"closed","sticky":false,"template":"","format":"standard","meta":{"footnotes":""},"categories":[4],"tags":[],"class_list":["post-49833","post","type-post","status-publish","format-standard","hentry","category-qarabag"],"aioseo_notices":[],"_links":{"self":[{"href":"https:\/\/fedai.az\/index.php?rest_route=\/wp\/v2\/posts\/49833","targetHints":{"allow":["GET"]}}],"collection":[{"href":"https:\/\/fedai.az\/index.php?rest_route=\/wp\/v2\/posts"}],"about":[{"href":"https:\/\/fedai.az\/index.php?rest_route=\/wp\/v2\/types\/post"}],"author":[{"embeddable":true,"href":"https:\/\/fedai.az\/index.php?rest_route=\/wp\/v2\/users\/2"}],"replies":[{"embeddable":true,"href":"https:\/\/fedai.az\/index.php?rest_route=%2Fwp%2Fv2%2Fcomments&post=49833"}],"version-history":[{"count":1,"href":"https:\/\/fedai.az\/index.php?rest_route=\/wp\/v2\/posts\/49833\/revisions"}],"predecessor-version":[{"id":49835,"href":"https:\/\/fedai.az\/index.php?rest_route=\/wp\/v2\/posts\/49833\/revisions\/49835"}],"wp:attachment":[{"href":"https:\/\/fedai.az\/index.php?rest_route=%2Fwp%2Fv2%2Fmedia&parent=49833"}],"wp:term":[{"taxonomy":"category","embeddable":true,"href":"https:\/\/fedai.az\/index.php?rest_route=%2Fwp%2Fv2%2Fcategories&post=49833"},{"taxonomy":"post_tag","embeddable":true,"href":"https:\/\/fedai.az\/index.php?rest_route=%2Fwp%2Fv2%2Ftags&post=49833"}],"curies":[{"name":"wp","href":"https:\/\/api.w.org\/{rel}","templated":true}]}}