{"id":49836,"date":"2021-09-30T01:59:47","date_gmt":"2021-09-29T21:59:47","guid":{"rendered":"https:\/\/fedai.az\/?p=49836"},"modified":"2021-09-30T23:02:36","modified_gmt":"2021-09-30T19:02:36","slug":"s%c9%99n-borcunu-od%c9%99din-sira-bizd%c9%99-ulkudas-s%c9%99hid-r%c9%99sad-babayev","status":"publish","type":"post","link":"https:\/\/fedai.az\/?p=49836","title":{"rendered":"S\u0259n borcunu \u00f6d\u0259din, s\u0131ra bizd\u0259 \u00dclk\u00fcda\u015f: \u015e\u0259hid R\u0259\u015fad Babayev"},"content":{"rendered":"\n<p><strong>N\u0259 tez g\u0259ldi igidim, g\u0259n\u00e7 ya\u015fda s\u0259n\u0259 x\u0259zan,<br>\u015e\u0259hid\u0259 su isitdi, a\u011fla\u015fd\u0131 qara qazan.<br>S\u0259nin ba\u015f ucunda da\u015f, bizim g\u00f6z\u00fcm\u00fczd\u0259 ya\u015f,<br>S\u0259n borcunu \u00f6d\u0259din, s\u0131ra bizd\u0259 \u00dclk\u00fcda\u015f\u2026<br>\u0130hsan \u015eahin<\/strong><\/p>\n\n\n\n<figure class=\"wp-block-image size-large\"><img decoding=\"async\" src=\"https:\/\/fedai.az\/wp-content\/uploads\/2021\/09\/243469275_544033300035483_5702259441920354821_n-824x1024.jpg\" alt=\"\" class=\"wp-image-49837\"\/><\/figure>\n\n\n\n<p><br><strong>\u015e\u0259hid R\u0259\u015fad A\u011fab\u0259y o\u011flu Babayev 4 iyun 1992-ci ild\u0259 Bak\u0131 \u015f\u0259h\u0259rind\u0259 anadan olub. 1998 -ci ild\u0259 Nizami rayonu 109 sayl\u0131 orta m\u0259kt\u0259bin I sinfin\u0259 gedib. 2006-c\u0131 ild\u0259 is\u0259 t\u0259hsilini idman t\u0259may\u00fcll\u00fc 277 n\u00f6mr\u0259li m\u0259kt\u0259bd\u0259 davam etdirib. \u0130dman\u0131n c\u00fcdo n\u00f6v\u00fcyl\u0259 m\u0259\u015f\u011ful olub.<\/strong><\/p>\n\n\n\n<figure class=\"wp-block-gallery columns-2 is-cropped wp-block-gallery-1 is-layout-flex wp-block-gallery-is-layout-flex\"><ul class=\"blocks-gallery-grid\"><li class=\"blocks-gallery-item\"><figure><img decoding=\"async\" src=\"https:\/\/fedai.az\/wp-content\/uploads\/2021\/09\/243506667_234775881952484_9091285691195055873_n-768x1024.jpg\" alt=\"\" data-id=\"49838\" data-link=\"https:\/\/fedai.az\/?attachment_id=49838\" class=\"wp-image-49838\"\/><\/figure><\/li><li class=\"blocks-gallery-item\"><figure><img decoding=\"async\" src=\"https:\/\/fedai.az\/wp-content\/uploads\/2021\/09\/243514669_4502966296433521_8244366489620170361_n.jpg\" alt=\"\" data-id=\"49839\" data-full-url=\"https:\/\/fedai.az\/wp-content\/uploads\/2021\/09\/243514669_4502966296433521_8244366489620170361_n.jpg\" data-link=\"https:\/\/fedai.az\/?attachment_id=49839\" class=\"wp-image-49839\"\/><\/figure><\/li><\/ul><\/figure>\n\n\n\n<p><br>M\u0259hz bu idman n\u00f6v\u00fc \u00fczr\u0259 yeniyetm\u0259l\u0259r aras\u0131nda Az\u0259rbaycan \u00e7empionu olub. 20-d\u0259n art\u0131q q\u0131z\u0131l, g\u00fcm\u00fc\u015f v\u0259 b\u00fcr\u00fcnc medallara layiq g\u00f6r\u00fcl\u00fcb. \u0130dmana olan h\u0259v\u0259si onu Az\u0259rbaycan D\u00f6vl\u0259t \u0130dman Akademiyas\u0131na g\u0259tirib v\u0259 2013-c\u00fc ild\u0259 bu Akademiyan\u0131 bitirib 2013-c\u00fc ild\u0259n XTQ kursunu bitir\u0259r\u0259k k\u0259\u015ffiyyat\u00e7\u0131 kimi N sayl\u0131 h\u0259rbi hiss\u0259d\u0259 xidm\u0259t\u0259 ba\u015flay\u0131b. M\u00fcxt\u0259lif h\u0259rbi hiss\u0259l\u0259rd\u0259 snyper\u00e7i, XT manqa komandiri v\u0259 s. kimi xidm\u0259td\u0259 olub.<\/p>\n\n\n\n<p><br>Gizir R\u0259\u015fad Babayev T\u00fcrkiy\u0259nin \u0130zmir \u015f\u0259h\u0259rind\u0259 ke\u00e7iril\u0259n &#171;EFES 2016&#187; beyn\u0259lxalq t\u0259liml\u0259rind\u0259 f\u0259al i\u015ftirak\u0131na g\u00f6r\u0259 sertifikat il\u0259 t\u0259ltif olunub. 2017-ci ilin 30 aprel ay\u0131nda N sayl\u0131 h\u0259rbi hiss\u0259nin yaranmas\u0131n\u0131n 18-ci ild\u00f6n\u00fcm\u00fc m\u00fcnasib\u0259tiyl\u0259 d\u00f6y\u00fc\u015f haz\u0131rl\u0131\u011f\u0131nda y\u00fcks\u0259k nailiyy\u0259tl\u0259r \u0259ld\u0259 etdiyin\u0259 g\u00f6r\u0259 h\u0259rbi hiss\u0259 komandanl\u0131\u011f\u0131 t\u0259r\u0259find\u0259n F\u0259xri f\u0259rmana layiq g\u00f6r\u00fcl\u00fcb. 2020-ci ild\u0259 c\u00fcdo, Yunan &#8212; Roma v\u0259 s\u0259rb\u0259st g\u00fcl\u0259\u015f \u00fczr\u0259 yar\u0131\u015flarda y\u00fcks\u0259k n\u0259tic\u0259l\u0259r \u0259ld\u0259 etdiyin\u0259 g\u00f6r\u0259 d\u0259 F\u0259xri f\u0259rmanla t\u0259ltif olunub.<\/p>\n\n\n\n<figure class=\"wp-block-gallery columns-3 is-cropped wp-block-gallery-2 is-layout-flex wp-block-gallery-is-layout-flex\"><ul class=\"blocks-gallery-grid\"><li class=\"blocks-gallery-item\"><figure><img decoding=\"async\" src=\"https:\/\/fedai.az\/wp-content\/uploads\/2021\/09\/243359555_210698557728816_3621652836306009485_n.jpg\" alt=\"\" data-id=\"49898\" data-link=\"https:\/\/fedai.az\/?attachment_id=49898\" class=\"wp-image-49898\"\/><\/figure><\/li><li class=\"blocks-gallery-item\"><figure><img decoding=\"async\" src=\"https:\/\/fedai.az\/wp-content\/uploads\/2021\/09\/243964267_899191540719215_1903414843047726860_n-768x1024.jpg\" alt=\"\" data-id=\"49900\" data-link=\"https:\/\/fedai.az\/?attachment_id=49900\" class=\"wp-image-49900\"\/><\/figure><\/li><li class=\"blocks-gallery-item\"><figure><img decoding=\"async\" src=\"https:\/\/fedai.az\/wp-content\/uploads\/2021\/09\/g54.jpg\" alt=\"\" data-id=\"49901\" data-full-url=\"https:\/\/fedai.az\/wp-content\/uploads\/2021\/09\/g54.jpg\" data-link=\"https:\/\/fedai.az\/?attachment_id=49901\" class=\"wp-image-49901\"\/><\/figure><\/li><\/ul><\/figure>\n\n\n\n<p><br>H\u0259m\u00e7inin R. Babayev n\u00fcmun\u0259vi xidm\u0259t\u0259 g\u00f6r\u0259 &#171;Q\u00fcsursuz xidm\u0259t\u0259 g\u00f6r\u0259&#187; 3-c\u00fc d\u0259r\u0259c\u0259li medalla, &#171;Az\u0259rbaycan Ordusunun 100 illiyi (1918-2018)&#187; yubiley medal\u0131yla t\u0259ltif olunub.<\/p>\n\n\n\n<p><br>27 Sentyabr 2020-ci ild\u0259 V\u0259t\u0259nin \u00e7a\u011fr\u0131\u015f\u0131na s\u0259s ver\u0259n R\u0259\u015fad Babayev 44 g\u00fcnl\u00fck V\u0259t\u0259n m\u00fcharib\u0259si g\u00fcnl\u0259rind\u0259 torpaqlar\u0131m\u0131z\u0131n d\u00fc\u015fm\u0259n tapda\u011f\u0131ndan azad edilm\u0259sind\u0259 K\u0259lb\u0259c\u0259r, Murovda\u011f, Suqovu\u015fan, C\u0259bray\u0131l, F\u00fczuli, Xocav\u0259nd u\u011frunda ged\u0259n d\u00f6y\u00fc\u015fl\u0259rd\u0259 i\u015ftirak ed\u0259r\u0259k \u015f\u00fcca\u0259tl\u0259r g\u00f6st\u0259rib.<\/p>\n\n\n\n<p>A\u011fo\u011flan (Hadrut) q\u0259s\u0259b\u0259si u\u011frunda ged\u0259n d\u00f6y\u00fc\u015fl\u0259r is\u0259 c\u0259sur k\u0259\u015ffiyyat\u00e7\u0131 \u00fc\u00e7\u00fcn son d\u00f6y\u00fc\u015f olur.<\/p>\n\n\n\n<figure class=\"wp-block-gallery columns-3 is-cropped wp-block-gallery-3 is-layout-flex wp-block-gallery-is-layout-flex\"><ul class=\"blocks-gallery-grid\"><li class=\"blocks-gallery-item\"><figure><img decoding=\"async\" src=\"https:\/\/fedai.az\/wp-content\/uploads\/2021\/09\/243487658_373628710909611_8961485913687378287_n.jpg\" alt=\"\" data-id=\"49840\" data-link=\"https:\/\/fedai.az\/?attachment_id=49840\" class=\"wp-image-49840\"\/><\/figure><\/li><li class=\"blocks-gallery-item\"><figure><img decoding=\"async\" src=\"https:\/\/fedai.az\/wp-content\/uploads\/2021\/09\/243770190_641171260200352_715467564874230447_n.jpg\" alt=\"\" data-id=\"49841\" data-link=\"https:\/\/fedai.az\/?attachment_id=49841\" class=\"wp-image-49841\"\/><\/figure><\/li><li class=\"blocks-gallery-item\"><figure><img decoding=\"async\" src=\"https:\/\/fedai.az\/wp-content\/uploads\/2021\/09\/243892285_1208744382978860_5043629278919982605_n-1024x1024.jpg\" alt=\"\" data-id=\"49902\" data-full-url=\"https:\/\/fedai.az\/wp-content\/uploads\/2021\/09\/243892285_1208744382978860_5043629278919982605_n.jpg\" data-link=\"https:\/\/fedai.az\/?attachment_id=49902\" class=\"wp-image-49902\"\/><\/figure><\/li><\/ul><\/figure>\n\n\n\n<p><br><strong>Q\u0259hr\u0259man \u015f\u0259hidimiz R\u0259\u015fad Babayev Az\u0259rbaycan Respublikas\u0131n\u0131n Prezidenti \u0130lham \u018fliyevin 15 dekabr 2020-ci il tarixli s\u0259r\u0259ncam\u0131yla \u015f\u0259hidimiz \u00f6l\u00fcm\u00fcnd\u0259n sonra &#171;V\u0259t\u0259n u\u011frunda&#187;, &#171;\u0130gidliy\u0259 g\u00f6r\u0259&#187;, &#171;K\u0259lb\u0259c\u0259rin azad olunmas\u0131na g\u00f6r\u0259&#187;, &#171;Xocav\u0259ndin azad olunmas\u0131na g\u00f6r\u0259&#187; medallar\u0131yla t\u0259ltif olunub.<\/strong><\/p>\n\n\n\n<p><br>Q\u0259hr\u0259man \u015f\u0259hidin atas\u0131 A\u011fab\u0259y Babayev, anas\u0131 T\u0259ran\u0259 Babayeva, qarda\u015f\u0131 R\u00fcf\u0259t v\u0259 R\u0259sul Babayevl\u0259r onun m\u00fcq\u0259dd\u0259s v\u0259 q\u0259hr\u0259manl\u0131qlarla dolu q\u0131sa \u00f6m\u00fcr yolunu q\u00fcrurla xat\u0131rlay\u0131rlar.<\/p>\n\n\n\n<p><br>\u015e\u0259hidimizin anas\u0131 T\u0259ran\u0259 Babayeva, R\u0259\u015fad kimi q\u0259hr\u0259man o\u011ful b\u00f6y\u00fctm\u0259siyl\u0259 f\u0259xr edir. Bu g\u00fcn bu q\u0259hr\u0259manlar\u0131m\u0131zla b\u00fct\u00fcn Az\u0259rbaycan xalq\u0131 q\u00fcrur duyur v\u0259 f\u0259xr el\u0259yir. Bu q\u0259hr\u0259manlar\u0131n say\u0259sind\u0259 bir xalq\u0131n tapdanm\u0131\u015f q\u00fcruru, l\u0259k\u0259l\u0259nmi\u015f \u015f\u0259r\u0259fi \u00f6z\u00fcn\u0259 qaytar\u0131ld\u0131.<\/p>\n\n\n\n<figure class=\"wp-block-gallery columns-3 is-cropped wp-block-gallery-4 is-layout-flex wp-block-gallery-is-layout-flex\"><ul class=\"blocks-gallery-grid\"><li class=\"blocks-gallery-item\"><figure><img loading=\"lazy\" decoding=\"async\" width=\"768\" height=\"1024\" src=\"https:\/\/fedai.az\/wp-content\/uploads\/2021\/09\/243643734_4604200129641151_8182038175300325471_n-768x1024.jpg\" alt=\"\" data-id=\"49842\" data-link=\"https:\/\/fedai.az\/?attachment_id=49842\" class=\"wp-image-49842\" srcset=\"https:\/\/fedai.az\/wp-content\/uploads\/2021\/09\/243643734_4604200129641151_8182038175300325471_n-768x1024.jpg 768w, https:\/\/fedai.az\/wp-content\/uploads\/2021\/09\/243643734_4604200129641151_8182038175300325471_n-225x300.jpg 225w, https:\/\/fedai.az\/wp-content\/uploads\/2021\/09\/243643734_4604200129641151_8182038175300325471_n-113x150.jpg 113w, https:\/\/fedai.az\/wp-content\/uploads\/2021\/09\/243643734_4604200129641151_8182038175300325471_n.jpg 960w\" sizes=\"auto, (max-width: 768px) 100vw, 768px\" \/><\/figure><\/li><li class=\"blocks-gallery-item\"><figure><img decoding=\"async\" src=\"https:\/\/fedai.az\/wp-content\/uploads\/2021\/09\/g23.jpg\" alt=\"\" data-id=\"49843\" data-link=\"https:\/\/fedai.az\/?attachment_id=49843\" class=\"wp-image-49843\"\/><\/figure><\/li><li class=\"blocks-gallery-item\"><figure><img decoding=\"async\" src=\"https:\/\/fedai.az\/wp-content\/uploads\/2021\/09\/244253406_380011233827520_8349583398361374906_n.jpg\" alt=\"\" data-id=\"49903\" data-full-url=\"https:\/\/fedai.az\/wp-content\/uploads\/2021\/09\/244253406_380011233827520_8349583398361374906_n.jpg\" data-link=\"https:\/\/fedai.az\/?attachment_id=49903\" class=\"wp-image-49903\"\/><\/figure><\/li><\/ul><\/figure>\n\n\n\n<p>Bu g\u00fcn analar\u0131n \u00f6vladlar\u0131 \u00fc\u00e7\u00fcn g\u00f6z ya\u015f\u0131 t\u00f6kd\u00fcy\u00fcn\u0259 g\u00f6r\u0259 s\u0131nd\u0131\u011f\u0131m\u0131z\u0131 d\u00fc\u015f\u00fcnm\u0259yin, laz\u0131m olsa o analar c\u0259bh\u0259y\u0259 ged\u0259r, amma azadl\u0131\u011fa \u0259l vurman\u0131za imkan verm\u0259zl\u0259r.<\/p>\n\n\n\n<p><br>Bu g\u00fcnk\u00fc k\u00f6rp\u0259l\u0259r sabah azad bir \u00f6lk\u0259d\u0259 ya\u015fas\u0131n dey\u0259, bu g\u00fcn can ver\u0259n fidanlar, m\u0259qam\u0131n\u0131z \u015f\u0259hidlikdir, yeriniz is\u0259 q\u0259lbimizd\u0259dir.<\/p>\n\n\n\n<p><br><strong>Allah \u015f\u0259hidl\u0259rimiz\u0259 r\u0259hm\u0259t el\u0259sin!<\/strong><\/p>\n\n\n\n<p><strong><br>T\u00fcrkay Xaqan<\/strong><\/p>\n\n\n\n<figure class=\"wp-block-gallery columns-2 is-cropped wp-block-gallery-5 is-layout-flex wp-block-gallery-is-layout-flex\"><ul class=\"blocks-gallery-grid\"><li class=\"blocks-gallery-item\"><figure><img decoding=\"async\" src=\"https:\/\/fedai.az\/wp-content\/uploads\/2021\/09\/243943328_856563138331359_1329139009745887377_n-1024x768.jpg\" alt=\"\" data-id=\"49844\" data-link=\"https:\/\/fedai.az\/?attachment_id=49844\" class=\"wp-image-49844\"\/><\/figure><\/li><li class=\"blocks-gallery-item\"><figure><img decoding=\"async\" src=\"https:\/\/fedai.az\/wp-content\/uploads\/2021\/09\/243525447_6123000137772254_3398501422082508116_n-1024x576.jpg\" alt=\"\" data-id=\"49845\" data-full-url=\"https:\/\/fedai.az\/wp-content\/uploads\/2021\/09\/243525447_6123000137772254_3398501422082508116_n.jpg\" data-link=\"https:\/\/fedai.az\/?attachment_id=49845\" class=\"wp-image-49845\"\/><\/figure><\/li><\/ul><\/figure>\n","protected":false},"excerpt":{"rendered":"<p>N\u0259 tez g\u0259ldi igidim, g\u0259n\u00e7 ya\u015fda s\u0259n\u0259 x\u0259zan,\u015e\u0259hid\u0259 su isitdi, a\u011fla\u015fd\u0131 qara qazan.S\u0259nin ba\u015f ucunda da\u015f, bizim g\u00f6z\u00fcm\u00fczd\u0259 ya\u015f,S\u0259n borcunu \u00f6d\u0259din, s\u0131ra bizd\u0259 \u00dclk\u00fcda\u015f\u2026\u0130hsan<\/p>\n","protected":false},"author":2,"featured_media":0,"comment_status":"closed","ping_status":"closed","sticky":false,"template":"","format":"standard","meta":{"footnotes":""},"categories":[4],"tags":[],"class_list":["post-49836","post","type-post","status-publish","format-standard","hentry","category-qarabag"],"aioseo_notices":[],"_links":{"self":[{"href":"https:\/\/fedai.az\/index.php?rest_route=\/wp\/v2\/posts\/49836","targetHints":{"allow":["GET"]}}],"collection":[{"href":"https:\/\/fedai.az\/index.php?rest_route=\/wp\/v2\/posts"}],"about":[{"href":"https:\/\/fedai.az\/index.php?rest_route=\/wp\/v2\/types\/post"}],"author":[{"embeddable":true,"href":"https:\/\/fedai.az\/index.php?rest_route=\/wp\/v2\/users\/2"}],"replies":[{"embeddable":true,"href":"https:\/\/fedai.az\/index.php?rest_route=%2Fwp%2Fv2%2Fcomments&post=49836"}],"version-history":[{"count":3,"href":"https:\/\/fedai.az\/index.php?rest_route=\/wp\/v2\/posts\/49836\/revisions"}],"predecessor-version":[{"id":49905,"href":"https:\/\/fedai.az\/index.php?rest_route=\/wp\/v2\/posts\/49836\/revisions\/49905"}],"wp:attachment":[{"href":"https:\/\/fedai.az\/index.php?rest_route=%2Fwp%2Fv2%2Fmedia&parent=49836"}],"wp:term":[{"taxonomy":"category","embeddable":true,"href":"https:\/\/fedai.az\/index.php?rest_route=%2Fwp%2Fv2%2Fcategories&post=49836"},{"taxonomy":"post_tag","embeddable":true,"href":"https:\/\/fedai.az\/index.php?rest_route=%2Fwp%2Fv2%2Ftags&post=49836"}],"curies":[{"name":"wp","href":"https:\/\/api.w.org\/{rel}","templated":true}]}}