{"id":49857,"date":"2021-09-30T03:27:22","date_gmt":"2021-09-29T23:27:22","guid":{"rendered":"https:\/\/fedai.az\/?p=49857"},"modified":"2021-09-30T03:27:26","modified_gmt":"2021-09-29T23:27:26","slug":"turk-qosunlari-idlibd%c9%99n-geri-c%c9%99kilir-%c9%99rdoganin-putinl%c9%99-gorusunun-detallari","status":"publish","type":"post","link":"https:\/\/fedai.az\/?p=49857","title":{"rendered":"T\u00dcRK QO\u015eUNLARI \u0130DL\u0130BD\u018fN GER\u0130 \u00c7\u018fK\u0130L\u0130R? &#8212; \u018frdo\u011fan\u0131n Putinl\u0259 g\u00f6r\u00fc\u015f\u00fcn\u00fcn detallar\u0131&#8230;"},"content":{"rendered":"\n<p><strong>Bir s\u0131ra K\u0130V-l\u0259r Suriyan\u0131n h\u0259rbi dair\u0259l\u0259rind\u0259ki m\u0259nb\u0259l\u0259r\u0259 istinad\u0259n T\u00fcrk ordusunun Suriyan\u0131n \u0130dlib \u0259yal\u0259tinin c\u0259nub hiss\u0259sind\u0259n \u015fimala \u00e7\u0259kildiyini bildirir. Bu Rusiya v\u0259 T\u00fcrkiy\u0259 prezidentl\u0259ri Vladimir Putin v\u0259 R\u0259c\u0259b Tayy\u0131b \u018frdo\u011fan\u0131n So\u00e7id\u0259ki g\u00f6r\u00fc\u015f\u00fcnd\u0259n sonra ba\u015f verir. Bu bar\u0259d\u0259 Lenta.ru m\u0259lumat yay\u0131b.<\/strong><\/p>\n\n\n\n<p>Art\u0131q T\u00fcrkiy\u0259 tanklar\u0131 v\u0259 dig\u0259r zirehli texnika \u0130dlibin bir hiss\u0259sini t\u0259rk edib. H\u0259rbi hiss\u0259l\u0259rin h\u0259r\u0259k\u0259ti M4 avtomobil yolu il\u0259 izl\u0259nir. Eyni zamanda, t\u00fcrk ordusu yolun \u00fcz\u0259rind\u0259 n\u0259zar\u0259ti \u0259lind\u0259 saxlay\u0131r. M\u0259lumata g\u00f6r\u0259, \u018frdo\u011fan\u0131n Rusiyaya s\u0259f\u0259ri zaman\u0131, Rusiya Aviakosmik Q\u00fcvv\u0259l\u0259rinin aviasiyas\u0131 \u0130dlibd\u0259 iki h\u0259ft\u0259y\u0259 yax\u0131n bombardman etdiyi m\u00f6vqel\u0259ri bir g\u00fcnl\u00fck at\u0259\u015f\u0259 tutmay\u0131b.<\/p>\n\n\n\n<p>Sentyabr\u0131n 29 -da Putinl\u0259 \u018frdo\u011fan aras\u0131nda dan\u0131\u015f\u0131qlar apar\u0131ld\u0131. T\u0259r\u0259fl\u0259r \u0259m\u0259kda\u015fl\u0131q m\u0259s\u0259l\u0259l\u0259rini, h\u0259m\u00e7inin Suriya, Liviya v\u0259 Az\u0259rbaycandak\u0131 v\u0259ziyy\u0259ti m\u00fczakir\u0259 edibl\u0259r. H\u0259r iki lider \u00f6lk\u0259l\u0259r aras\u0131nda iqtisadi, siyasi v\u0259 h\u0259rbi \u0259m\u0259kda\u015fl\u0131\u011f\u0131 y\u00fcks\u0259k qiym\u0259tl\u0259ndirib.<\/p>\n\n\n\n<p>M\u0259nb\u0259: Qafqazmedia<\/p>\n","protected":false},"excerpt":{"rendered":"<p>Bir s\u0131ra K\u0130V-l\u0259r Suriyan\u0131n h\u0259rbi dair\u0259l\u0259rind\u0259ki m\u0259nb\u0259l\u0259r\u0259 istinad\u0259n T\u00fcrk ordusunun Suriyan\u0131n \u0130dlib \u0259yal\u0259tinin c\u0259nub hiss\u0259sind\u0259n \u015fimala \u00e7\u0259kildiyini bildirir. Bu Rusiya v\u0259 T\u00fcrkiy\u0259 prezidentl\u0259ri Vladimir<\/p>\n","protected":false},"author":2,"featured_media":0,"comment_status":"closed","ping_status":"closed","sticky":false,"template":"","format":"standard","meta":{"footnotes":""},"categories":[13],"tags":[],"class_list":["post-49857","post","type-post","status-publish","format-standard","hentry","category-xarici"],"aioseo_notices":[],"_links":{"self":[{"href":"https:\/\/fedai.az\/index.php?rest_route=\/wp\/v2\/posts\/49857","targetHints":{"allow":["GET"]}}],"collection":[{"href":"https:\/\/fedai.az\/index.php?rest_route=\/wp\/v2\/posts"}],"about":[{"href":"https:\/\/fedai.az\/index.php?rest_route=\/wp\/v2\/types\/post"}],"author":[{"embeddable":true,"href":"https:\/\/fedai.az\/index.php?rest_route=\/wp\/v2\/users\/2"}],"replies":[{"embeddable":true,"href":"https:\/\/fedai.az\/index.php?rest_route=%2Fwp%2Fv2%2Fcomments&post=49857"}],"version-history":[{"count":1,"href":"https:\/\/fedai.az\/index.php?rest_route=\/wp\/v2\/posts\/49857\/revisions"}],"predecessor-version":[{"id":49859,"href":"https:\/\/fedai.az\/index.php?rest_route=\/wp\/v2\/posts\/49857\/revisions\/49859"}],"wp:attachment":[{"href":"https:\/\/fedai.az\/index.php?rest_route=%2Fwp%2Fv2%2Fmedia&parent=49857"}],"wp:term":[{"taxonomy":"category","embeddable":true,"href":"https:\/\/fedai.az\/index.php?rest_route=%2Fwp%2Fv2%2Fcategories&post=49857"},{"taxonomy":"post_tag","embeddable":true,"href":"https:\/\/fedai.az\/index.php?rest_route=%2Fwp%2Fv2%2Ftags&post=49857"}],"curies":[{"name":"wp","href":"https:\/\/api.w.org\/{rel}","templated":true}]}}