{"id":49867,"date":"2021-09-30T04:01:37","date_gmt":"2021-09-30T00:01:37","guid":{"rendered":"https:\/\/fedai.az\/?p=49867"},"modified":"2021-09-30T04:01:41","modified_gmt":"2021-09-30T00:01:41","slug":"ilham-%c9%99liyevin-iranla-bagli-verdiyi-suala-r%c9%99smi-tehrandan-reaksiya","status":"publish","type":"post","link":"https:\/\/fedai.az\/?p=49867","title":{"rendered":"\u0130lham \u018fliyevin \u0130ranla ba\u011fl\u0131 verdiyi suala R\u0259smi Tehrandan REAKS\u0130YA"},"content":{"rendered":"\n<p><strong>\u0130ran Xarici \u0130\u015fl\u0259r Nazirliyinin m\u0259tbuat katibi S\u0259id X\u0259tibzad\u0259 Az\u0259rbaycan Prezidenti \u0130lham \u018fliyevin &#171;Anadolu\u201d agentliyin\u0259 m\u00fcsahib\u0259sin\u0259 reaksiya verib.<\/strong><\/p>\n\n\n\n<p><br>S\u0259id X\u0259tibzad\u0259 &#171;Mehr\u201d agentliyin\u0259 m\u00fcsahib\u0259sind\u0259 \u0130ran-Az\u0259rbaycan s\u0259rh\u0259dind\u0259 ke\u00e7iril\u0259n h\u0259rbi t\u0259liml\u0259rl\u0259 ba\u011fl\u0131 dan\u0131\u015f\u0131b. O bildirib ki, Az\u0259rbaycan Prezidentinin \u0130ran-Az\u0259rbaycan s\u0259rh\u0259dind\u0259 ke\u00e7iril\u0259n h\u0259rbi t\u0259liml\u0259r\u0259 verdiyi qiym\u0259t &#171;m\u0259yusedici&#187;dir:\u00a0&#171;\u0130ran h\u0259r zaman h\u0259r hans\u0131 bir \u0259razinin i\u015f\u011fal\u0131na qar\u015f\u0131 olub v\u0259 \u00f6lk\u0259l\u0259rin suverenliyin\u0259, s\u0259rh\u0259dl\u0259rin\u0259 v\u0259 \u0259razi b\u00fct\u00f6vl\u00fcy\u00fcn\u0259 h\u00f6rm\u0259t edib. Bu, t\u0259hl\u00fck\u0259sizlik m\u0259s\u0259l\u0259sidir v\u0259 t\u0259liml\u0259r b\u00fct\u00fcn regionun sabitliyi \u00fc\u00e7\u00fcn ke\u00e7irilir\u201d,- dey\u0259 o bildirib.\u00a0<\/p>\n\n\n\n<p>X\u0259tibzad\u0259 \u00e7\u0131x\u0131\u015f\u0131 zaman\u0131 \u0130sraill\u0259 ba\u011fl\u0131 da s\u0259rt ifad\u0259l\u0259r i\u015fl\u0259dib: &#171;\u0130ran, \u0259lb\u0259tt\u0259 ki, \u00f6z s\u0259rh\u0259dl\u0259ri yax\u0131nl\u0131\u011f\u0131nda sionist rejimin m\u00f6vcudlu\u011funa d\u00f6zm\u0259y\u0259c\u0259k v\u0259 \u00f6z t\u0259hl\u00fck\u0259sizliyi \u00fc\u00e7\u00fcn laz\u0131m olan h\u0259r \u015feyi ed\u0259c\u0259k&#187;.<\/p>\n\n\n\n<p><br>2021-ci il sentyabr\u0131n 27-d\u0259 Az\u0259rbaycan prezidenti \u0130lham \u018fliyev &#171;Anadolu&#187; agentliyin\u0259 m\u00fcsahib\u0259sind\u0259 \u0130ran\u0131n Az\u0259rbaycan s\u0259rh\u0259dl\u0259rinin yax\u0131nl\u0131\u011f\u0131nda h\u0259rbi t\u0259liml\u0259r ke\u00e7irm\u0259si bar\u0259d\u0259 bu s\u00f6zl\u0259ri demi\u015fdi: &#171;H\u0259r bir \u00f6lk\u0259 \u00f6z \u0259razisind\u0259 h\u0259rbi t\u0259liml\u0259r ke\u00e7irm\u0259y\u0259 haql\u0131d\u0131r, amma n\u0259y\u0259 g\u00f6r\u0259 m\u0259hz indi v\u0259 n\u0259 \u00fc\u00e7\u00fcn bizim s\u0259rh\u0259dimizd\u0259?\u201d. <\/p>\n\n\n\n<p>M\u0259nb\u0259: Yeniavaz<\/p>\n","protected":false},"excerpt":{"rendered":"<p>\u0130ran Xarici \u0130\u015fl\u0259r Nazirliyinin m\u0259tbuat katibi S\u0259id X\u0259tibzad\u0259 Az\u0259rbaycan Prezidenti \u0130lham \u018fliyevin &#171;Anadolu\u201d agentliyin\u0259 m\u00fcsahib\u0259sin\u0259 reaksiya verib. S\u0259id X\u0259tibzad\u0259 &#171;Mehr\u201d agentliyin\u0259 m\u00fcsahib\u0259sind\u0259 \u0130ran-Az\u0259rbaycan s\u0259rh\u0259dind\u0259<\/p>\n","protected":false},"author":2,"featured_media":0,"comment_status":"closed","ping_status":"closed","sticky":false,"template":"","format":"standard","meta":{"footnotes":""},"categories":[3],"tags":[],"class_list":["post-49867","post","type-post","status-publish","format-standard","hentry","category-gundm"],"aioseo_notices":[],"_links":{"self":[{"href":"https:\/\/fedai.az\/index.php?rest_route=\/wp\/v2\/posts\/49867","targetHints":{"allow":["GET"]}}],"collection":[{"href":"https:\/\/fedai.az\/index.php?rest_route=\/wp\/v2\/posts"}],"about":[{"href":"https:\/\/fedai.az\/index.php?rest_route=\/wp\/v2\/types\/post"}],"author":[{"embeddable":true,"href":"https:\/\/fedai.az\/index.php?rest_route=\/wp\/v2\/users\/2"}],"replies":[{"embeddable":true,"href":"https:\/\/fedai.az\/index.php?rest_route=%2Fwp%2Fv2%2Fcomments&post=49867"}],"version-history":[{"count":1,"href":"https:\/\/fedai.az\/index.php?rest_route=\/wp\/v2\/posts\/49867\/revisions"}],"predecessor-version":[{"id":49869,"href":"https:\/\/fedai.az\/index.php?rest_route=\/wp\/v2\/posts\/49867\/revisions\/49869"}],"wp:attachment":[{"href":"https:\/\/fedai.az\/index.php?rest_route=%2Fwp%2Fv2%2Fmedia&parent=49867"}],"wp:term":[{"taxonomy":"category","embeddable":true,"href":"https:\/\/fedai.az\/index.php?rest_route=%2Fwp%2Fv2%2Fcategories&post=49867"},{"taxonomy":"post_tag","embeddable":true,"href":"https:\/\/fedai.az\/index.php?rest_route=%2Fwp%2Fv2%2Ftags&post=49867"}],"curies":[{"name":"wp","href":"https:\/\/api.w.org\/{rel}","templated":true}]}}