{"id":49879,"date":"2021-09-30T15:10:57","date_gmt":"2021-09-30T11:10:57","guid":{"rendered":"https:\/\/fedai.az\/?p=49879"},"modified":"2021-09-30T15:11:01","modified_gmt":"2021-09-30T11:11:01","slug":"s%c9%99hidl%c9%99r-unudulmaz-s%c9%99hidl%c9%99r-olm%c9%99z","status":"publish","type":"post","link":"https:\/\/fedai.az\/?p=49879","title":{"rendered":"\u015e\u0259hidl\u0259r unudulmaz, \u015f\u0259hidl\u0259r \u00f6lm\u0259z!"},"content":{"rendered":"\n<p><strong>Prezident \u0130lham \u018fliyevin Az\u0259rbaycan Respublikas\u0131nda An\u0131m G\u00fcn\u00fcn\u00fcn t\u0259sis edilm\u0259si haqq\u0131nda S\u0259r\u0259ncam\u0131na uy\u011fun olaraq, Goranboy veteranlar\u0131 An\u0131m m\u0259rasiml\u0259rini davam etdirib.<\/strong><\/p>\n\n\n\n<p><br>Bu bar\u0259d\u0259 Az\u0259rbaycan V\u0259t\u0259n M\u00fcharib\u0259si Veteranlar\u0131 \u0130ctimai Birliyi (AVMV\u0130B) Goranboy rayon \u015f\u00f6b\u0259sinin s\u0259dri Elmar M\u0259mm\u0259dov m\u0259lumat verib.<\/p>\n\n\n\n<figure class=\"wp-block-image size-large is-resized\"><img loading=\"lazy\" decoding=\"async\" src=\"https:\/\/fedai.az\/wp-content\/uploads\/2021\/09\/243577936_112811874494192_3832323815240278865_n.jpg\" alt=\"\" class=\"wp-image-49880\" width=\"919\" height=\"1634\" srcset=\"https:\/\/fedai.az\/wp-content\/uploads\/2021\/09\/243577936_112811874494192_3832323815240278865_n.jpg 526w, https:\/\/fedai.az\/wp-content\/uploads\/2021\/09\/243577936_112811874494192_3832323815240278865_n-169x300.jpg 169w, https:\/\/fedai.az\/wp-content\/uploads\/2021\/09\/243577936_112811874494192_3832323815240278865_n-84x150.jpg 84w\" sizes=\"auto, (max-width: 919px) 100vw, 919px\" \/><\/figure>\n\n\n\n<p><br>E. M\u0259mm\u0259dov bildirib ki, m\u00fcharib\u0259 veteranlar\u0131 Yevlax v\u0259 B\u0259rd\u0259d\u0259n olan \u015f\u0259hidl\u0259rin m\u0259zarlar\u0131n\u0131 ziyar\u0259t edibl\u0259r. Bu An\u0131m m\u0259rasimind\u0259 Az\u0259rbaycan V\u0259t\u0259n M\u00fcharib\u0259si Veteranlar\u0131 \u0130ctimai Birliyi (AVMV\u0130B) A\u011fda\u015f rayon \u015f\u00f6b\u0259sinin s\u0259dri \u0130lham Beydullayev v\u0259 A\u011fda\u015f rayonundan olan m\u00fcharib\u0259 veteranlar\u0131 da m\u0259rasimd\u0259 i\u015ftirak edibl\u0259r.<\/p>\n\n\n\n<figure class=\"wp-block-image size-large is-resized\"><img loading=\"lazy\" decoding=\"async\" src=\"https:\/\/fedai.az\/wp-content\/uploads\/2021\/09\/243349056_112812131160833_7932442205340263151_n.jpg\" alt=\"\" class=\"wp-image-49881\" width=\"917\" height=\"1222\"\/><\/figure>\n\n\n\n<p>M\u00fcharib\u0259 veteranlar\u0131 \u015f\u0259hidl\u0259rin m\u0259zarlar\u0131n\u0131 v\u0259 onlara h\u0259sr olunmu\u015f abid\u0259 kompleksl\u0259rini ziyar\u0259t ed\u0259r\u0259k g\u00fcl d\u0259st\u0259l\u0259ri d\u00fcz\u00fcbl\u0259r.<\/p>\n\n\n\n<p><br><strong>Allah \u015f\u0259hidl\u0259rimiz\u0259 r\u0259hm\u0259t el\u0259sin!<\/strong><\/p>\n\n\n\n<p><strong><br>Elnur S\u0259lim<\/strong><\/p>\n\n\n\n<figure class=\"wp-block-gallery columns-2 is-cropped wp-block-gallery-1 is-layout-flex wp-block-gallery-is-layout-flex\"><ul class=\"blocks-gallery-grid\"><li class=\"blocks-gallery-item\"><figure><img loading=\"lazy\" decoding=\"async\" width=\"526\" height=\"701\" src=\"https:\/\/fedai.az\/wp-content\/uploads\/2021\/09\/243350758_112812797827433_8787897195701225727_n.jpg\" alt=\"\" data-id=\"49883\" data-link=\"https:\/\/fedai.az\/?attachment_id=49883\" class=\"wp-image-49883\" srcset=\"https:\/\/fedai.az\/wp-content\/uploads\/2021\/09\/243350758_112812797827433_8787897195701225727_n.jpg 526w, https:\/\/fedai.az\/wp-content\/uploads\/2021\/09\/243350758_112812797827433_8787897195701225727_n-225x300.jpg 225w, https:\/\/fedai.az\/wp-content\/uploads\/2021\/09\/243350758_112812797827433_8787897195701225727_n-113x150.jpg 113w\" sizes=\"auto, (max-width: 526px) 100vw, 526px\" \/><\/figure><\/li><li class=\"blocks-gallery-item\"><figure><img decoding=\"async\" src=\"https:\/\/fedai.az\/wp-content\/uploads\/2021\/09\/243259456_112811951160851_3190796138003815101_n.jpg\" alt=\"\" data-id=\"49886\" data-full-url=\"https:\/\/fedai.az\/wp-content\/uploads\/2021\/09\/243259456_112811951160851_3190796138003815101_n.jpg\" data-link=\"https:\/\/fedai.az\/?attachment_id=49886\" class=\"wp-image-49886\"\/><\/figure><\/li><\/ul><\/figure>\n\n\n\n<figure class=\"wp-block-image size-large is-resized\"><img loading=\"lazy\" decoding=\"async\" src=\"https:\/\/fedai.az\/wp-content\/uploads\/2021\/09\/243424641_112812881160758_7535845210280959180_n-1.jpg\" alt=\"\" class=\"wp-image-49884\" width=\"922\" height=\"1229\"\/><\/figure>\n","protected":false},"excerpt":{"rendered":"<p>Prezident \u0130lham \u018fliyevin Az\u0259rbaycan Respublikas\u0131nda An\u0131m G\u00fcn\u00fcn\u00fcn t\u0259sis edilm\u0259si haqq\u0131nda S\u0259r\u0259ncam\u0131na uy\u011fun olaraq, Goranboy veteranlar\u0131 An\u0131m m\u0259rasiml\u0259rini davam etdirib. Bu bar\u0259d\u0259 Az\u0259rbaycan V\u0259t\u0259n M\u00fcharib\u0259si<\/p>\n","protected":false},"author":2,"featured_media":0,"comment_status":"closed","ping_status":"closed","sticky":false,"template":"","format":"standard","meta":{"footnotes":""},"categories":[5],"tags":[],"class_list":["post-49879","post","type-post","status-publish","format-standard","hentry","category-veteran"],"aioseo_notices":[],"_links":{"self":[{"href":"https:\/\/fedai.az\/index.php?rest_route=\/wp\/v2\/posts\/49879","targetHints":{"allow":["GET"]}}],"collection":[{"href":"https:\/\/fedai.az\/index.php?rest_route=\/wp\/v2\/posts"}],"about":[{"href":"https:\/\/fedai.az\/index.php?rest_route=\/wp\/v2\/types\/post"}],"author":[{"embeddable":true,"href":"https:\/\/fedai.az\/index.php?rest_route=\/wp\/v2\/users\/2"}],"replies":[{"embeddable":true,"href":"https:\/\/fedai.az\/index.php?rest_route=%2Fwp%2Fv2%2Fcomments&post=49879"}],"version-history":[{"count":1,"href":"https:\/\/fedai.az\/index.php?rest_route=\/wp\/v2\/posts\/49879\/revisions"}],"predecessor-version":[{"id":49887,"href":"https:\/\/fedai.az\/index.php?rest_route=\/wp\/v2\/posts\/49879\/revisions\/49887"}],"wp:attachment":[{"href":"https:\/\/fedai.az\/index.php?rest_route=%2Fwp%2Fv2%2Fmedia&parent=49879"}],"wp:term":[{"taxonomy":"category","embeddable":true,"href":"https:\/\/fedai.az\/index.php?rest_route=%2Fwp%2Fv2%2Fcategories&post=49879"},{"taxonomy":"post_tag","embeddable":true,"href":"https:\/\/fedai.az\/index.php?rest_route=%2Fwp%2Fv2%2Ftags&post=49879"}],"curies":[{"name":"wp","href":"https:\/\/api.w.org\/{rel}","templated":true}]}}