{"id":49891,"date":"2021-09-30T18:09:32","date_gmt":"2021-09-30T14:09:32","guid":{"rendered":"https:\/\/fedai.az\/?p=49891"},"modified":"2021-09-30T18:09:37","modified_gmt":"2021-09-30T14:09:37","slug":"muharib%c9%99-%c9%99lill%c9%99ri-bu-dovl%c9%99t-rusumundan-azad-edilib","status":"publish","type":"post","link":"https:\/\/fedai.az\/?p=49891","title":{"rendered":"M\u00fcharib\u0259 \u0259lill\u0259ri bu d\u00f6vl\u0259t r\u00fcsumundan azad edilib"},"content":{"rendered":"\n<p><strong>Milli M\u0259clisin bu g\u00fcn ke\u00e7iril\u0259n plenar iclas\u0131nda \u201cD\u00f6vl\u0259t r\u00fcsumu haqq\u0131nda\u201d qanuna d\u0259yi\u015fiklik layih\u0259si \u00fc\u00e7\u00fcnc\u00fc oxunu\u015fda m\u00fczakir\u0259y\u0259 \u00e7\u0131xar\u0131l\u0131b.<\/strong><br><br>S\u0259n\u0259d\u0259 d\u0259yi\u015fiklikl\u0259 m\u00fcharib\u0259 il\u0259 \u0259laq\u0259dar \u0259lilliyi m\u00fc\u0259yy\u0259n edilmi\u015f \u015f\u0259xsl\u0259r m\u0259hk\u0259m\u0259y\u0259 veril\u0259n iddia \u0259riz\u0259l\u0259ri \u00fczr\u0259 v\u0259 m\u0259nzilin (evin) alq\u0131-satq\u0131s\u0131 zaman\u0131 d\u00f6vl\u0259t r\u00fcsumu \u00f6d\u0259m\u0259kd\u0259n azad edil\u0259c\u0259k.<\/p>\n\n\n\n<p>Qanuna d\u0259yi\u015fiklik layih\u0259si m\u00fczakir\u0259l\u0259rd\u0259n sonra s\u0259sverm\u0259y\u0259 \u00e7\u0131xar\u0131laraq III oxunu\u015fda q\u0259bul edilib.<\/p>\n\n\n\n<p><\/p>\n","protected":false},"excerpt":{"rendered":"<p>Milli M\u0259clisin bu g\u00fcn ke\u00e7iril\u0259n plenar iclas\u0131nda \u201cD\u00f6vl\u0259t r\u00fcsumu haqq\u0131nda\u201d qanuna d\u0259yi\u015fiklik layih\u0259si \u00fc\u00e7\u00fcnc\u00fc oxunu\u015fda m\u00fczakir\u0259y\u0259 \u00e7\u0131xar\u0131l\u0131b. S\u0259n\u0259d\u0259 d\u0259yi\u015fiklikl\u0259 m\u00fcharib\u0259 il\u0259 \u0259laq\u0259dar \u0259lilliyi m\u00fc\u0259yy\u0259n<\/p>\n","protected":false},"author":2,"featured_media":49892,"comment_status":"closed","ping_status":"closed","sticky":false,"template":"","format":"standard","meta":{"footnotes":""},"categories":[12],"tags":[],"class_list":["post-49891","post","type-post","status-publish","format-standard","has-post-thumbnail","hentry","category-sosial"],"aioseo_notices":[],"_links":{"self":[{"href":"https:\/\/fedai.az\/index.php?rest_route=\/wp\/v2\/posts\/49891","targetHints":{"allow":["GET"]}}],"collection":[{"href":"https:\/\/fedai.az\/index.php?rest_route=\/wp\/v2\/posts"}],"about":[{"href":"https:\/\/fedai.az\/index.php?rest_route=\/wp\/v2\/types\/post"}],"author":[{"embeddable":true,"href":"https:\/\/fedai.az\/index.php?rest_route=\/wp\/v2\/users\/2"}],"replies":[{"embeddable":true,"href":"https:\/\/fedai.az\/index.php?rest_route=%2Fwp%2Fv2%2Fcomments&post=49891"}],"version-history":[{"count":1,"href":"https:\/\/fedai.az\/index.php?rest_route=\/wp\/v2\/posts\/49891\/revisions"}],"predecessor-version":[{"id":49893,"href":"https:\/\/fedai.az\/index.php?rest_route=\/wp\/v2\/posts\/49891\/revisions\/49893"}],"wp:featuredmedia":[{"embeddable":true,"href":"https:\/\/fedai.az\/index.php?rest_route=\/wp\/v2\/media\/49892"}],"wp:attachment":[{"href":"https:\/\/fedai.az\/index.php?rest_route=%2Fwp%2Fv2%2Fmedia&parent=49891"}],"wp:term":[{"taxonomy":"category","embeddable":true,"href":"https:\/\/fedai.az\/index.php?rest_route=%2Fwp%2Fv2%2Fcategories&post=49891"},{"taxonomy":"post_tag","embeddable":true,"href":"https:\/\/fedai.az\/index.php?rest_route=%2Fwp%2Fv2%2Ftags&post=49891"}],"curies":[{"name":"wp","href":"https:\/\/api.w.org\/{rel}","templated":true}]}}