{"id":49907,"date":"2021-10-01T00:56:42","date_gmt":"2021-09-30T20:56:42","guid":{"rendered":"https:\/\/fedai.az\/?p=49907"},"modified":"2021-10-01T00:56:47","modified_gmt":"2021-09-30T20:56:47","slug":"hulusi-akar-muavinini-naxcivana-gond%c9%99rdi","status":"publish","type":"post","link":"https:\/\/fedai.az\/?p=49907","title":{"rendered":"H\u00fclusi Akar m\u00fcavinini Nax\u00e7\u0131vana g\u00f6nd\u0259rdi"},"content":{"rendered":"\n<p><strong>Sentyabr\u0131n 30-da T\u00fcrkiy\u0259 Milli M\u00fcdafi\u0259 nazirinin m\u00fcavini Muhsin D\u0259r\u0259nin r\u0259hb\u0259lik etdiyi n\u00fcmay\u0259nd\u0259 hey\u0259ti Nax\u00e7\u0131van Muxtar Respublikas\u0131 Ali M\u0259clisinin S\u0259dri Vasif Tal\u0131bov il\u0259 g\u00f6r\u00fc\u015f\u00fcb.<\/strong><\/p>\n\n\n\n<p>Nax\u00e7\u0131van Muxtar Respublikas\u0131 Ali M\u0259clisinin m\u0259tbuat xidm\u0259tind\u0259n bildirilib ki, Ali M\u0259clisin S\u0259dri n\u00fcmay\u0259nd\u0259 hey\u0259tini Nax\u00e7\u0131vanda g\u00f6rm\u0259kd\u0259n m\u0259mnunlu\u011funu bildirib, \u00f6lk\u0259l\u0259rimiz aras\u0131ndak\u0131 h\u0259rbi \u0259m\u0259kda\u015fl\u0131qdan b\u0259hs edib. Nax\u00e7\u0131van Muxtar Respublikas\u0131 il\u0259 T\u00fcrkiy\u0259 aras\u0131nda ordu quruculu\u011fu sah\u0259sind\u0259 g\u00f6r\u00fcl\u0259n i\u015fl\u0259ri v\u0259 h\u0259yata ke\u00e7iril\u0259n h\u0259rbi t\u0259liml\u0259ri diqq\u0259t\u0259 \u00e7atd\u0131ran Ali M\u0259clisin S\u0259dri Nax\u00e7\u0131vanda m\u00fcdafi\u0259 t\u0259hl\u00fck\u0259sizliyinin t\u0259min olundu\u011funu bildirib, \u0130kinci Qaraba\u011f m\u00fcharib\u0259sind\u0259 T\u00fcrkiy\u0259 d\u00f6vl\u0259tinin siyasi d\u0259st\u0259yini qeyd edib.<\/p>\n\n\n\n<p>Ali M\u0259clisin S\u0259dri \u00fcmummilli liderimiz Heyd\u0259r \u018fliyevin v\u0259 Mustafa Kamal Atat\u00fcrk\u00fcn \u0259sas\u0131n\u0131 qoydu\u011fu Az\u0259rbaycan-T\u00fcrkiy\u0259 \u0259laq\u0259l\u0259rinin \u00f6lk\u0259 Prezidentl\u0259ri t\u0259r\u0259find\u0259n u\u011furla davam etdirildiyini v\u0259 strateji t\u0259r\u0259fda\u015fl\u0131\u011f\u0131n y\u00fcks\u0259k s\u0259viyy\u0259d\u0259 oldu\u011funu bildirib, Qars m\u00fcqavil\u0259si v\u0259 \u015eu\u015fa b\u0259yannam\u0259sinin bu m\u0259nada \u0259h\u0259miyy\u0259tini vur\u011fulay\u0131b.<\/p>\n\n\n\n<p>G\u00f6st\u0259ril\u0259n s\u0259mimi m\u00fcnasib\u0259t\u0259 v\u0259 n\u00fcmay\u0259nd\u0259 hey\u0259ti il\u0259 g\u00f6r\u00fc\u015f\u0259 g\u00f6r\u0259 minn\u0259tdarl\u0131q ed\u0259n T\u00fcrkiy\u0259 Milli M\u00fcdafi\u0259 nazirinin m\u00fcavini Muhsin D\u0259r\u0259 V\u0259t\u0259n m\u00fcharib\u0259sind\u0259 qazan\u0131lm\u0131\u015f tarixi q\u0259l\u0259b\u0259 m\u00fcnasib\u0259til\u0259 t\u0259brikl\u0259rini \u00e7atd\u0131r\u0131b, \u015f\u0259hidl\u0259rin xatir\u0259sin\u0259 ehtiram\u0131n\u0131 bildirib. Qonaq \u00f6lk\u0259l\u0259rimiz aras\u0131ndak\u0131 \u0259laq\u0259l\u0259rin t\u0259rkib hiss\u0259si olaraq ordu quruculu\u011fu sah\u0259sind\u0259 g\u00f6r\u00fcl\u0259n i\u015fl\u0259rin vacibliyini vur\u011fulay\u0131b, Nax\u00e7\u0131van Muxtar Respublikas\u0131n\u0131n m\u00fch\u00fcm strateji v\u0259 co\u011frafi \u0259h\u0259miyy\u0259tin\u0259 toxunub.<\/p>\n\n\n\n<p>G\u00f6r\u00fc\u015fd\u0259 \u0259m\u0259kda\u015fl\u0131\u011f\u0131n g\u0259l\u0259c\u0259k perspektivl\u0259ri \u0259traf\u0131nda fikir m\u00fcbadil\u0259si apar\u0131l\u0131b.<\/p>\n","protected":false},"excerpt":{"rendered":"<p>Sentyabr\u0131n 30-da T\u00fcrkiy\u0259 Milli M\u00fcdafi\u0259 nazirinin m\u00fcavini Muhsin D\u0259r\u0259nin r\u0259hb\u0259lik etdiyi n\u00fcmay\u0259nd\u0259 hey\u0259ti Nax\u00e7\u0131van Muxtar Respublikas\u0131 Ali M\u0259clisinin S\u0259dri Vasif Tal\u0131bov il\u0259 g\u00f6r\u00fc\u015f\u00fcb. Nax\u00e7\u0131van<\/p>\n","protected":false},"author":2,"featured_media":49908,"comment_status":"closed","ping_status":"closed","sticky":false,"template":"","format":"standard","meta":{"footnotes":""},"categories":[3],"tags":[],"class_list":["post-49907","post","type-post","status-publish","format-standard","has-post-thumbnail","hentry","category-gundm"],"aioseo_notices":[],"_links":{"self":[{"href":"https:\/\/fedai.az\/index.php?rest_route=\/wp\/v2\/posts\/49907","targetHints":{"allow":["GET"]}}],"collection":[{"href":"https:\/\/fedai.az\/index.php?rest_route=\/wp\/v2\/posts"}],"about":[{"href":"https:\/\/fedai.az\/index.php?rest_route=\/wp\/v2\/types\/post"}],"author":[{"embeddable":true,"href":"https:\/\/fedai.az\/index.php?rest_route=\/wp\/v2\/users\/2"}],"replies":[{"embeddable":true,"href":"https:\/\/fedai.az\/index.php?rest_route=%2Fwp%2Fv2%2Fcomments&post=49907"}],"version-history":[{"count":1,"href":"https:\/\/fedai.az\/index.php?rest_route=\/wp\/v2\/posts\/49907\/revisions"}],"predecessor-version":[{"id":49909,"href":"https:\/\/fedai.az\/index.php?rest_route=\/wp\/v2\/posts\/49907\/revisions\/49909"}],"wp:featuredmedia":[{"embeddable":true,"href":"https:\/\/fedai.az\/index.php?rest_route=\/wp\/v2\/media\/49908"}],"wp:attachment":[{"href":"https:\/\/fedai.az\/index.php?rest_route=%2Fwp%2Fv2%2Fmedia&parent=49907"}],"wp:term":[{"taxonomy":"category","embeddable":true,"href":"https:\/\/fedai.az\/index.php?rest_route=%2Fwp%2Fv2%2Fcategories&post=49907"},{"taxonomy":"post_tag","embeddable":true,"href":"https:\/\/fedai.az\/index.php?rest_route=%2Fwp%2Fv2%2Ftags&post=49907"}],"curies":[{"name":"wp","href":"https:\/\/api.w.org\/{rel}","templated":true}]}}