{"id":49913,"date":"2021-10-01T02:03:35","date_gmt":"2021-09-30T22:03:35","guid":{"rendered":"https:\/\/fedai.az\/?p=49913"},"modified":"2021-10-01T02:04:05","modified_gmt":"2021-09-30T22:04:05","slug":"az%c9%99rbaycan-qarabagdaki-bu-3-%c9%99razini-turkiy%c9%99-sirk%c9%99tl%c9%99rin%c9%99-verdi","status":"publish","type":"post","link":"https:\/\/fedai.az\/?p=49913","title":{"rendered":"Az\u0259rbaycan Qaraba\u011fdak\u0131 bu 3 filiz yata\u011f\u0131n\u0131 T\u00fcrkiy\u0259 \u015firk\u0259tl\u0259rin\u0259 verdi"},"content":{"rendered":"\n<p><strong>\u201cAz\u0259rbaycan\u0131n \u201cQa\u015fqa\u00e7ay\u201d, \u201cElb\u0259yda\u015f\u201d v\u0259 \u201cA\u011fduzda\u011f\u201d filiz yataqlar\u0131n\u0131n geoloji \u00f6yr\u0259nilm\u0259si v\u0259 istismar\u0131 m\u0259qs\u0259dil\u0259 T\u00fcrkiy\u0259nin bu sah\u0259d\u0259 apar\u0131c\u0131 \u015firk\u0259tl\u0259ri olan \u201cEti Bak\u0131r A.\u015e.\u201d v\u0259 \u201cArtvin Maden A.\u015e.\u201d il\u0259 m\u00fcqavil\u0259l\u0259r imzaland\u0131\u201d.<\/strong><\/p>\n\n\n\n<p>Bu bar\u0259d\u0259 m\u0259lumat\u0131 iqtisadiyyat naziri Mikay\u0131l Cabbarov \u00f6z Tvitter hesab\u0131nda payla\u015f\u0131b.<\/p>\n\n\n\n<p>\u201c\u0130nan\u0131r\u0131q ki, at\u0131lan bu m\u00fch\u00fcm add\u0131m i\u015f\u011faldan azad edilmi\u015f \u0259razil\u0259rimizd\u0259 hasilat s\u0259nayesinin i\u015f\u0259 sal\u0131nmas\u0131, y\u00fcks\u0259k potensial\u0131 olan yataqlar\u0131n t\u0259dqiqi v\u0259 d\u00f6vriyy\u0259y\u0259 c\u0259lb edilm\u0259sind\u0259 \u0259h\u0259miyy\u0259tli rol oynamaqla, regionun iqtisadi reinteqrasiyas\u0131n\u0131 s\u00fcr\u0259tl\u0259ndir\u0259c\u0259k\u201d, \u2013 nazir qeyd edib.<\/p>\n","protected":false},"excerpt":{"rendered":"<p>\u201cAz\u0259rbaycan\u0131n \u201cQa\u015fqa\u00e7ay\u201d, \u201cElb\u0259yda\u015f\u201d v\u0259 \u201cA\u011fduzda\u011f\u201d filiz yataqlar\u0131n\u0131n geoloji \u00f6yr\u0259nilm\u0259si v\u0259 istismar\u0131 m\u0259qs\u0259dil\u0259 T\u00fcrkiy\u0259nin bu sah\u0259d\u0259 apar\u0131c\u0131 \u015firk\u0259tl\u0259ri olan \u201cEti Bak\u0131r A.\u015e.\u201d v\u0259 \u201cArtvin Maden<\/p>\n","protected":false},"author":2,"featured_media":49914,"comment_status":"closed","ping_status":"closed","sticky":false,"template":"","format":"standard","meta":{"footnotes":""},"categories":[4],"tags":[],"class_list":["post-49913","post","type-post","status-publish","format-standard","has-post-thumbnail","hentry","category-qarabag"],"aioseo_notices":[],"_links":{"self":[{"href":"https:\/\/fedai.az\/index.php?rest_route=\/wp\/v2\/posts\/49913","targetHints":{"allow":["GET"]}}],"collection":[{"href":"https:\/\/fedai.az\/index.php?rest_route=\/wp\/v2\/posts"}],"about":[{"href":"https:\/\/fedai.az\/index.php?rest_route=\/wp\/v2\/types\/post"}],"author":[{"embeddable":true,"href":"https:\/\/fedai.az\/index.php?rest_route=\/wp\/v2\/users\/2"}],"replies":[{"embeddable":true,"href":"https:\/\/fedai.az\/index.php?rest_route=%2Fwp%2Fv2%2Fcomments&post=49913"}],"version-history":[{"count":2,"href":"https:\/\/fedai.az\/index.php?rest_route=\/wp\/v2\/posts\/49913\/revisions"}],"predecessor-version":[{"id":49916,"href":"https:\/\/fedai.az\/index.php?rest_route=\/wp\/v2\/posts\/49913\/revisions\/49916"}],"wp:featuredmedia":[{"embeddable":true,"href":"https:\/\/fedai.az\/index.php?rest_route=\/wp\/v2\/media\/49914"}],"wp:attachment":[{"href":"https:\/\/fedai.az\/index.php?rest_route=%2Fwp%2Fv2%2Fmedia&parent=49913"}],"wp:term":[{"taxonomy":"category","embeddable":true,"href":"https:\/\/fedai.az\/index.php?rest_route=%2Fwp%2Fv2%2Fcategories&post=49913"},{"taxonomy":"post_tag","embeddable":true,"href":"https:\/\/fedai.az\/index.php?rest_route=%2Fwp%2Fv2%2Ftags&post=49913"}],"curies":[{"name":"wp","href":"https:\/\/api.w.org\/{rel}","templated":true}]}}