{"id":49923,"date":"2021-10-01T02:20:35","date_gmt":"2021-09-30T22:20:35","guid":{"rendered":"https:\/\/fedai.az\/?p=49923"},"modified":"2021-10-01T14:47:36","modified_gmt":"2021-10-01T10:47:36","slug":"iran-o-q%c9%99d%c9%99r-casib-ki-c%c9%99nubdaki-xeyb%c9%99ri-simalda-axtarir","status":"publish","type":"post","link":"https:\/\/fedai.az\/?p=49923","title":{"rendered":"\u0130ran o q\u0259d\u0259r \u00e7a\u015f\u0131b ki, c\u0259nubdak\u0131 Xeyb\u0259ri \u015fimalda axtar\u0131r"},"content":{"rendered":"\n<p><strong>M\u00f6t\u0259b\u0259rliyi t\u0259sdiql\u0259nm\u0259mi\u015f m\u0259nb\u0259l\u0259rd\u0259n yay\u0131lan m\u0259lumata g\u00f6r\u0259, SEPAH ad\u0131ndan bel\u0259 bir x\u0259b\u0259r yay\u0131l\u0131b:<\/strong> <strong>&#171;Guya Az\u0259rbaycan v\u0259 T\u00fcrkiy\u0259 Z\u0259ng\u0259zura q\u0259fil h\u00fccum etm\u0259k niyy\u0259tind\u0259 imi\u015fl\u0259r. \u0130slam \u0130nqilab\u0131 Ke\u015fik\u00e7il\u0259ri Korpusuna (Sepah) yax\u0131n bir m\u0259lumat m\u0259nb\u0259yi, Az\u0259rbaycan Silahl\u0131 Q\u00fcvv\u0259l\u0259rinin T\u00fcrkiy\u0259nin diplomatik d\u0259st\u0259yi il\u0259 Z\u0259ng\u0259zurdan Nax\u00e7\u0131vana ged\u0259n bir d\u0259hlizi zorla k\u0259sm\u0259k niyy\u0259tind\u0259 oldu\u011fu bar\u0259d\u0259 m\u0259lumat yay\u0131b.<\/strong><\/p>\n\n\n\n<figure class=\"wp-block-image size-large is-resized\"><img loading=\"lazy\" decoding=\"async\" src=\"https:\/\/fedai.az\/wp-content\/uploads\/2021\/10\/1633003822_nocomment_aa18379c7c1b21a07d12c2c40b6dce91_ula0kfgxh74bve126rqp-e1603630916119-640x336-1.jpg\" alt=\"\" class=\"wp-image-49924\" width=\"923\" height=\"485\" srcset=\"https:\/\/fedai.az\/wp-content\/uploads\/2021\/10\/1633003822_nocomment_aa18379c7c1b21a07d12c2c40b6dce91_ula0kfgxh74bve126rqp-e1603630916119-640x336-1.jpg 640w, https:\/\/fedai.az\/wp-content\/uploads\/2021\/10\/1633003822_nocomment_aa18379c7c1b21a07d12c2c40b6dce91_ula0kfgxh74bve126rqp-e1603630916119-640x336-1-300x158.jpg 300w, https:\/\/fedai.az\/wp-content\/uploads\/2021\/10\/1633003822_nocomment_aa18379c7c1b21a07d12c2c40b6dce91_ula0kfgxh74bve126rqp-e1603630916119-640x336-1-150x79.jpg 150w\" sizes=\"auto, (max-width: 923px) 100vw, 923px\" \/><\/figure>\n\n\n\n<p><br>Guya Z\u0259ng\u0259zura g\u00f6zl\u0259nilm\u0259z h\u00fccumdan sonra \u0130ranla Avropa aras\u0131ndak\u0131 r\u0259smi s\u0259rh\u0259d ke\u00e7idi ba\u011flana bil\u0259rmi\u015f. \u0130ran r\u0259hb\u0259rliyi buna \u0259saslanaraq Az\u0259rbaycan\u0131n c\u0259nub s\u0259rh\u0259dl\u0259rin\u0259 ordu g\u00f6nd\u0259rdiyi qeyd olunub\u201d.<\/p>\n\n\n\n<p><br>\u0130ran ordusunun quru qo\u015funlar\u0131 Az\u0259rbaycan\u0131n i\u015f\u011faldan azad etdiyi Z\u0259ngilan, C\u0259bray\u0131l \u0259razil\u0259ri il\u0259 s\u0259rh\u0259dl\u0259rimizd\u0259 geni\u015fmiqyasl\u0131 h\u0259rbi t\u0259liml\u0259r\u0259 start ver\u0259c\u0259k. Art\u0131q b\u00f6lm\u0259l\u0259r v\u0259 h\u0259rbi texnikalar s\u0259rh\u0259d\u0259 yax\u0131n \u0259razil\u0259r\u0259 yerl\u0259\u015fdirilir. \u018flb\u0259tt\u0259 ki, \u0130ran m\u00fcst\u0259qil, suveren \u00f6lk\u0259dir v\u0259 \u00f6z \u0259razil\u0259ri \u00e7\u0259r\u00e7iv\u0259sind\u0259 ist\u0259diyi kimi h\u0259rbi t\u0259liml\u0259r ke\u00e7ir\u0259 bil\u0259r. Lakin ke\u00e7iril\u0259c\u0259k h\u0259rbi t\u0259liml\u0259rin \u0130ran-Az\u0259rbaycan m\u00fcnasib\u0259tl\u0259rind\u0259 soyuqu\u011fun ya\u015fand\u0131\u011f\u0131 bir d\u00f6vrd\u0259 ke\u00e7irilm\u0259si v\u0259 t\u0259liml\u0259r\u0259 &#171;Xeyb\u0259ri f\u0259th ed\u0259nl\u0259r\u201d ad\u0131n\u0131n verilm\u0259si he\u00e7 d\u0259 t\u0259sad\u00fcfi deyil. Birincisi, bir ne\u00e7\u0259 g\u00fcn \u00f6nc\u0259 \u0130ran X\u0130N S\u0259id X\u0259tibzad\u0259 Az\u0259rbaycan Prezidenti \u0130lham \u018fliyevin r\u0259smi Tehran\u0131 s\u0259rt t\u0259nqid etm\u0259si v\u0259 iradlar\u0131na m\u00fcnasib\u0259t bildir\u0259r\u0259k &#171;\u0130slam Respublikas\u0131 \u00f6z s\u0259rh\u0259dl\u0259ri yax\u0131nl\u0131\u011f\u0131nda sionist rejimin (\u0130srail \u2013 red.) varl\u0131\u011f\u0131na d\u00f6zm\u0259y\u0259c\u0259k v\u0259 t\u0259hl\u00fck\u0259sizlik t\u0259dbiri olaraq laz\u0131m bildiyi h\u0259r \u015feyi edir\u201d deyib. Mahiyy\u0259t etibaril\u0259 bu \u00e7ox ciddi v\u0259 bir o q\u0259d\u0259r d\u0259 t\u0259hl\u00fck\u0259li a\u00e7\u0131qlamad\u0131r. X\u0259tibzad\u0259 bununla faktiki olaraq Az\u0259rbaycan hakimiyy\u0259tini sionist rejim adland\u0131r\u0131b. R\u0259smi Tehran\u0131n indi d\u0259 h\u0259rbi t\u0259lim\u0259 &#171;Xeyb\u0259ri f\u0259th ed\u0259nl\u0259r\u201d ad\u0131n\u0131n verm\u0259si bunu bir daha t\u0259sdiql\u0259yir.<\/p>\n\n\n\n<p><br>X\u0259b\u0259r verildiyi kimi, bu g\u00fcn Az\u0259rbaycan\u0131n \u0130ran \u0130slam Respublikas\u0131na yeni t\u0259yin olunmu\u015f f\u00f6vq\u0259lad\u0259 v\u0259 s\u0259lahiyy\u0259tli s\u0259firi \u018fli \u018flizad\u0259 \u0130ran\u0131n xarici i\u015fl\u0259r naziri Xoseyn \u018fmir Abdollahiana \u00f6z etimadnam\u0259l\u0259rini t\u0259qdim edib.<\/p>\n\n\n\n<figure class=\"wp-block-image size-large is-resized\"><img loading=\"lazy\" decoding=\"async\" src=\"https:\/\/fedai.az\/wp-content\/uploads\/2021\/10\/243363091_4729543170412221_3008044684693302132_n-543x1024.jpg\" alt=\"\" class=\"wp-image-49925\" width=\"869\" height=\"1639\" srcset=\"https:\/\/fedai.az\/wp-content\/uploads\/2021\/10\/243363091_4729543170412221_3008044684693302132_n-543x1024.jpg 543w, https:\/\/fedai.az\/wp-content\/uploads\/2021\/10\/243363091_4729543170412221_3008044684693302132_n-159x300.jpg 159w, https:\/\/fedai.az\/wp-content\/uploads\/2021\/10\/243363091_4729543170412221_3008044684693302132_n-80x150.jpg 80w, https:\/\/fedai.az\/wp-content\/uploads\/2021\/10\/243363091_4729543170412221_3008044684693302132_n.jpg 679w\" sizes=\"auto, (max-width: 869px) 100vw, 869px\" \/><\/figure>\n\n\n\n<p><br>\u0130ranl\u0131 nazir az\u0259rbaycanl\u0131 s\u0259fir\u0259 Tehrandak\u0131 missiyas\u0131nda u\u011furlar arzu edib v\u0259 mehriban qon\u015fuluq siyas\u0259ti \u00e7\u0259r\u00e7iv\u0259sind\u0259 ikit\u0259r\u0259fli m\u00fcnasib\u0259tl\u0259rin vacibliyini vur\u011fulay\u0131b. Bununla yana\u015f\u0131 Xoseyn \u018fmir Abdollahian Az\u0259rbaycan\u0131n \u0259razisind\u0259 \u0130ran\u0131n iki s\u00fcr\u00fcc\u00fcs\u00fcn\u00fcn saxlan\u0131lmas\u0131 il\u0259 ba\u011fl\u0131 naraz\u0131l\u0131\u011f\u0131n\u0131 da bildirib.<\/p>\n\n\n\n<p>Abdollahian h\u0259m\u00e7inin \u00f6lk\u0259sinin \u00f6z \u0259razisind\u0259 h\u0259rbi t\u0259liml\u0259rin ke\u00e7irilm\u0259si m\u0259s\u0259l\u0259sin\u0259 d\u0259 toxunub. O bu c\u00fcr t\u0259liml\u0259rin ke\u00e7irilm\u0259sini h\u0259r bir d\u00f6vl\u0259tin suveren haqq\u0131 oldu\u011funu vur\u011fulayaraq deyib ki, \u201c\u0130ran onun milli t\u0259hl\u00fck\u0259sizliyin\u0259 qar\u015f\u0131 y\u00f6n\u0259lmi\u015f sionist rejiminin \u0259razisind\u0259 qalmas\u0131na imkan verm\u0259z v\u0259 bununla ba\u011fl\u0131 laz\u0131m\u0131 t\u0259dbirl\u0259r h\u0259yata ke\u00e7ir\u0259r\u201d.<\/p>\n\n\n\n<p><br>\u00d6z n\u00f6vb\u0259sind\u0259, \u018fli \u018flizad\u0259 Az\u0259rbaycanla \u0130ran aras\u0131nda ikit\u0259r\u0259fli m\u00fcnasib\u0259tl\u0259rin \u0259h\u0259miyy\u0259tini vur\u011fulay\u0131b.<\/p>\n\n\n\n<p><br>Xat\u0131rladaq ki, \u0130ran \u0130slam Respublikas\u0131n\u0131n Quru Qo\u015funlar\u0131n\u0131n komandan\u0131 Kiyumers Heyd\u0259ri b\u0259yan etmi\u015fdi ki, \u0130ran\u0131n Silahl\u0131 Q\u00fcvv\u0259l\u0259rinin quru qo\u015funlar\u0131 \u00f6lk\u0259nin \u015fimal-q\u0259rb b\u00f6lg\u0259sind\u0259 (\u018frd\u0259bil, \u015e\u0259rqi Az\u0259rbaycan v\u0259 Z\u0259ncan) t\u0259lim ke\u00e7irm\u0259y\u0259 ba\u015flay\u0131r. Onun s\u00f6zl\u0259rin\u0259 g\u00f6r\u0259, t\u0259liml\u0259rd\u0259 \u0130ran Silahl\u0131 Q\u00fcvv\u0259l\u0259rinin haubitsa, pilotsuz u\u00e7u\u015f aparatlar\u0131, vertolyotlar v\u0259 zirehli texnikas\u0131ndan istifad\u0259 edil\u0259c\u0259k.<\/p>\n\n\n\n<p><br>Davaml\u0131 ba\u015f ver\u0259n hadis\u0259l\u0259rd\u0259n \u0130ran\u0131n qon\u015fu v\u0259 \u0130slam ad\u0131na s\u0259mimi olmad\u0131\u011f\u0131 ortadad\u0131r.<\/p>\n\n\n\n<p><br><strong>Birincisi,<\/strong> t\u0259liml\u0259r\u0259 veril\u0259n ad diqq\u0259ti \u00e7\u0259kir: \u201cXeyb\u0259ri f\u0259th ed\u0259nl\u0259r\u201d. Xeyb\u0259r S\u0259udiyy\u0259 \u018fr\u0259bistan\u0131n\u0131n M\u0259din\u0259 \u015f\u0259h\u0259rinin \u015fimal\u0131nda yerl\u0259\u015f\u0259n bir \u0259razidir. VI-VII \u0259srl\u0259rd\u0259 bu \u0259razid\u0259 Q\u00fcdsd\u0259n qovulan sefarat y\u0259hudil\u0259ri ya\u015fay\u0131blar. \u0130slam tarixind\u0259 bu qala v\u0259 qala sakini olan yahudil\u0259r uzun m\u00fcdd\u0259t M\u0259h\u0259mm\u0259d Pey\u011f\u0259mb\u0259r\u0259 qar\u015f\u0131 \u0259trafdak\u0131 tayfalardan ibar\u0259t koalisiya yaratd\u0131qlar\u0131 \u00fc\u00e7\u00fcn x\u00fcsusi yer tutub. 628-ci ild\u0259 M\u0259h\u0259mm\u0259d pey\u011f\u0259mb\u0259rin r\u0259hb\u0259rlik etdiyi q\u00fcvv\u0259l\u0259r Xeyb\u0259r\u0259 daxil olaraq bu koalisiyan\u0131 m\u0259\u011flub edib. Y\u0259ni buradan \u00e7\u0131xan n\u0259tic\u0259 bel\u0259dir: \u0130ran \u00fc\u00e7\u00fcn Az\u0259rbaycan 21-ci \u0259srin Xeyb\u0259r qalas\u0131d\u0131r. Kaolisiya h\u0259d\u0259fi is\u0259, he\u00e7 d\u0259 \u0130srail deyil, T\u00fcrkiy\u0259 &#8212; Az\u0259rbaycan &#8212; Pakistan olmas\u0131 g\u00f6r\u00fcnm\u0259kd\u0259dir.<\/p>\n\n\n\n<figure class=\"wp-block-image size-large is-resized\"><img loading=\"lazy\" decoding=\"async\" src=\"https:\/\/fedai.az\/wp-content\/uploads\/2021\/10\/13960702001707_photoi_1533035607.jpg\" alt=\"\" class=\"wp-image-49926\" width=\"923\" height=\"519\" srcset=\"https:\/\/fedai.az\/wp-content\/uploads\/2021\/10\/13960702001707_photoi_1533035607.jpg 800w, https:\/\/fedai.az\/wp-content\/uploads\/2021\/10\/13960702001707_photoi_1533035607-300x169.jpg 300w, https:\/\/fedai.az\/wp-content\/uploads\/2021\/10\/13960702001707_photoi_1533035607-150x84.jpg 150w, https:\/\/fedai.az\/wp-content\/uploads\/2021\/10\/13960702001707_photoi_1533035607-768x432.jpg 768w\" sizes=\"auto, (max-width: 923px) 100vw, 923px\" \/><\/figure>\n\n\n\n<p><br><strong>\u0130kincisi, <\/strong>\u0130ran\u0131n m\u00fcharib\u0259 d\u00f6vr\u00fcnd\u0259 tutdu\u011fu x\u0259yan\u0259tkar yol, n\u0259 qon\u015fulu\u011fa, n\u0259 m\u00fcs\u0259lman v\u0259 m\u0259zh\u0259b\u0259, n\u0259 d\u0259 elementar h\u00fcquq normalar\u0131na uy\u011fun deyildi.<\/p>\n\n\n\n<p><br><strong>\u00dc\u00e7\u00fcnc\u00fcs\u00fc, <\/strong>i\u015f\u011faldan azad edilmi\u015f da\u011f\u0131nt\u0131larda \u0130ran\u0131n i\u015ftirak\u0131, t\u0259bii s\u0259rv\u0259tl\u0259rin talanmas\u0131 v\u0259 narkotik qa\u00e7aqmal\u00e7\u0131l\u0131\u011f\u0131na bula\u015fmas\u0131na dair yet\u0259rli faktlar tapmaq m\u00fcmk\u00fcnd\u00fcr. \u0130st\u0259r bank k\u00f6\u00e7\u00fcrm\u0259l\u0259ri, ist\u0259r qanunsuz da\u015f\u0131malar bu faktlar\u0131 t\u0259sdiql\u0259yir.<\/p>\n\n\n\n<p><br><strong>D\u00f6rd\u00fcnc\u00fcs\u00fc,<\/strong> \u0130ran\u0131n dindo\u015f siyas\u0259t\u00e7i mollalar\u0131 \u0130ran\u0131n Az\u0259rbaycana daim yax\u015f\u0131 olmas\u0131 iddias\u0131n\u0131 ir\u0259li s\u00fcr\u0259r\u0259k b\u00fct\u00fcn bacard\u0131qlar\u0131 pislikl\u0259ri etm\u0259kl\u0259 yalan siyasi b\u0259yanatlarla p\u0259rd\u0259l\u0259nm\u0259y\u0259 \u00e7al\u0131\u015f\u0131rlar. Amma bu s\u00fcr\u00fc\u015fk\u0259n molla siyas\u0259ti h\u0259r g\u00fcn molla rejimini if\u015fa edir.<\/p>\n\n\n\n<p>\u018fslind\u0259 \u0130ran bu c\u00fcr sakitl\u0259\u015fdirici b\u0259yanatlar\u0131 iki ba\u015fl\u0131 ehtiyacdan verir. Birincisi, \u015eimali Az\u0259rbaycan\u0131n\u0131 sakitl\u0259\u015fdirm\u0259k v\u0259 ikincisi is\u0259 C\u0259nubda ya\u015fayan 50 milyonluq t\u00fcrk n\u00fcfuzunu v\u0259 C\u0259nubi Az\u0259rbaycanda oyan\u0131\u015fa haz\u0131r soyda\u015flar\u0131m\u0131z\u0131 sakitl\u0259\u015fdirm\u0259k m\u0259qs\u0259di da\u015f\u0131y\u0131r. Bu g\u00fcn \u0130ran ictimaiyy\u0259tini aldatmaq \u00fc\u00e7\u00fcn daxili auditoriyaya hesablanan uydurduqlar\u0131 &#171;sionizm haqq\u0131nda&#187; na\u011f\u0131l\u0131n mahiyy\u0259ti d\u0259 bundan ibar\u0259tdir.<\/p>\n\n\n\n<p><br>Bu g\u00fcn bu g\u0259rginl\u0259\u015fm\u0259d\u0259 maraql\u0131 g\u00f6r\u00fcn\u0259n t\u0259r\u0259fl\u0259rin ba\u015f\u0131nda, \u0259lb\u0259tt\u0259 Erm\u0259nistan ba\u015fda g\u0259lir. Amma b\u00fct\u00fcn saxta informasiyalar\u0131n informasiya m\u0259kan\u0131na \u00f6t\u00fcr\u00fclm\u0259sind\u0259 ard\u0131c\u0131l olaraq Rusiyan\u0131n informasiya vasit\u0259l\u0259ri aktiv hala g\u0259tirilib v\u0259 h\u0259r 5 informasiyadan az qala 3-\u00fc yanl\u0131\u015f informasiyalardan ibar\u0259tdir. Ona g\u00f6r\u0259 d\u0259 bu v\u0259ziyy\u0259td\u0259 informasiya t\u0259hl\u00fck\u0259sizliyin\u0259 diqq\u0259t art\u0131r\u0131lmal\u0131d\u0131r.<\/p>\n\n\n\n<p><strong>Son olaraq \u0130ran odla oynay\u0131r, o q\u0259d\u0259r \u00e7a\u015f\u0131b ki, c\u0259nubdak\u0131 Xeyb\u0259ri \u015fimalda axtar\u0131r&#8230;<\/strong><\/p>\n\n\n\n<div class=\"wp-block-media-text alignwide is-stacked-on-mobile\" style=\"grid-template-columns:47% auto\"><figure class=\"wp-block-media-text__media\"><img loading=\"lazy\" decoding=\"async\" width=\"720\" height=\"733\" src=\"https:\/\/fedai.az\/wp-content\/uploads\/2021\/10\/221216236_530342995054327_2278753446263105490_n.jpg\" alt=\"\" class=\"wp-image-49928 size-full\" srcset=\"https:\/\/fedai.az\/wp-content\/uploads\/2021\/10\/221216236_530342995054327_2278753446263105490_n.jpg 720w, https:\/\/fedai.az\/wp-content\/uploads\/2021\/10\/221216236_530342995054327_2278753446263105490_n-295x300.jpg 295w, https:\/\/fedai.az\/wp-content\/uploads\/2021\/10\/221216236_530342995054327_2278753446263105490_n-147x150.jpg 147w\" sizes=\"auto, (max-width: 720px) 100vw, 720px\" \/><\/figure><div class=\"wp-block-media-text__content\">\n<p class=\"has-large-font-size\"><strong>\u018fli N\u0259sib Z\u0259rdabi<\/strong><\/p>\n<\/div><\/div>\n\n\n\n<p><\/p>\n","protected":false},"excerpt":{"rendered":"<p>M\u00f6t\u0259b\u0259rliyi t\u0259sdiql\u0259nm\u0259mi\u015f m\u0259nb\u0259l\u0259rd\u0259n yay\u0131lan m\u0259lumata g\u00f6r\u0259, SEPAH ad\u0131ndan bel\u0259 bir x\u0259b\u0259r yay\u0131l\u0131b: &#171;Guya Az\u0259rbaycan v\u0259 T\u00fcrkiy\u0259 Z\u0259ng\u0259zura q\u0259fil h\u00fccum etm\u0259k niyy\u0259tind\u0259 imi\u015fl\u0259r. \u0130slam \u0130nqilab\u0131<\/p>\n","protected":false},"author":2,"featured_media":49927,"comment_status":"closed","ping_status":"closed","sticky":false,"template":"","format":"standard","meta":{"footnotes":""},"categories":[6],"tags":[],"class_list":["post-49923","post","type-post","status-publish","format-standard","has-post-thumbnail","hentry","category-arasdirma"],"aioseo_notices":[],"_links":{"self":[{"href":"https:\/\/fedai.az\/index.php?rest_route=\/wp\/v2\/posts\/49923","targetHints":{"allow":["GET"]}}],"collection":[{"href":"https:\/\/fedai.az\/index.php?rest_route=\/wp\/v2\/posts"}],"about":[{"href":"https:\/\/fedai.az\/index.php?rest_route=\/wp\/v2\/types\/post"}],"author":[{"embeddable":true,"href":"https:\/\/fedai.az\/index.php?rest_route=\/wp\/v2\/users\/2"}],"replies":[{"embeddable":true,"href":"https:\/\/fedai.az\/index.php?rest_route=%2Fwp%2Fv2%2Fcomments&post=49923"}],"version-history":[{"count":2,"href":"https:\/\/fedai.az\/index.php?rest_route=\/wp\/v2\/posts\/49923\/revisions"}],"predecessor-version":[{"id":49985,"href":"https:\/\/fedai.az\/index.php?rest_route=\/wp\/v2\/posts\/49923\/revisions\/49985"}],"wp:featuredmedia":[{"embeddable":true,"href":"https:\/\/fedai.az\/index.php?rest_route=\/wp\/v2\/media\/49927"}],"wp:attachment":[{"href":"https:\/\/fedai.az\/index.php?rest_route=%2Fwp%2Fv2%2Fmedia&parent=49923"}],"wp:term":[{"taxonomy":"category","embeddable":true,"href":"https:\/\/fedai.az\/index.php?rest_route=%2Fwp%2Fv2%2Fcategories&post=49923"},{"taxonomy":"post_tag","embeddable":true,"href":"https:\/\/fedai.az\/index.php?rest_route=%2Fwp%2Fv2%2Ftags&post=49923"}],"curies":[{"name":"wp","href":"https:\/\/api.w.org\/{rel}","templated":true}]}}