{"id":49930,"date":"2021-10-01T02:52:24","date_gmt":"2021-09-30T22:52:24","guid":{"rendered":"https:\/\/fedai.az\/?p=49930"},"modified":"2021-10-01T03:05:27","modified_gmt":"2021-09-30T23:05:27","slug":"t%c9%99brik-vaqif-%c9%99lisoy-67","status":"publish","type":"post","link":"https:\/\/fedai.az\/?p=49930","title":{"rendered":"T\u018fBR\u0130K: VAQ\u0130F \u018fL\u0130SOY &#8212; 67"},"content":{"rendered":"\n<p><strong><span class=\"has-inline-color has-vivid-red-color\">Az\u0259rbaycan V\u0259t\u0259n M\u00fcharib\u0259si Veteranlar\u0131 \u0130ctimai Birliyinin (AVMV\u0130B) \u00fczv\u00fc, xalq h\u0259r\u0259kat\u0131n\u0131n f\u0259al\u0131, m\u00fcharib\u0259 veteran\u0131, Qaraba\u011f\u0131 tan\u0131nm\u0131\u015f ziyal\u0131s\u0131 v\u0259 a\u011fsaqqallar\u0131ndan olan Vaqif \u018flisoyun 67 ya\u015f\u0131 tamam olur.<\/span><\/strong><\/p>\n\n\n\n<p><br>Vaqif \u018flisoy ona pay d\u00fc\u015f\u0259n \u00f6m\u00fcr adl\u0131 qism\u0259tini \u00f6z\u00fc \u00fc\u00e7\u00fcn ya\u015famayan q\u0259hr\u0259man m\u00fcharib\u0259 veteranlar\u0131m\u0131zdand\u0131. \u00c7\u00fcnki V\u0259t\u0259ni \u00f6z\u00fcnd\u0259n \u00f6nd\u0259 bilirdi. M\u00fcharib\u0259d\u0259 silah\u0131yla, dinc d\u00f6vrd\u0259 is\u0259 q\u0259l\u0259mi v\u0259 pedoqoji f\u0259aliyy\u0259tiyl\u0259 d\u00f6y\u00fc\u015f\u00fcrd\u00fc, Vaqif \u018flisoy.<\/p>\n\n\n\n<figure class=\"wp-block-gallery columns-2 is-cropped wp-block-gallery-1 is-layout-flex wp-block-gallery-is-layout-flex\"><ul class=\"blocks-gallery-grid\"><li class=\"blocks-gallery-item\"><figure><img loading=\"lazy\" decoding=\"async\" width=\"440\" height=\"336\" src=\"https:\/\/fedai.az\/wp-content\/uploads\/2021\/10\/\u0411\u0435\u0437-\u043d\u0430\u0437\u0432\u0430\u043d\u0438\u044f.jpg\" alt=\"\" data-id=\"49933\" data-link=\"https:\/\/fedai.az\/?attachment_id=49933\" class=\"wp-image-49933\" srcset=\"https:\/\/fedai.az\/wp-content\/uploads\/2021\/10\/\u0411\u0435\u0437-\u043d\u0430\u0437\u0432\u0430\u043d\u0438\u044f.jpg 440w, https:\/\/fedai.az\/wp-content\/uploads\/2021\/10\/\u0411\u0435\u0437-\u043d\u0430\u0437\u0432\u0430\u043d\u0438\u044f-300x229.jpg 300w, https:\/\/fedai.az\/wp-content\/uploads\/2021\/10\/\u0411\u0435\u0437-\u043d\u0430\u0437\u0432\u0430\u043d\u0438\u044f-150x115.jpg 150w\" sizes=\"auto, (max-width: 440px) 100vw, 440px\" \/><\/figure><\/li><li class=\"blocks-gallery-item\"><figure><img loading=\"lazy\" decoding=\"async\" width=\"309\" height=\"245\" src=\"https:\/\/fedai.az\/wp-content\/uploads\/2021\/10\/243917946_113010324474347_6957364710928030472_n.jpg\" alt=\"\" data-id=\"49947\" data-full-url=\"https:\/\/fedai.az\/wp-content\/uploads\/2021\/10\/243917946_113010324474347_6957364710928030472_n.jpg\" data-link=\"https:\/\/fedai.az\/?attachment_id=49947\" class=\"wp-image-49947\" srcset=\"https:\/\/fedai.az\/wp-content\/uploads\/2021\/10\/243917946_113010324474347_6957364710928030472_n.jpg 309w, https:\/\/fedai.az\/wp-content\/uploads\/2021\/10\/243917946_113010324474347_6957364710928030472_n-300x238.jpg 300w, https:\/\/fedai.az\/wp-content\/uploads\/2021\/10\/243917946_113010324474347_6957364710928030472_n-150x119.jpg 150w\" sizes=\"auto, (max-width: 309px) 100vw, 309px\" \/><\/figure><\/li><\/ul><\/figure>\n\n\n\n<p><br><strong>65 illiyi il\u0259 ba\u011fl\u0131 saytlar\u0131n birin\u0259 verdiyi a\u00e7\u0131qlamada V. \u018flisoy demi\u015fdi:<\/strong> \u201cBu g\u00fcn m\u0259kt\u0259bd\u0259 \u015fagirdl\u0259rim m\u0259ni t\u0259brik ed\u0259rk\u0259n dedim ki, m\u0259n\u0259 \u0259n b\u00f6y\u00fck arzunuz o olsun ki, Qaraba\u011fda, C\u0259bray\u0131lda d\u0259fn olunum. Torpaqlar\u0131m\u0131z\u0131 ordumuzun, \u00f6z\u00fcm\u00fcz\u00fcn g\u00fcc\u00fc il\u0259, \u0259ld\u0259 silah azad ed\u0259k. M\u0259n d\u0259 y\u00fcz minl\u0259rl\u0259 torpaq d\u0259rdli did\u0259rgin kimi gedim o torpaqlar\u0131 g\u00f6r\u00fcm, sonra rahat d\u00fcnyadan k\u00f6\u00e7\u00fcm. \u018fn b\u00f6y\u00fck arzum budur. O torpaqlars\u0131z, C\u0259bray\u0131ls\u0131z m\u0259nim \u00fc\u00e7\u00fcn h\u0259yat yoxdur. Art\u0131q s\u0259brimiz d\u0259 t\u00fck\u0131nib. M\u0259n xalq\u0131ma, d\u00f6vl\u0259tim\u0259, orduma torpaqlar\u0131m\u0131z\u0131n azadl\u0131\u011f\u0131 yolunda u\u011furlar dil\u0259yir, amma bu i\u015fd\u0259 s\u0259birsizlik arzulay\u0131ram. Y\u0259ni torpaqlar\u0131m\u0131z\u0131 tezlikl\u0259 azad ed\u0259k v\u0259 m\u0259nim kimi art\u0131q ah\u0131l ya\u015f\u0131na \u00e7atm\u0131\u015f on minl\u0259rl\u0259 v\u0259t\u0259nda\u015f da Qaraba\u011f\u0131n, \u00f6z do\u011fma yurd-yuvalar\u0131n\u0131n azadl\u0131\u011f\u0131n\u0131 g\u00f6rs\u00fcn. Bu d\u00f6vl\u0259t bizl\u0259rin \u00e7iyinl\u0259rind\u0259 qurulub. Ya\u015f\u0131m\u0131za baxmayaraq yen\u0259 d\u0259 \u0259ld\u0259 silah onun m\u00fcst\u0259qilliyi, \u0259razi b\u00fct\u00f6vl\u00fcy\u00fc u\u011frunda d\u00f6y\u00fc\u015fm\u0259y\u0259 d\u0259, d\u00fc\u015fm\u0259ni \u00f6ld\u00fcrm\u0259y\u0259 d\u0259, \u015f\u0259hid olma\u011fa da haz\u0131r\u0131q&#8230;<\/p>\n\n\n\n<figure class=\"wp-block-image size-large is-resized\"><img loading=\"lazy\" decoding=\"async\" src=\"https:\/\/fedai.az\/wp-content\/uploads\/2021\/10\/242997928_111510371291009_437195232858985649_n-715x400-1.jpg\" alt=\"\" class=\"wp-image-49931\" width=\"1089\" height=\"609\" srcset=\"https:\/\/fedai.az\/wp-content\/uploads\/2021\/10\/242997928_111510371291009_437195232858985649_n-715x400-1.jpg 715w, https:\/\/fedai.az\/wp-content\/uploads\/2021\/10\/242997928_111510371291009_437195232858985649_n-715x400-1-300x168.jpg 300w, https:\/\/fedai.az\/wp-content\/uploads\/2021\/10\/242997928_111510371291009_437195232858985649_n-715x400-1-150x84.jpg 150w\" sizes=\"auto, (max-width: 1089px) 100vw, 1089px\" \/><\/figure>\n\n\n\n<p><br><strong>Allah u\u011frunda vuru\u015fdu\u011fumuz m\u00fcst\u0259qil Az\u0259rbaycan\u0131 var etsin!..\u201d<\/strong><\/p>\n\n\n\n<p>Allah Vaqif \u018flisoyun arzusunu \u00e7in el\u0259di. 2020-ci ild\u0259 \u015fanl\u0131 ordumuz \u00f6z tarixi missiyas\u0131n\u0131 yerin\u0259 yetir\u0259r\u0259k, bu xalq\u0131n q\u0131r\u0131lm\u0131\u015f q\u00fcrurunu b\u0259rpa etdi. Vaqif b\u0259y can\u0131 q\u0259d\u0259r sevdiyi do\u011fma C\u0259bray\u0131la, h\u0259r qar\u0131\u015f\u0131nda iz qoydu\u011fu o torpa\u011f\u0131 ziyar\u0259t\u0259 qazi kimi getdi. <\/p>\n\n\n\n<figure class=\"wp-block-gallery columns-2 is-cropped wp-block-gallery-2 is-layout-flex wp-block-gallery-is-layout-flex\"><ul class=\"blocks-gallery-grid\"><li class=\"blocks-gallery-item\"><figure><img loading=\"lazy\" decoding=\"async\" width=\"526\" height=\"701\" src=\"https:\/\/fedai.az\/wp-content\/uploads\/2021\/10\/243523243_111510484624331_4554354161740404962_n.jpg\" alt=\"\" data-id=\"49932\" data-link=\"https:\/\/fedai.az\/?attachment_id=49932\" class=\"wp-image-49932\" srcset=\"https:\/\/fedai.az\/wp-content\/uploads\/2021\/10\/243523243_111510484624331_4554354161740404962_n.jpg 526w, https:\/\/fedai.az\/wp-content\/uploads\/2021\/10\/243523243_111510484624331_4554354161740404962_n-225x300.jpg 225w, https:\/\/fedai.az\/wp-content\/uploads\/2021\/10\/243523243_111510484624331_4554354161740404962_n-113x150.jpg 113w\" sizes=\"auto, (max-width: 526px) 100vw, 526px\" \/><\/figure><\/li><li class=\"blocks-gallery-item\"><figure><img loading=\"lazy\" decoding=\"async\" width=\"206\" height=\"366\" src=\"https:\/\/fedai.az\/wp-content\/uploads\/2021\/10\/vPqAZv.png\" alt=\"\" data-id=\"49936\" data-full-url=\"https:\/\/fedai.az\/wp-content\/uploads\/2021\/10\/vPqAZv.png\" data-link=\"https:\/\/fedai.az\/?attachment_id=49936\" class=\"wp-image-49936\" srcset=\"https:\/\/fedai.az\/wp-content\/uploads\/2021\/10\/vPqAZv.png 206w, https:\/\/fedai.az\/wp-content\/uploads\/2021\/10\/vPqAZv-169x300.png 169w, https:\/\/fedai.az\/wp-content\/uploads\/2021\/10\/vPqAZv-84x150.png 84w\" sizes=\"auto, (max-width: 206px) 100vw, 206px\" \/><\/figure><\/li><\/ul><\/figure>\n\n\n\n<p>Sava\u015flar h\u0259r zaman ac\u0131larla dolu xatir\u0259l\u0259r il\u0259 insanlar\u0131n yadda\u015f\u0131na hopar. \u00c7\u00fcnk\u00fc sava\u015f sad\u0259c\u0259 itkil\u0259rd\u0259n ibar\u0259tdir. Sonucu z\u0259f\u0259r olsa da, sava\u015f\u0131n qazan\u0131lmas\u0131 da \u00e7ox b\u00f6y\u00fck itkil\u0259rl\u0259 ba\u015fa g\u0259lir. Bu itkil\u0259rd\u0259n yaranan a\u011fr\u0131, ac\u0131lar\u0131 \u0259sil d\u00f6y\u00fc\u015f\u00e7\u00fc q\u0259l\u0259miyl\u0259 Vaqif b\u0259y &#171;Ka\u015f g\u00f6zl\u0259rim kor olayd\u0131&#187;&#8230; adl\u0131 kitab\u0131n s\u0259hif\u0259l\u0259rin\u0259 k\u00f6\u00e7\u00fcr\u00fcb. Silahla vidala\u015f\u0131b geri d\u00f6nd\u00fcy\u00fc an\u0131 d\u00f6y\u00fc\u015f\u00e7\u00fc yazar bel\u0259 xat\u0131rlay\u0131r: &#171;N\u00f6vb\u0259t\u00e7i kapitan Famil\u0259 \u201cAGM\u201d avtomat\u0131n\u0131 v\u0259 3 \u0259d\u0259d F-1 qumbaras\u0131n\u0131 qaytar\u0131b, kitaba qol \u00e7\u0259kib yola \u00e7\u0131xd\u0131m.<\/p>\n\n\n\n<figure class=\"wp-block-gallery columns-2 is-cropped wp-block-gallery-3 is-layout-flex wp-block-gallery-is-layout-flex\"><ul class=\"blocks-gallery-grid\"><li class=\"blocks-gallery-item\"><figure><img loading=\"lazy\" decoding=\"async\" width=\"960\" height=\"720\" src=\"https:\/\/fedai.az\/wp-content\/uploads\/2021\/10\/PDg2n5.png\" alt=\"\" data-id=\"49937\" data-link=\"https:\/\/fedai.az\/?attachment_id=49937\" class=\"wp-image-49937\" srcset=\"https:\/\/fedai.az\/wp-content\/uploads\/2021\/10\/PDg2n5.png 960w, https:\/\/fedai.az\/wp-content\/uploads\/2021\/10\/PDg2n5-300x225.png 300w, https:\/\/fedai.az\/wp-content\/uploads\/2021\/10\/PDg2n5-150x113.png 150w, https:\/\/fedai.az\/wp-content\/uploads\/2021\/10\/PDg2n5-768x576.png 768w\" sizes=\"auto, (max-width: 960px) 100vw, 960px\" \/><\/figure><\/li><li class=\"blocks-gallery-item\"><figure><img loading=\"lazy\" decoding=\"async\" width=\"960\" height=\"540\" src=\"https:\/\/fedai.az\/wp-content\/uploads\/2021\/10\/8zJWP7.png\" alt=\"\" data-id=\"49938\" data-full-url=\"https:\/\/fedai.az\/wp-content\/uploads\/2021\/10\/8zJWP7.png\" data-link=\"https:\/\/fedai.az\/?attachment_id=49938\" class=\"wp-image-49938\" srcset=\"https:\/\/fedai.az\/wp-content\/uploads\/2021\/10\/8zJWP7.png 960w, https:\/\/fedai.az\/wp-content\/uploads\/2021\/10\/8zJWP7-300x169.png 300w, https:\/\/fedai.az\/wp-content\/uploads\/2021\/10\/8zJWP7-150x84.png 150w, https:\/\/fedai.az\/wp-content\/uploads\/2021\/10\/8zJWP7-768x432.png 768w\" sizes=\"auto, (max-width: 960px) 100vw, 960px\" \/><\/figure><\/li><\/ul><\/figure>\n\n\n\n<p><br>Bir y\u00fck ma\u015f\u0131n\u0131na mindim. Beyl\u0259qana q\u0259d\u0259r n\u0259l\u0259r g\u00f6rm\u0259dim. \u00d6z-\u00f6z\u00fcm\u0259 deyirdim ki, niy\u0259 bir g\u00fcll\u0259y\u0259 rast g\u0259lm\u0259dim? Niy\u0259 h\u0259lak olmad\u0131m ki, bunlar\u0131 indi m\u0259n g\u00f6r\u00fcr\u0259m? Ancaq bir \u015fey\u0259 arxay\u0131n idim, gec-tez xalq\u0131 bu b\u0259laya d\u00fc\u00e7ar ed\u0259nl\u0259r layiqli c\u0259zalar\u0131n\u0131 alacaqlar. Onlar\u0131n adlar\u0131n\u0131 m\u0259n bilir\u0259m. He\u00e7 k\u0259sd\u0259n qorxmuram. Onlar\u0131n adlar\u0131: R. Qaz\u0131yev, S. H\u00fcseynov, \u018f. H\u00fcmb\u0259tov. M\u0259hz R. Qaz\u0131yevin s\u0259b\u0259bin\u0259 Milli Ordu bu iki n\u0259f\u0259rin \u0259lind\u0259 c\u0259ml\u0259\u015fmi\u015fdi&#187;&#8230;<\/p>\n\n\n\n<figure class=\"wp-block-gallery columns-2 is-cropped wp-block-gallery-4 is-layout-flex wp-block-gallery-is-layout-flex\"><ul class=\"blocks-gallery-grid\"><li class=\"blocks-gallery-item\"><figure><img loading=\"lazy\" decoding=\"async\" width=\"206\" height=\"146\" src=\"https:\/\/fedai.az\/wp-content\/uploads\/2021\/10\/1573631045_1535342887_1.jpg\" alt=\"\" data-id=\"49935\" data-full-url=\"https:\/\/fedai.az\/wp-content\/uploads\/2021\/10\/1573631045_1535342887_1.jpg\" data-link=\"https:\/\/fedai.az\/?attachment_id=49935\" class=\"wp-image-49935\" srcset=\"https:\/\/fedai.az\/wp-content\/uploads\/2021\/10\/1573631045_1535342887_1.jpg 206w, https:\/\/fedai.az\/wp-content\/uploads\/2021\/10\/1573631045_1535342887_1-150x106.jpg 150w\" sizes=\"auto, (max-width: 206px) 100vw, 206px\" \/><\/figure><\/li><li class=\"blocks-gallery-item\"><figure><img loading=\"lazy\" decoding=\"async\" width=\"720\" height=\"960\" src=\"https:\/\/fedai.az\/wp-content\/uploads\/2021\/10\/Azp8nL.jpg\" alt=\"\" data-id=\"49939\" data-full-url=\"https:\/\/fedai.az\/wp-content\/uploads\/2021\/10\/Azp8nL.jpg\" data-link=\"https:\/\/fedai.az\/?attachment_id=49939\" class=\"wp-image-49939\" srcset=\"https:\/\/fedai.az\/wp-content\/uploads\/2021\/10\/Azp8nL.jpg 720w, https:\/\/fedai.az\/wp-content\/uploads\/2021\/10\/Azp8nL-225x300.jpg 225w, https:\/\/fedai.az\/wp-content\/uploads\/2021\/10\/Azp8nL-113x150.jpg 113w\" sizes=\"auto, (max-width: 720px) 100vw, 720px\" \/><\/figure><\/li><\/ul><\/figure>\n\n\n\n<p><br>Komandir s\u0259rrastl\u0131\u011f\u0131 v\u0259 d\u0259qiqliyi il\u0259 ya\u015fanm\u0131\u015f faci\u0259l\u0259rl\u0259 dolu tarixi anlar\u0131 lakonik dill\u0259 anladan veteran\u0131m\u0131z Vaqif \u018flisoyun V\u0259t\u0259n \u0259xlaq\u0131 bir n\u0259sl\u0259 \u00f6rn\u0259kdir. <strong>O da ayaqlar\u0131m, qollar\u0131m, g\u00f6zl\u0259rim olmadan ya\u015faya bil\u0259r\u0259m. \u00abAncaq V\u0259t\u0259nim olmadan, ya\u015faya bilm\u0259r\u0259m\u00bb, dey\u0259n qazil\u0259rimizd\u0259ndi v\u0259 bu V\u0259t\u0259n siz\u0259 minn\u0259tdard\u0131r.<\/strong><\/p>\n\n\n\n<p><br>\u00d6nc\u0259 \u00f6z ad\u0131mdan do\u011fma C\u0259bray\u0131l\u0131m\u0131z\u0131n igid o\u011flunu ad g\u00fcn\u00fc m\u00fcnasib\u0259tiyl\u0259 t\u0259brik edir v\u0259 bildirir\u0259m ki, Az\u0259rbaycan V\u0259t\u0259n M\u00fcharib\u0259si Veteranlar\u0131 \u0130ctimai Birliyi (AVMV\u0130B) Sizi ad g\u00fcn\u00fc m\u00fcnasib\u0259tiyl\u0259 v\u0259 g\u0259nc n\u0259slin v\u0259t\u0259np\u0259rv\u0259r ruhda t\u0259rbiyy\u0259sind\u0259ki m\u00fcst\u0259sna xidm\u0259tl\u0259riniz\u0259 g\u00f6r\u0259 F\u0259xri f\u0259rmanla t\u0259ltif edib.<\/p>\n\n\n\n<p><br><strong>AVMV\u0130B R\u0259hb\u0259rliyi v\u0259 Fedai.az kollektivi Vaqif b\u0259yi ad g\u00fcn\u00fc m\u00fcnasib\u0259ti il\u0259 t\u0259brik edir, uzun \u00f6m\u00fcr can sa\u011fl\u0131\u011f\u0131 v\u0259 do\u011fma yurdda doyunca bir \u00f6m\u00fcr arzulay\u0131r.<\/strong><\/p>\n\n\n\n<p><br><strong>B\u00fct\u00fcn g\u00f6z\u0259llikl\u0259r sizin olsun v\u0259 100 ya\u015fa, Vaqif b\u0259y!<\/strong><\/p>\n\n\n\n<p><br><strong>X. \u018fd\u0259bo\u011flu<\/strong><\/p>\n\n\n\n<figure class=\"wp-block-gallery columns-2 is-cropped wp-block-gallery-5 is-layout-flex wp-block-gallery-is-layout-flex\"><ul class=\"blocks-gallery-grid\"><li class=\"blocks-gallery-item\"><figure><img decoding=\"async\" src=\"https:\/\/fedai.az\/wp-content\/uploads\/2021\/09\/8265a327389da9fe4fdc2714b309120e-1-7.jpg\" alt=\"\" data-id=\"49202\" data-full-url=\"https:\/\/fedai.az\/wp-content\/uploads\/2021\/09\/8265a327389da9fe4fdc2714b309120e-1-7.jpg\" data-link=\"https:\/\/fedai.az\/?attachment_id=49202\" class=\"wp-image-49202\"\/><\/figure><\/li><li class=\"blocks-gallery-item\"><figure><img loading=\"lazy\" decoding=\"async\" width=\"540\" height=\"463\" src=\"https:\/\/fedai.az\/wp-content\/uploads\/2021\/10\/CUOOBP.png\" alt=\"\" data-id=\"49940\" data-full-url=\"https:\/\/fedai.az\/wp-content\/uploads\/2021\/10\/CUOOBP.png\" data-link=\"https:\/\/fedai.az\/?attachment_id=49940\" class=\"wp-image-49940\" srcset=\"https:\/\/fedai.az\/wp-content\/uploads\/2021\/10\/CUOOBP.png 540w, https:\/\/fedai.az\/wp-content\/uploads\/2021\/10\/CUOOBP-300x257.png 300w, https:\/\/fedai.az\/wp-content\/uploads\/2021\/10\/CUOOBP-150x129.png 150w\" sizes=\"auto, (max-width: 540px) 100vw, 540px\" \/><\/figure><\/li><\/ul><\/figure>\n","protected":false},"excerpt":{"rendered":"<p>Az\u0259rbaycan V\u0259t\u0259n M\u00fcharib\u0259si Veteranlar\u0131 \u0130ctimai Birliyinin (AVMV\u0130B) \u00fczv\u00fc, xalq h\u0259r\u0259kat\u0131n\u0131n f\u0259al\u0131, m\u00fcharib\u0259 veteran\u0131, Qaraba\u011f\u0131 tan\u0131nm\u0131\u015f ziyal\u0131s\u0131 v\u0259 a\u011fsaqqallar\u0131ndan olan Vaqif \u018flisoyun 67 ya\u015f\u0131 tamam<\/p>\n","protected":false},"author":2,"featured_media":49941,"comment_status":"closed","ping_status":"closed","sticky":false,"template":"","format":"standard","meta":{"footnotes":""},"categories":[5],"tags":[],"class_list":["post-49930","post","type-post","status-publish","format-standard","has-post-thumbnail","hentry","category-veteran"],"aioseo_notices":[],"_links":{"self":[{"href":"https:\/\/fedai.az\/index.php?rest_route=\/wp\/v2\/posts\/49930","targetHints":{"allow":["GET"]}}],"collection":[{"href":"https:\/\/fedai.az\/index.php?rest_route=\/wp\/v2\/posts"}],"about":[{"href":"https:\/\/fedai.az\/index.php?rest_route=\/wp\/v2\/types\/post"}],"author":[{"embeddable":true,"href":"https:\/\/fedai.az\/index.php?rest_route=\/wp\/v2\/users\/2"}],"replies":[{"embeddable":true,"href":"https:\/\/fedai.az\/index.php?rest_route=%2Fwp%2Fv2%2Fcomments&post=49930"}],"version-history":[{"count":2,"href":"https:\/\/fedai.az\/index.php?rest_route=\/wp\/v2\/posts\/49930\/revisions"}],"predecessor-version":[{"id":49948,"href":"https:\/\/fedai.az\/index.php?rest_route=\/wp\/v2\/posts\/49930\/revisions\/49948"}],"wp:featuredmedia":[{"embeddable":true,"href":"https:\/\/fedai.az\/index.php?rest_route=\/wp\/v2\/media\/49941"}],"wp:attachment":[{"href":"https:\/\/fedai.az\/index.php?rest_route=%2Fwp%2Fv2%2Fmedia&parent=49930"}],"wp:term":[{"taxonomy":"category","embeddable":true,"href":"https:\/\/fedai.az\/index.php?rest_route=%2Fwp%2Fv2%2Fcategories&post=49930"},{"taxonomy":"post_tag","embeddable":true,"href":"https:\/\/fedai.az\/index.php?rest_route=%2Fwp%2Fv2%2Ftags&post=49930"}],"curies":[{"name":"wp","href":"https:\/\/api.w.org\/{rel}","templated":true}]}}