{"id":49943,"date":"2021-10-01T03:03:45","date_gmt":"2021-09-30T23:03:45","guid":{"rendered":"https:\/\/fedai.az\/?p=49943"},"modified":"2021-10-01T03:03:54","modified_gmt":"2021-09-30T23:03:54","slug":"bu-h%c9%99ft%c9%99d%c9%99n-etibar%c9%99n-h%c9%99ft%c9%99sonu-ictimai-n%c9%99qliyyat-v%c9%99-metro-isl%c9%99y%c9%99c%c9%99k","status":"publish","type":"post","link":"https:\/\/fedai.az\/?p=49943","title":{"rendered":"Bu h\u0259ft\u0259d\u0259n etibar\u0259n h\u0259ft\u0259sonu ictimai n\u0259qliyyat v\u0259 metro i\u015fl\u0259y\u0259c\u0259k"},"content":{"rendered":"\n<p><strong>Bu h\u0259ft\u0259d\u0259n etibar\u0259n h\u0259ft\u0259sonu ictimai n\u0259qliyyat v\u0259 metro i\u015fl\u0259y\u0259c\u0259k.<\/strong><\/p>\n\n\n\n<p>Nazirl\u0259r Kabineti yan\u0131nda Operativ Q\u0259rargah\u0131n q\u0259rar\u0131na \u0259sas\u0259n, 2021-ci il oktyabr\u0131n 1-d\u0259n etibar\u0259n h\u0259ft\u0259sonu ictimai n\u0259qliyyatda, h\u0259m\u00e7inin Bak\u0131 Metropolitenind\u0259 s\u0259rni\u015finda\u015f\u0131ma f\u0259aliyy\u0259tinin dayand\u0131r\u0131lmas\u0131 il\u0259 ba\u011fl\u0131 m\u0259hdudiyy\u0259t l\u0259\u011fv olunur.<\/p>\n\n\n\n<p>Q\u0259rarda bildirilib ki, t\u0259n\u0259ff\u00fcs yollar\u0131n\u0131 qoruyan f\u0259rdi vasit\u0259l\u0259rd\u0259n istifad\u0259, sosial m\u0259saf\u0259nin qorunmas\u0131 v\u0259 \u0259l gigiyenas\u0131 kimi \u00fcmumi qaydalara, habel\u0259 t\u0259tbiq edil\u0259n dig\u0259r t\u0259l\u0259bl\u0259r\u0259 riay\u0259t olunmas\u0131n\u0131 t\u0259min etm\u0259k m\u0259qs\u0259dil\u0259 m\u00fcvafiq n\u0259zar\u0259t t\u0259dbirl\u0259rinin icras\u0131na davam edil\u0259c\u0259k, epidemiya \u0259leyhin\u0259 rejimin, sanitariya-gigiyena v\u0259 karantin rejiml\u0259rinin pozulmas\u0131 a\u015fkar edildiyi hallarda fiziki v\u0259 h\u00fcquqi \u015f\u0259xsl\u0259r Az\u0259rbaycan Respublikas\u0131n\u0131n \u0130nzibati X\u0259talar M\u0259c\u0259ll\u0259sin\u0259 uy\u011fun olaraq m\u0259suliyy\u0259t\u0259 c\u0259lb edil\u0259c\u0259kl\u0259r.<\/p>\n","protected":false},"excerpt":{"rendered":"<p>Bu h\u0259ft\u0259d\u0259n etibar\u0259n h\u0259ft\u0259sonu ictimai n\u0259qliyyat v\u0259 metro i\u015fl\u0259y\u0259c\u0259k. Nazirl\u0259r Kabineti yan\u0131nda Operativ Q\u0259rargah\u0131n q\u0259rar\u0131na \u0259sas\u0259n, 2021-ci il oktyabr\u0131n 1-d\u0259n etibar\u0259n h\u0259ft\u0259sonu ictimai n\u0259qliyyatda,<\/p>\n","protected":false},"author":2,"featured_media":49945,"comment_status":"closed","ping_status":"closed","sticky":false,"template":"","format":"standard","meta":{"footnotes":""},"categories":[3],"tags":[],"class_list":["post-49943","post","type-post","status-publish","format-standard","has-post-thumbnail","hentry","category-gundm"],"aioseo_notices":[],"_links":{"self":[{"href":"https:\/\/fedai.az\/index.php?rest_route=\/wp\/v2\/posts\/49943","targetHints":{"allow":["GET"]}}],"collection":[{"href":"https:\/\/fedai.az\/index.php?rest_route=\/wp\/v2\/posts"}],"about":[{"href":"https:\/\/fedai.az\/index.php?rest_route=\/wp\/v2\/types\/post"}],"author":[{"embeddable":true,"href":"https:\/\/fedai.az\/index.php?rest_route=\/wp\/v2\/users\/2"}],"replies":[{"embeddable":true,"href":"https:\/\/fedai.az\/index.php?rest_route=%2Fwp%2Fv2%2Fcomments&post=49943"}],"version-history":[{"count":1,"href":"https:\/\/fedai.az\/index.php?rest_route=\/wp\/v2\/posts\/49943\/revisions"}],"predecessor-version":[{"id":49946,"href":"https:\/\/fedai.az\/index.php?rest_route=\/wp\/v2\/posts\/49943\/revisions\/49946"}],"wp:featuredmedia":[{"embeddable":true,"href":"https:\/\/fedai.az\/index.php?rest_route=\/wp\/v2\/media\/49945"}],"wp:attachment":[{"href":"https:\/\/fedai.az\/index.php?rest_route=%2Fwp%2Fv2%2Fmedia&parent=49943"}],"wp:term":[{"taxonomy":"category","embeddable":true,"href":"https:\/\/fedai.az\/index.php?rest_route=%2Fwp%2Fv2%2Fcategories&post=49943"},{"taxonomy":"post_tag","embeddable":true,"href":"https:\/\/fedai.az\/index.php?rest_route=%2Fwp%2Fv2%2Ftags&post=49943"}],"curies":[{"name":"wp","href":"https:\/\/api.w.org\/{rel}","templated":true}]}}