{"id":49949,"date":"2021-10-01T03:09:09","date_gmt":"2021-09-30T23:09:09","guid":{"rendered":"https:\/\/fedai.az\/?p=49949"},"modified":"2021-10-01T03:09:14","modified_gmt":"2021-09-30T23:09:14","slug":"saclari-agaran-g%c9%99nc-ana-s%c9%99hid-ogluma-toy-ed%c9%99c%c9%99m","status":"publish","type":"post","link":"https:\/\/fedai.az\/?p=49949","title":{"rendered":"Sa\u00e7lar\u0131 a\u011faran g\u0259nc ana: \u015e\u0259hid o\u011fluma toy ed\u0259c\u0259m"},"content":{"rendered":"\n<p><strong>Baku TV \u0130kinci Qaraba\u011f m\u00fcharib\u0259si \u015f\u0259hidi \u0130zz\u0259t H\u0259midovun evind\u0259n reportaj\u0131 t\u0259qdim edir.<\/strong><\/p>\n\n\n\n<p>\u0130zz\u0259tin v\u0259t\u0259n sevgisind\u0259n b\u0259hs ed\u0259n \u015f\u0259hid anas\u0131 V\u0259fa \u0130zz\u0259tli deyir ki, o\u011flu h\u0259mi\u015f\u0259 h\u0259rbi forma geyinm\u0259k arzusunda olub.<\/p>\n\n\n\n<p>F\u00fczuli istiqam\u0259tind\u0259 ged\u0259n d\u00f6y\u00fc\u015fl\u0259rd\u0259 i\u015ftirak ed\u0259n \u0130zz\u0259t anas\u0131 il\u0259 son telefon dan\u0131\u015f\u0131\u011f\u0131nda ondan halall\u0131q ist\u0259yib.<\/p>\n\n\n\n<p>V\u0259fa xan\u0131m onu da qeyd edib ki, o\u011flu Sumqay\u0131tda yerl\u0259\u015f\u0259n 26 sayl\u0131 m\u0259kt\u0259bin yegan\u0259 \u015f\u0259hididir.<\/p>\n\n\n\n<figure class=\"wp-block-embed is-type-video is-provider-youtube wp-block-embed-youtube wp-embed-aspect-16-9 wp-has-aspect-ratio\"><div class=\"wp-block-embed__wrapper\">\n<iframe loading=\"lazy\" title=\"Sa\u00e7lar\u0131 A\u011faran G\u0259nc Ana: \u015e\u0259hid O\u011fluma Toy Ed\u0259c\u0259m - X\u00fcsusi Reportaj #bakutv #Azerbaycan #trend\" width=\"715\" height=\"402\" src=\"https:\/\/www.youtube.com\/embed\/sDdXooOvGpA?feature=oembed\" frameborder=\"0\" allow=\"accelerometer; autoplay; clipboard-write; encrypted-media; gyroscope; picture-in-picture\" allowfullscreen><\/iframe>\n<\/div><\/figure>\n","protected":false},"excerpt":{"rendered":"<p>Baku TV \u0130kinci Qaraba\u011f m\u00fcharib\u0259si \u015f\u0259hidi \u0130zz\u0259t H\u0259midovun evind\u0259n reportaj\u0131 t\u0259qdim edir. \u0130zz\u0259tin v\u0259t\u0259n sevgisind\u0259n b\u0259hs ed\u0259n \u015f\u0259hid anas\u0131 V\u0259fa \u0130zz\u0259tli deyir ki, o\u011flu<\/p>\n","protected":false},"author":2,"featured_media":49950,"comment_status":"closed","ping_status":"closed","sticky":false,"template":"","format":"standard","meta":{"footnotes":""},"categories":[3],"tags":[],"class_list":["post-49949","post","type-post","status-publish","format-standard","has-post-thumbnail","hentry","category-gundm"],"aioseo_notices":[],"_links":{"self":[{"href":"https:\/\/fedai.az\/index.php?rest_route=\/wp\/v2\/posts\/49949","targetHints":{"allow":["GET"]}}],"collection":[{"href":"https:\/\/fedai.az\/index.php?rest_route=\/wp\/v2\/posts"}],"about":[{"href":"https:\/\/fedai.az\/index.php?rest_route=\/wp\/v2\/types\/post"}],"author":[{"embeddable":true,"href":"https:\/\/fedai.az\/index.php?rest_route=\/wp\/v2\/users\/2"}],"replies":[{"embeddable":true,"href":"https:\/\/fedai.az\/index.php?rest_route=%2Fwp%2Fv2%2Fcomments&post=49949"}],"version-history":[{"count":1,"href":"https:\/\/fedai.az\/index.php?rest_route=\/wp\/v2\/posts\/49949\/revisions"}],"predecessor-version":[{"id":49951,"href":"https:\/\/fedai.az\/index.php?rest_route=\/wp\/v2\/posts\/49949\/revisions\/49951"}],"wp:featuredmedia":[{"embeddable":true,"href":"https:\/\/fedai.az\/index.php?rest_route=\/wp\/v2\/media\/49950"}],"wp:attachment":[{"href":"https:\/\/fedai.az\/index.php?rest_route=%2Fwp%2Fv2%2Fmedia&parent=49949"}],"wp:term":[{"taxonomy":"category","embeddable":true,"href":"https:\/\/fedai.az\/index.php?rest_route=%2Fwp%2Fv2%2Fcategories&post=49949"},{"taxonomy":"post_tag","embeddable":true,"href":"https:\/\/fedai.az\/index.php?rest_route=%2Fwp%2Fv2%2Ftags&post=49949"}],"curies":[{"name":"wp","href":"https:\/\/api.w.org\/{rel}","templated":true}]}}