{"id":49952,"date":"2021-10-01T03:16:16","date_gmt":"2021-09-30T23:16:16","guid":{"rendered":"https:\/\/fedai.az\/?p=49952"},"modified":"2021-10-01T03:16:19","modified_gmt":"2021-09-30T23:16:19","slug":"rusiya-bu-ittifaqinin-bas-katibi-v%c9%99zif%c9%99sin%c9%99-az%c9%99rbaycanli-namiz%c9%99d-ir%c9%99li-surdu","status":"publish","type":"post","link":"https:\/\/fedai.az\/?p=49952","title":{"rendered":"Rusiya bu ittifaq\u0131n\u0131n ba\u015f katibi v\u0259zif\u0259sin\u0259 az\u0259rbaycanl\u0131 namiz\u0259d ir\u0259li s\u00fcrd\u00fc"},"content":{"rendered":"\n<p><strong>Rusiya Beyn\u0259lxalq Telekommunikasiya \u0130ttifaq\u0131n\u0131n ba\u015f katibi v\u0259zif\u0259sin\u0259 Az\u0259rbaycan \u0259silli R\u0259\u015fid \u0130smay\u0131lovun namiz\u0259dliyini ir\u0259li s\u00fcr\u00fcb.<\/strong><\/p>\n\n\n\n<p><br>&#171;Report&#187; Rusiya Xarici \u0130\u015fl\u0259r Nazirliyin\u0259 istinad\u0259n x\u0259b\u0259r verir ki, bu, Moskvada ke\u00e7iril\u0259n beyn\u0259lxalq informasiya t\u0259hl\u00fck\u0259sizliyi \u00fczr\u0259 MDB nazirl\u0259rinin g\u00f6r\u00fc\u015f\u00fcnd\u0259 q\u0259rara al\u0131n\u0131b.<\/p>\n\n\n\n<p><br>T\u0259dbird\u0259 Az\u0259rbaycan (m\u00fc\u015fahid\u0259\u00e7i qismind\u0259), Erm\u0259nistan, Belarus, Qazax\u0131stan, Q\u0131r\u011f\u0131z\u0131stan, Rusiya, Tacikistan, T\u00fcrkm\u0259nistan v\u0259 \u00d6zb\u0259kistan n\u00fcmay\u0259nd\u0259l\u0259ri i\u015ftirak edibl\u0259r.<\/p>\n\n\n\n<p><br>M\u0259sl\u0259h\u0259tl\u0259\u015fm\u0259l\u0259r zaman\u0131 MDB \u00fczv\u00fc olan \u00f6lk\u0259l\u0259r aras\u0131nda qlobal v\u0259 regional platformalarda beyn\u0259lxalq informasiya t\u0259hl\u00fck\u0259sizliyinin t\u0259minat\u0131 sah\u0259sind\u0259 \u0259m\u0259kda\u015fl\u0131q m\u0259s\u0259l\u0259l\u0259rin\u0259 diqq\u0259t yetirilib.<\/p>\n\n\n\n<p>T\u0259r\u0259fl\u0259r 2021-2025-ci ill\u0259rd\u0259 \u0130KT-nin istifad\u0259sind\u0259 t\u0259hl\u00fck\u0259sizlik \u00fczr\u0259 yeni BMT A\u00e7\u0131q \u0130\u015f\u00e7i Qrupunun (OEWG) i\u015f\u0259 ba\u015flamas\u0131n\u0131n \u0259h\u0259miyy\u0259tini vur\u011fulay\u0131blar.<\/p>\n\n\n\n<p><br>Qeyd ed\u0259k ki, R\u0259\u015fid \u0130smay\u0131lov 1965-ci ild\u0259 Bak\u0131da anadan olub. \u0130ki ali t\u0259hsili var. M\u00fcxt\u0259lif ill\u0259r \u0259rzind\u0259 informasiya texnologiyalar\u0131 v\u0259 konsaltinq t\u0259\u015fkilatlar\u0131nda m\u00fch\u00fcm v\u0259zif\u0259l\u0259r tutub.<\/p>\n\n\n\n<p><br>2014-2018-ci ill\u0259rd\u0259 Rusiya rabit\u0259 v\u0259 k\u00fctl\u0259vi informasiya vasit\u0259l\u0259ri nazirinin m\u00fcavini olub. 2018-2019-cu ill\u0259rd\u0259 &#171;Nokia&#187; \u015firk\u0259tinin Rusiya \u00fczr\u0259 ba\u015f direktoru olub.<\/p>\n","protected":false},"excerpt":{"rendered":"<p>Rusiya Beyn\u0259lxalq Telekommunikasiya \u0130ttifaq\u0131n\u0131n ba\u015f katibi v\u0259zif\u0259sin\u0259 Az\u0259rbaycan \u0259silli R\u0259\u015fid \u0130smay\u0131lovun namiz\u0259dliyini ir\u0259li s\u00fcr\u00fcb. &#171;Report&#187; Rusiya Xarici \u0130\u015fl\u0259r Nazirliyin\u0259 istinad\u0259n x\u0259b\u0259r verir ki, bu,<\/p>\n","protected":false},"author":2,"featured_media":49953,"comment_status":"closed","ping_status":"closed","sticky":false,"template":"","format":"standard","meta":{"footnotes":""},"categories":[13],"tags":[],"class_list":["post-49952","post","type-post","status-publish","format-standard","has-post-thumbnail","hentry","category-xarici"],"aioseo_notices":[],"_links":{"self":[{"href":"https:\/\/fedai.az\/index.php?rest_route=\/wp\/v2\/posts\/49952","targetHints":{"allow":["GET"]}}],"collection":[{"href":"https:\/\/fedai.az\/index.php?rest_route=\/wp\/v2\/posts"}],"about":[{"href":"https:\/\/fedai.az\/index.php?rest_route=\/wp\/v2\/types\/post"}],"author":[{"embeddable":true,"href":"https:\/\/fedai.az\/index.php?rest_route=\/wp\/v2\/users\/2"}],"replies":[{"embeddable":true,"href":"https:\/\/fedai.az\/index.php?rest_route=%2Fwp%2Fv2%2Fcomments&post=49952"}],"version-history":[{"count":1,"href":"https:\/\/fedai.az\/index.php?rest_route=\/wp\/v2\/posts\/49952\/revisions"}],"predecessor-version":[{"id":49954,"href":"https:\/\/fedai.az\/index.php?rest_route=\/wp\/v2\/posts\/49952\/revisions\/49954"}],"wp:featuredmedia":[{"embeddable":true,"href":"https:\/\/fedai.az\/index.php?rest_route=\/wp\/v2\/media\/49953"}],"wp:attachment":[{"href":"https:\/\/fedai.az\/index.php?rest_route=%2Fwp%2Fv2%2Fmedia&parent=49952"}],"wp:term":[{"taxonomy":"category","embeddable":true,"href":"https:\/\/fedai.az\/index.php?rest_route=%2Fwp%2Fv2%2Fcategories&post=49952"},{"taxonomy":"post_tag","embeddable":true,"href":"https:\/\/fedai.az\/index.php?rest_route=%2Fwp%2Fv2%2Ftags&post=49952"}],"curies":[{"name":"wp","href":"https:\/\/api.w.org\/{rel}","templated":true}]}}