{"id":49955,"date":"2021-10-01T03:26:28","date_gmt":"2021-09-30T23:26:28","guid":{"rendered":"https:\/\/fedai.az\/?p=49955"},"modified":"2021-10-01T03:26:33","modified_gmt":"2021-09-30T23:26:33","slug":"az%c9%99rbaycanin-iddiasi-%c9%99sasinda-erm%c9%99nistana-qarsi-m%c9%99hk%c9%99m%c9%99-prosesi-baslayir","status":"publish","type":"post","link":"https:\/\/fedai.az\/?p=49955","title":{"rendered":"Az\u0259rbaycan\u0131n iddias\u0131 \u0259sas\u0131nda Erm\u0259nistana qar\u015f\u0131 m\u0259hk\u0259m\u0259 prosesi ba\u015flay\u0131r"},"content":{"rendered":"\n<p><strong>BMT-nin Beyn\u0259lxalq \u018fdal\u0259t M\u0259hk\u0259m\u0259si Erm\u0259nistan v\u0259 Az\u0259rbaycan aras\u0131nda &#171;\u0130rqi ayr\u0131-se\u00e7kiliyin b\u00fct\u00fcn formalar\u0131n\u0131n l\u0259\u011fv edilm\u0259si haqq\u0131nda&#187; Beyn\u0259lxalq Konvensiyan\u0131n pozulmas\u0131 il\u0259 ba\u011fl\u0131 m\u0259hk\u0259m\u0259 prosesi \u00e7\u0259r\u00e7iv\u0259sind\u0259 18-19 oktyabr tarixl\u0259rind\u0259 dinl\u0259m\u0259l\u0259r t\u0259yin edib.<\/strong><\/p>\n\n\n\n<p>&#171;Report&#187;\u00a0x\u0259b\u0259r verir ki, dinl\u0259m\u0259l\u0259r Az\u0259rbaycan\u0131n t\u0259l\u0259bi il\u0259 ba\u011fl\u0131d\u0131r.<\/p>\n\n\n\n<p>Pandemiya il\u0259 \u0259laq\u0259dar olaraq dinl\u0259m\u0259l\u0259r hibrid formatda ke\u00e7iril\u0259c\u0259k. Y\u0259ni b\u0259zi hakiml\u0259r dinl\u0259m\u0259l\u0259rd\u0259 \u015f\u0259xs\u0259n i\u015ftirak ed\u0259c\u0259k, dig\u0259rl\u0259ri is\u0259 videoba\u011flant\u0131 vasit\u0259si il\u0259 \u0259laq\u0259 saxlayacaqlar. T\u0259r\u0259fl\u0259rin n\u00fcmay\u0259nd\u0259l\u0259ri dinl\u0259m\u0259l\u0259rd\u0259 ya \u015f\u0259xs\u0259n, ya da videoba\u011flant\u0131 il\u0259 i\u015ftirak ed\u0259 bil\u0259r.<\/p>\n\n\n\n<p>Qeyd ed\u0259k ki, Az\u0259rbaycan &#171;\u0130rqi ayr\u0131-se\u00e7kiliyin b\u00fct\u00fcn formalar\u0131n\u0131n l\u0259\u011fv edilm\u0259si haqq\u0131nda&#187; Beyn\u0259lxalq Konvensiyan\u0131n pozulmas\u0131na g\u00f6r\u0259 Erm\u0259nistan\u0131 Beyn\u0259lxalq \u018fdal\u0259t M\u0259hk\u0259m\u0259sin\u0259 verib.<\/p>\n\n\n\n<p>Az\u0259rbaycan t\u0259r\u0259fi b\u0259yan edir ki, son 10 ay \u0259rzind\u0259 t\u0259r\u0259fl\u0259rin raz\u0131l\u0131\u011fa g\u0259lm\u0259k c\u0259hdl\u0259ri \u00e7\u0131x\u0131lmaz v\u0259ziyy\u0259t yarad\u0131b. Bu s\u0259b\u0259bd\u0259n d\u0259 Az\u0259rbaycan Beyn\u0259lxalq \u018fdal\u0259t M\u0259hk\u0259m\u0259sind\u0259n &#171;\u0130rqi ayr\u0131-se\u00e7kiliyin b\u00fct\u00fcn formalar\u0131n\u0131n l\u0259\u011fv edilm\u0259si haqq\u0131nda&#187; Beyn\u0259lxalq Konvensiyan\u0131n pozulmas\u0131na g\u00f6r\u0259 Erm\u0259nistan\u0131 m\u0259suliyy\u0259t\u0259 c\u0259lb etm\u0259yi, \u00f6lk\u0259y\u0259 v\u0259 xalqa d\u0259ymi\u015f ziyan\u0131 \u00f6d\u0259m\u0259yi xahi\u015f edir.<\/p>\n","protected":false},"excerpt":{"rendered":"<p>BMT-nin Beyn\u0259lxalq \u018fdal\u0259t M\u0259hk\u0259m\u0259si Erm\u0259nistan v\u0259 Az\u0259rbaycan aras\u0131nda &#171;\u0130rqi ayr\u0131-se\u00e7kiliyin b\u00fct\u00fcn formalar\u0131n\u0131n l\u0259\u011fv edilm\u0259si haqq\u0131nda&#187; Beyn\u0259lxalq Konvensiyan\u0131n pozulmas\u0131 il\u0259 ba\u011fl\u0131 m\u0259hk\u0259m\u0259 prosesi \u00e7\u0259r\u00e7iv\u0259sind\u0259 18-19<\/p>\n","protected":false},"author":2,"featured_media":49956,"comment_status":"closed","ping_status":"closed","sticky":false,"template":"","format":"standard","meta":{"footnotes":""},"categories":[4],"tags":[],"class_list":["post-49955","post","type-post","status-publish","format-standard","has-post-thumbnail","hentry","category-qarabag"],"aioseo_notices":[],"_links":{"self":[{"href":"https:\/\/fedai.az\/index.php?rest_route=\/wp\/v2\/posts\/49955","targetHints":{"allow":["GET"]}}],"collection":[{"href":"https:\/\/fedai.az\/index.php?rest_route=\/wp\/v2\/posts"}],"about":[{"href":"https:\/\/fedai.az\/index.php?rest_route=\/wp\/v2\/types\/post"}],"author":[{"embeddable":true,"href":"https:\/\/fedai.az\/index.php?rest_route=\/wp\/v2\/users\/2"}],"replies":[{"embeddable":true,"href":"https:\/\/fedai.az\/index.php?rest_route=%2Fwp%2Fv2%2Fcomments&post=49955"}],"version-history":[{"count":1,"href":"https:\/\/fedai.az\/index.php?rest_route=\/wp\/v2\/posts\/49955\/revisions"}],"predecessor-version":[{"id":49957,"href":"https:\/\/fedai.az\/index.php?rest_route=\/wp\/v2\/posts\/49955\/revisions\/49957"}],"wp:featuredmedia":[{"embeddable":true,"href":"https:\/\/fedai.az\/index.php?rest_route=\/wp\/v2\/media\/49956"}],"wp:attachment":[{"href":"https:\/\/fedai.az\/index.php?rest_route=%2Fwp%2Fv2%2Fmedia&parent=49955"}],"wp:term":[{"taxonomy":"category","embeddable":true,"href":"https:\/\/fedai.az\/index.php?rest_route=%2Fwp%2Fv2%2Fcategories&post=49955"},{"taxonomy":"post_tag","embeddable":true,"href":"https:\/\/fedai.az\/index.php?rest_route=%2Fwp%2Fv2%2Ftags&post=49955"}],"curies":[{"name":"wp","href":"https:\/\/api.w.org\/{rel}","templated":true}]}}