{"id":49989,"date":"2021-10-01T17:09:44","date_gmt":"2021-10-01T13:09:44","guid":{"rendered":"https:\/\/fedai.az\/?p=49989"},"modified":"2021-10-01T17:09:45","modified_gmt":"2021-10-01T13:09:45","slug":"veteranlardan-istifad%c9%99-ed%c9%99r%c9%99k-oz-maraqlarini-gud%c9%99n-qht-l%c9%99r-var-pa-nin-sektor-mudiri","status":"publish","type":"post","link":"https:\/\/fedai.az\/?p=49989","title":{"rendered":"\u201cVeteranlardan istifad\u0259 ed\u0259r\u0259k \u00f6z maraqlar\u0131n\u0131 g\u00fcd\u0259n QHT-l\u0259r var\u201d &#8212; PA-n\u0131n sektor m\u00fcdiri"},"content":{"rendered":"\n<p><strong>\u201cVeteranlarla ba\u011fl\u0131 \u00f6lk\u0259d\u0259 100-\u0259 q\u0259d\u0259r QHT f\u0259aliyy\u0259t g\u00f6st\u0259rir. Bu QHT-l\u0259rin i\u00e7\u0259risind\u0259 Az\u0259rbaycan Respublikas\u0131 M\u00fcharib\u0259, \u018fm\u0259k v\u0259 Silahl\u0131 Q\u00fcvv\u0259l\u0259r Veteranlar\u0131 T\u0259\u015fkilat\u0131 x\u00fcsusi yer tutur\u201d.<\/strong><br><br>APA\u00a0x\u0259b\u0259r verir ki, bunu Az\u0259rbaycan Respublikas\u0131 M\u00fcharib\u0259, \u018fm\u0259k v\u0259 Silahl\u0131 Q\u00fcvv\u0259l\u0259r Veteranlar\u0131 T\u0259\u015fkilat\u0131n\u0131n t\u0259\u015fkil etdiyi \u201cN\u0259sill\u0259rin g\u00f6r\u00fc\u015f\u00fc\u201d adl\u0131 konfransda Az\u0259rbaycan Respublikas\u0131 Prezidentinin Administrasiyas\u0131n\u0131n \u0130ctimai-siyasi m\u0259s\u0259l\u0259l\u0259r \u015f\u00f6b\u0259sinin ictimai-siyasi i\u015fin t\u0259\u015fkili sektorunun m\u00fcdiri, Az\u0259rbaycan Respublikas\u0131n\u0131n Prezidenti yan\u0131nda Qeyri-H\u00f6kum\u0259t T\u0259\u015fkilatlar\u0131na D\u00f6vl\u0259t D\u0259st\u0259yi \u015euras\u0131n\u0131n s\u0259dr m\u00fcavini V\u00fcsal Quliyev bildirib.<\/p>\n\n\n\n<p>QHT-l\u0259r\u0259 D\u00f6vl\u0259t D\u0259st\u0259yi Agentliyinin \u201cQrant Siyas\u0259ti\u201d adl\u0131 s\u0259n\u0259d layih\u0259si haz\u0131rlan\u0131b<\/p>\n\n\n\n<p>V. Quliyev deyib ki, bu kateqoriya insanlardan istifad\u0259 ed\u0259r\u0259k \u00f6z maraqlar\u0131n\u0131 g\u00fcd\u0259nl\u0259r var: \u201cOna g\u00f6r\u0259 veteranlar da diqq\u0259tli olmal\u0131d\u0131rlar\u201d.<\/p>\n","protected":false},"excerpt":{"rendered":"<p>\u201cVeteranlarla ba\u011fl\u0131 \u00f6lk\u0259d\u0259 100-\u0259 q\u0259d\u0259r QHT f\u0259aliyy\u0259t g\u00f6st\u0259rir. Bu QHT-l\u0259rin i\u00e7\u0259risind\u0259 Az\u0259rbaycan Respublikas\u0131 M\u00fcharib\u0259, \u018fm\u0259k v\u0259 Silahl\u0131 Q\u00fcvv\u0259l\u0259r Veteranlar\u0131 T\u0259\u015fkilat\u0131 x\u00fcsusi yer tutur\u201d. APA\u00a0x\u0259b\u0259r<\/p>\n","protected":false},"author":2,"featured_media":49991,"comment_status":"closed","ping_status":"closed","sticky":false,"template":"","format":"standard","meta":{"footnotes":""},"categories":[3],"tags":[],"class_list":["post-49989","post","type-post","status-publish","format-standard","has-post-thumbnail","hentry","category-gundm"],"aioseo_notices":[],"_links":{"self":[{"href":"https:\/\/fedai.az\/index.php?rest_route=\/wp\/v2\/posts\/49989","targetHints":{"allow":["GET"]}}],"collection":[{"href":"https:\/\/fedai.az\/index.php?rest_route=\/wp\/v2\/posts"}],"about":[{"href":"https:\/\/fedai.az\/index.php?rest_route=\/wp\/v2\/types\/post"}],"author":[{"embeddable":true,"href":"https:\/\/fedai.az\/index.php?rest_route=\/wp\/v2\/users\/2"}],"replies":[{"embeddable":true,"href":"https:\/\/fedai.az\/index.php?rest_route=%2Fwp%2Fv2%2Fcomments&post=49989"}],"version-history":[{"count":1,"href":"https:\/\/fedai.az\/index.php?rest_route=\/wp\/v2\/posts\/49989\/revisions"}],"predecessor-version":[{"id":49992,"href":"https:\/\/fedai.az\/index.php?rest_route=\/wp\/v2\/posts\/49989\/revisions\/49992"}],"wp:featuredmedia":[{"embeddable":true,"href":"https:\/\/fedai.az\/index.php?rest_route=\/wp\/v2\/media\/49991"}],"wp:attachment":[{"href":"https:\/\/fedai.az\/index.php?rest_route=%2Fwp%2Fv2%2Fmedia&parent=49989"}],"wp:term":[{"taxonomy":"category","embeddable":true,"href":"https:\/\/fedai.az\/index.php?rest_route=%2Fwp%2Fv2%2Fcategories&post=49989"},{"taxonomy":"post_tag","embeddable":true,"href":"https:\/\/fedai.az\/index.php?rest_route=%2Fwp%2Fv2%2Ftags&post=49989"}],"curies":[{"name":"wp","href":"https:\/\/api.w.org\/{rel}","templated":true}]}}