{"id":49995,"date":"2021-10-02T02:26:02","date_gmt":"2021-10-01T22:26:02","guid":{"rendered":"https:\/\/fedai.az\/?p=49995"},"modified":"2021-10-02T02:26:05","modified_gmt":"2021-10-01T22:26:05","slug":"%c9%99rdogan-turk-dunyasinin-%c9%99n-boyuk-problemini-h%c9%99ll-etdik","status":"publish","type":"post","link":"https:\/\/fedai.az\/?p=49995","title":{"rendered":"\u018fRDO\u011eAN: T\u00fcrk d\u00fcnyas\u0131n\u0131n \u0259n b\u00f6y\u00fck problemini H\u018fLL ETD\u0130K"},"content":{"rendered":"\n<p><strong>\u201cS\u0259rh\u0259dl\u0259rimizin dibind\u0259 bir v\u0259 ya bir ne\u00e7\u0259 terror d\u0259hlizinin yarad\u0131lmas\u0131n\u0131n qar\u015f\u0131s\u0131n\u0131 ald\u0131q\u201d.<\/strong><\/p>\n\n\n\n<p>Bu s\u00f6zl\u0259ri T\u00fcrkiy\u0259 Prezidenti R\u0259c\u0259b Tayyib \u018frdo\u011fan B\u00f6y\u00fck Mill\u0259t M\u0259clisinin n\u00f6vb\u0259ti qanunvericilik ilinin a\u00e7\u0131l\u0131\u015f\u0131nda deyib.<\/p>\n\n\n\n<p>\u201c\u00d6lk\u0259miz\u0259 \u0259n b\u00f6y\u00fck xidm\u0259tl\u0259rd\u0259n biri t\u0259hl\u00fck\u0259sizlik strategiyam\u0131z\u0131 d\u0259yi\u015fm\u0259kdir. \u201cK\u00fcrd problemi\u201d deyil\u0259n m\u0259s\u0259l\u0259ni h\u00fcquq v\u0259 azadl\u0131qlar\u0131n inki\u015faf\u0131nad\u0259k b\u00fct\u00fcn istiqam\u0259tl\u0259rd\u0259 biz h\u0259ll etdik. Diyarb\u0259kird\u0259ki v\u0259t\u0259nda\u015flar\u0131m\u0131za s\u00f6z verdiymiz \u015f\u0259kild\u0259 r\u0259dd, inkar siyas\u0259tl\u0259rinin ortadan nec\u0259 qald\u0131rd\u0131qsa, bu m\u0259s\u0259l\u0259ni h\u0259l\u0259 d\u0259 istismar etm\u0259k ist\u0259y\u0259nl\u0259rin maskalar\u0131n\u0131 da eyni \u015f\u0259kild\u0259 \u00e7\u0131xaraca\u011f\u0131q. Diyarb\u0259kir analar\u0131n\u0131n \u015fanl\u0131 m\u00fcqavim\u0259tl\u0259ri il\u0259 terror qrupunu tir-tir titr\u0259tdikl\u0259ri bir m\u0259rh\u0259l\u0259ni ba\u015flam\u0131\u015f\u0131q\u201d, \u2013 \u018frdo\u011fan \u0259lav\u0259 edib.<\/p>\n","protected":false},"excerpt":{"rendered":"<p>\u201cS\u0259rh\u0259dl\u0259rimizin dibind\u0259 bir v\u0259 ya bir ne\u00e7\u0259 terror d\u0259hlizinin yarad\u0131lmas\u0131n\u0131n qar\u015f\u0131s\u0131n\u0131 ald\u0131q\u201d. Bu s\u00f6zl\u0259ri T\u00fcrkiy\u0259 Prezidenti R\u0259c\u0259b Tayyib \u018frdo\u011fan B\u00f6y\u00fck Mill\u0259t M\u0259clisinin n\u00f6vb\u0259ti qanunvericilik<\/p>\n","protected":false},"author":2,"featured_media":49996,"comment_status":"closed","ping_status":"closed","sticky":false,"template":"","format":"standard","meta":{"footnotes":""},"categories":[1],"tags":[],"class_list":["post-49995","post","type-post","status-publish","format-standard","has-post-thumbnail","hentry","category-siyast"],"aioseo_notices":[],"_links":{"self":[{"href":"https:\/\/fedai.az\/index.php?rest_route=\/wp\/v2\/posts\/49995","targetHints":{"allow":["GET"]}}],"collection":[{"href":"https:\/\/fedai.az\/index.php?rest_route=\/wp\/v2\/posts"}],"about":[{"href":"https:\/\/fedai.az\/index.php?rest_route=\/wp\/v2\/types\/post"}],"author":[{"embeddable":true,"href":"https:\/\/fedai.az\/index.php?rest_route=\/wp\/v2\/users\/2"}],"replies":[{"embeddable":true,"href":"https:\/\/fedai.az\/index.php?rest_route=%2Fwp%2Fv2%2Fcomments&post=49995"}],"version-history":[{"count":1,"href":"https:\/\/fedai.az\/index.php?rest_route=\/wp\/v2\/posts\/49995\/revisions"}],"predecessor-version":[{"id":49997,"href":"https:\/\/fedai.az\/index.php?rest_route=\/wp\/v2\/posts\/49995\/revisions\/49997"}],"wp:featuredmedia":[{"embeddable":true,"href":"https:\/\/fedai.az\/index.php?rest_route=\/wp\/v2\/media\/49996"}],"wp:attachment":[{"href":"https:\/\/fedai.az\/index.php?rest_route=%2Fwp%2Fv2%2Fmedia&parent=49995"}],"wp:term":[{"taxonomy":"category","embeddable":true,"href":"https:\/\/fedai.az\/index.php?rest_route=%2Fwp%2Fv2%2Fcategories&post=49995"},{"taxonomy":"post_tag","embeddable":true,"href":"https:\/\/fedai.az\/index.php?rest_route=%2Fwp%2Fv2%2Ftags&post=49995"}],"curies":[{"name":"wp","href":"https:\/\/api.w.org\/{rel}","templated":true}]}}