{"id":49998,"date":"2021-10-02T02:31:14","date_gmt":"2021-10-01T22:31:14","guid":{"rendered":"https:\/\/fedai.az\/?p=49998"},"modified":"2021-10-02T02:31:17","modified_gmt":"2021-10-01T22:31:17","slug":"qulaginizin-arxasini-gor%c9%99nd%c9%99-susa-v%c9%99-hadrutu-gor%c9%99c%c9%99ksiniz-sarkisyanin-aciqlamasi-erm%c9%99nil%c9%99ri-q%c9%99z%c9%99bl%c9%99ndirdi","status":"publish","type":"post","link":"https:\/\/fedai.az\/?p=49998","title":{"rendered":"&#171;Qula\u011f\u0131n\u0131z\u0131n arxas\u0131n\u0131 g\u00f6r\u0259nd\u0259 \u015eu\u015fa v\u0259 Hadrutu g\u00f6r\u0259c\u0259ksiniz&#187; &#8212; Sarkisyan\u0131n a\u00e7\u0131qlamas\u0131 erm\u0259nil\u0259ri q\u0259z\u0259bl\u0259ndirdi"},"content":{"rendered":"\n<p><strong>\u201cM\u00fcharib\u0259nin uduzulmas\u0131 s\u0259b\u0259bind\u0259n kapitulyatorun f\u0259lak\u0259tli siyas\u0259tin\u0259 g\u00f6r\u0259 h\u0259l\u0259 d\u0259 c\u0259zaland\u0131r\u0131lmamas\u0131 \u0259dal\u0259tsizlikdir. Qanun \u00e7\u0259r\u00e7iv\u0259sind\u0259 c\u0259zaland\u0131r\u0131lmad\u0131 v\u0259 m\u00fcharib\u0259d\u0259n sonrak\u0131 \u015foku xalq\u0131m\u0131z d\u0259f ed\u0259 bilm\u0259di\u201d.<\/strong><\/p>\n\n\n\n<p>\u201cHraparak\u201d erm\u0259ni sayt\u0131 x\u0259b\u0259r verir ki, bu s\u00f6zl\u0259ri\u00a0Erm\u0259nistan\u0131n 3-c\u00fc prezidenti Serj Sarkisyan \u201cM\u00fcharib\u0259d\u0259n sonrak\u0131 Erm\u0259nistan \u2013 Hans\u0131 add\u0131mlar at\u0131lmal\u0131d\u0131r?\u201d, \u2013 suala cavab\u0131nda bildirib.<\/p>\n\n\n\n<p>\u201cH\u0259r k\u0259sd\u0259n daha yax\u015f\u0131 bilirsiniz ki, 2018-ci ild\u0259 xarici q\u00fcvv\u0259l\u0259rin b\u00f6y\u00fck d\u0259st\u0259yi il\u0259 Erm\u0259nistanda hakimiyy\u0259t d\u0259yi\u015fikliyi oldu. \u0130ndi qula\u011f\u0131n\u0131z\u0131n arxas\u0131n\u0131\u00a0\u015eu\u015fa\u00a0v\u0259 Hadrutdan daha tez g\u00f6r\u0259c\u0259kiniz\u201d, \u2013 dey\u0259 Sarkisyan qeyd edib. <\/p>\n\n\n\n<p>M\u0259nb\u0259: Unikal.org<\/p>\n","protected":false},"excerpt":{"rendered":"<p>\u201cM\u00fcharib\u0259nin uduzulmas\u0131 s\u0259b\u0259bind\u0259n kapitulyatorun f\u0259lak\u0259tli siyas\u0259tin\u0259 g\u00f6r\u0259 h\u0259l\u0259 d\u0259 c\u0259zaland\u0131r\u0131lmamas\u0131 \u0259dal\u0259tsizlikdir. Qanun \u00e7\u0259r\u00e7iv\u0259sind\u0259 c\u0259zaland\u0131r\u0131lmad\u0131 v\u0259 m\u00fcharib\u0259d\u0259n sonrak\u0131 \u015foku xalq\u0131m\u0131z d\u0259f ed\u0259 bilm\u0259di\u201d. \u201cHraparak\u201d erm\u0259ni<\/p>\n","protected":false},"author":2,"featured_media":49999,"comment_status":"closed","ping_status":"closed","sticky":false,"template":"","format":"standard","meta":{"footnotes":""},"categories":[4],"tags":[],"class_list":["post-49998","post","type-post","status-publish","format-standard","has-post-thumbnail","hentry","category-qarabag"],"aioseo_notices":[],"_links":{"self":[{"href":"https:\/\/fedai.az\/index.php?rest_route=\/wp\/v2\/posts\/49998","targetHints":{"allow":["GET"]}}],"collection":[{"href":"https:\/\/fedai.az\/index.php?rest_route=\/wp\/v2\/posts"}],"about":[{"href":"https:\/\/fedai.az\/index.php?rest_route=\/wp\/v2\/types\/post"}],"author":[{"embeddable":true,"href":"https:\/\/fedai.az\/index.php?rest_route=\/wp\/v2\/users\/2"}],"replies":[{"embeddable":true,"href":"https:\/\/fedai.az\/index.php?rest_route=%2Fwp%2Fv2%2Fcomments&post=49998"}],"version-history":[{"count":1,"href":"https:\/\/fedai.az\/index.php?rest_route=\/wp\/v2\/posts\/49998\/revisions"}],"predecessor-version":[{"id":50000,"href":"https:\/\/fedai.az\/index.php?rest_route=\/wp\/v2\/posts\/49998\/revisions\/50000"}],"wp:featuredmedia":[{"embeddable":true,"href":"https:\/\/fedai.az\/index.php?rest_route=\/wp\/v2\/media\/49999"}],"wp:attachment":[{"href":"https:\/\/fedai.az\/index.php?rest_route=%2Fwp%2Fv2%2Fmedia&parent=49998"}],"wp:term":[{"taxonomy":"category","embeddable":true,"href":"https:\/\/fedai.az\/index.php?rest_route=%2Fwp%2Fv2%2Fcategories&post=49998"},{"taxonomy":"post_tag","embeddable":true,"href":"https:\/\/fedai.az\/index.php?rest_route=%2Fwp%2Fv2%2Ftags&post=49998"}],"curies":[{"name":"wp","href":"https:\/\/api.w.org\/{rel}","templated":true}]}}