{"id":50001,"date":"2021-10-02T02:57:31","date_gmt":"2021-10-01T22:57:31","guid":{"rendered":"https:\/\/fedai.az\/?p=50001"},"modified":"2021-10-02T03:21:58","modified_gmt":"2021-10-01T23:21:58","slug":"saakasvili-h%c9%99bs-olundu","status":"publish","type":"post","link":"https:\/\/fedai.az\/?p=50001","title":{"rendered":"Saaka\u015fvili h\u0259bs olundu"},"content":{"rendered":"\n<p><strong>G\u00fcrc\u00fcstan\u0131n sabiq prezidenti Mixail Saaka\u015fvili ombudsman Nino Lomcariya il\u0259 g\u00f6r\u00fc\u015f\u00fcnd\u0259 nec\u0259 saxlan\u0131lmas\u0131ndan dan\u0131\u015f\u0131b.<\/strong><\/p>\n\n\n\n<p>G\u00fcrc\u00fc medias\u0131 x\u0259b\u0259r verir ki, Saaka\u015fvilinin s\u00f6zl\u0259rin\u0259 g\u00f6r\u0259, polis ona qar\u015f\u0131 h\u0259r hans\u0131 g\u00fcc t\u0259tbiq etm\u0259yib v\u0259 \u00f6z\u00fc d\u0259 m\u00fcqavim\u0259t g\u00f6st\u0259rm\u0259yib.<\/p>\n\n\n\n<p><br>&#171;Saaka\u015fvili bildirdi ki, onu bu g\u00fcn ya\u015fay\u0131\u015f evind\u0259 tutublar. O, m\u00fcqavim\u0259t g\u00f6st\u0259rm\u0259yib v\u0259 polis d\u0259 g\u00fcc t\u0259tbiq etm\u0259yib. Saxlan\u0131lma zaman\u0131 o, t\u0259k olub v\u0259 qap\u0131n\u0131 da polis\u0259 \u00f6z\u00fc a\u00e7\u0131b\u201d, &#8212; dey\u0259 Lomcariya s\u00f6yl\u0259yib.<\/p>\n\n\n\n<p><br>H\u0259bs edil\u0259n G\u00fcrc\u00fcstan\u0131n ke\u00e7mi\u015f prezidenti Mixail Saaka\u015fvilinin Rustavid\u0259ki h\u0259bsxanaya apar\u0131lmas\u0131 il\u0259 ba\u011fl\u0131 g\u00f6r\u00fcnt\u00fcrl\u0259 yay\u0131l\u0131b.<br>H\u0259bs edilm\u0259 g\u00f6r\u00fcnt\u00fcl\u0259rini d\u0259 &#171;SputnikGeorgia\u201d n\u0259\u015fri yay\u0131b.<\/p>\n\n\n\n<p><br>Tbilisid\u0259 saxlan\u0131lan G\u00fcrc\u00fcstan\u0131n eks-prezidenti Mixail Saaka\u015fvili acl\u0131q elan edib.<\/p>\n\n\n\n<figure class=\"wp-block-image size-large is-resized\"><img loading=\"lazy\" decoding=\"async\" src=\"https:\/\/fedai.az\/wp-content\/uploads\/2021\/10\/1633118876_1419484.jpg\" alt=\"\" class=\"wp-image-50004\" width=\"924\" height=\"576\" srcset=\"https:\/\/fedai.az\/wp-content\/uploads\/2021\/10\/1633118876_1419484.jpg 720w, https:\/\/fedai.az\/wp-content\/uploads\/2021\/10\/1633118876_1419484-300x187.jpg 300w, https:\/\/fedai.az\/wp-content\/uploads\/2021\/10\/1633118876_1419484-150x94.jpg 150w, https:\/\/fedai.az\/wp-content\/uploads\/2021\/10\/1633118876_1419484-115x73.jpg 115w\" sizes=\"auto, (max-width: 924px) 100vw, 924px\" \/><\/figure>\n\n\n\n<p><br>\u201cSputnik Georgia\u201d x\u0259b\u0259r verir ki, bu bar\u0259d\u0259 ombudsman Nino Lomcariya Saaka\u015fvili il\u0259 h\u0259bsxanada g\u00f6r\u00fc\u015f\u00fcnd\u0259n sonra bildirib.<\/p>\n\n\n\n<p><br>\u201cO, G\u00fcrc\u00fcstanda verilmi\u015f h\u00f6kml\u0259 raz\u0131la\u015fm\u0131r v\u0259 \u00f6z\u00fcn\u00fc siyasi m\u0259hbus hesab edir\u201d, \u2013 dey\u0259 ombudsman a\u00e7\u0131qlay\u0131b.<\/p>\n\n\n\n<p><br>Qeyd ed\u0259k ki, Saaka\u015fvili parlamentin deputat\u0131 Valeri Gela\u015fvilinin d\u00f6y\u00fclm\u0259si v\u0259 \u201cG\u00fcrc\u00fcstan Birl\u0259\u015fmi\u015f Bank\u0131n\u0131n\u201d \u0259m\u0259kda\u015f\u0131 Sandro Girqvlianinin \u00f6ld\u00fcr\u00fclm\u0259si i\u015fi \u00fczr\u0259 m\u0259hk\u0259m\u0259nin \u00fc\u00e7 instansiyas\u0131 t\u0259r\u0259find\u0259n t\u0259qsirli bilinib.<\/p>\n\n\n\n<p><br>&#171;R\u0130A Novosti\u201d x\u0259b\u0259r verir ki, prokurorlu\u011fun m\u0259lumat\u0131na \u0259sas\u0259n, Saaka\u015fvili bankir Sandro Girqvlianinin q\u0259tli v\u0259 deputat Valeri Gela\u015fvilinin d\u00f6y\u00fclm\u0259si i\u015fi \u00fczr\u0259 qiyabi m\u0259hkum edilib. O, birinci hala g\u00f6r\u0259 3, ikinci hala g\u00f6r\u0259 6 il azadl\u0131qdan m\u0259hrum olunub. Bundan ba\u015fqa, Saaka\u015fvili 7 noyabr 2007 -ci il m\u00fcxalif\u0259tin mitinqinin da\u011f\u0131d\u0131lmas\u0131, &#171;\u0130medi\u201d telekanal\u0131n\u0131n da\u011f\u0131d\u0131lmas\u0131 v\u0259 d\u00f6vl\u0259t b\u00fcdc\u0259sind\u0259n v\u0259saitl\u0259rin m\u0259nims\u0259nilm\u0259si i\u015fl\u0259rind\u0259 t\u0259qsirl\u0259ndirilir.<\/p>\n\n\n\n<p><br>Haz\u0131rda bu i\u015fl\u0259r\u0259 m\u0259hk\u0259m\u0259l\u0259r bax\u0131r, h\u0259l\u0259lik he\u00e7 bir h\u00f6km verilm\u0259yib.<\/p>\n\n\n\n<p><br>G\u00fcrc\u00fcstan\u0131n eks-prezidenti Mixail Saaka\u015fvili Tiflisd\u0259 saxlan\u0131ld\u0131qdan sonra yeni h\u0259yat yolda\u015f\u0131n\u0131n oldu\u011fu haqda \u0259vv\u0259lc\u0259d\u0259n haz\u0131rlad\u0131\u011f\u0131 video yay\u0131l\u0131b.<\/p>\n\n\n\n<p>Videonu ukraynal\u0131 deputat Yelizaveta Yasko yay\u0131b.<\/p>\n\n\n\n<p><br>O bildirib ki, Saaka\u015fvili videonu G\u00fcrc\u00fcstana getm\u0259zd\u0259n \u00f6nc\u0259 \u00e7\u0259kib v\u0259 h\u0259bs olunaca\u011f\u0131 halda yay\u0131lmas\u0131n\u0131 ist\u0259yib. Saaka\u015fvili videoda m\u00fcraci\u0259t edir v\u0259 deputat Yelizaveta Yasko il\u0259 birg\u0259 ya\u015famaq bar\u0259d\u0259 q\u0259rar verdikl\u0259rini elan edir.<\/p>\n\n\n\n<p><br>\u201cLiza il\u0259 birg\u0259 yeni h\u0259yata ba\u015flad\u0131\u011f\u0131m\u0131z\u0131 bildirm\u0259k ist\u0259yirik\u201d, &#8212; dey\u0259 g\u00fcrc\u00fc siyas\u0259t\u00e7i video-m\u00fcraci\u0259tind\u0259 bildirib.<\/p>\n\n\n\n<p>Saaka\u015fvili bundan \u00f6nc\u0259 Niderland v\u0259t\u0259nda\u015f\u0131 Sandra Rudolfs il\u0259 ail\u0259 qurmu\u015fdu. Onlar\u0131n iki o\u011flu var.<\/p>\n\n\n\n<figure class=\"wp-block-image size-large is-resized\"><img loading=\"lazy\" decoding=\"async\" src=\"https:\/\/fedai.az\/wp-content\/uploads\/2021\/10\/photo_146382.jpg\" alt=\"\" class=\"wp-image-50015\" width=\"1094\" height=\"681\" srcset=\"https:\/\/fedai.az\/wp-content\/uploads\/2021\/10\/photo_146382.jpg 750w, https:\/\/fedai.az\/wp-content\/uploads\/2021\/10\/photo_146382-300x187.jpg 300w, https:\/\/fedai.az\/wp-content\/uploads\/2021\/10\/photo_146382-150x93.jpg 150w, https:\/\/fedai.az\/wp-content\/uploads\/2021\/10\/photo_146382-115x73.jpg 115w\" sizes=\"auto, (max-width: 1094px) 100vw, 1094px\" \/><\/figure>\n\n\n\n<p><br>Qeyd ed\u0259k ki, Saaka\u015fvili bu g\u00fcn Tiflisd\u0259 saxlan\u0131l\u0131b.<\/p>\n\n\n\n<p>AB\u015e G\u00fcrc\u00fcstan\u0131n ke\u00e7mi\u015f prezidenti Mixeil Saaka\u015fvilinin saxlan\u0131lmas\u0131ndan m\u0259lumatl\u0131d\u0131r. Bu bar\u0259d\u0259 D\u00f6vl\u0259t Departamentind\u0259n bildirilib.<\/p>\n\n\n\n<p>Qeyd olunub ki, AB\u015e v\u0259ziyy\u0259tin inki\u015faf\u0131n\u0131 yax\u0131ndan izl\u0259m\u0259y\u0259 davam edir.<\/p>\n\n\n\n<p><strong>\u201cPrezident Vladimir Zelenski G\u00fcrc\u00fcstan\u0131n ke\u00e7mi\u015f prezidenti v\u0259 Ukrayna Milli \u0130slahatlar \u015euras\u0131n\u0131n icraiyy\u0259 komit\u0259sinin s\u0259dri Mixail Saaka\u015fvilinin saxlan\u0131lmas\u0131 v\u0259 G\u00fcrc\u00fcstanda s\u0259sl\u0259ndiril\u0259n &#171;b\u0259yanatlar\u0131n tonu&#187; il\u0259 ba\u011fl\u0131 narahatd\u0131r\u201d.<\/strong><\/p>\n\n\n\n<p>\u201cR\u0130A Novosti\u201dnin verdiyi x\u0259b\u0259r\u0259 g\u00f6r\u0259, bunu Zelenskinin m\u0259tbuat katibi Sergey Nikiforov a\u00e7\u0131qlay\u0131b.<\/p>\n\n\n\n<p>\u201cUkraynan\u0131n Milli \u0130slahatlar \u015euras\u0131n\u0131n icraiyy\u0259 komit\u0259sinin s\u0259dri Mixail Saaka\u015fvilinin h\u0259bsi il\u0259 ba\u011fl\u0131 x\u0259b\u0259rl\u0259ri yax\u0131ndan izl\u0259yirik. Prezident Vladimir Zelenski bu c\u00fcr x\u0259b\u0259rl\u0259rd\u0259n v\u0259 G\u00fcrc\u00fcstanda v\u0259ziyy\u0259tin m\u00fcmk\u00fcn inki\u015faf\u0131 il\u0259 ba\u011fl\u0131 s\u0259sl\u0259ndiril\u0259n b\u0259yanatlar\u0131n tonundan narahatd\u0131r. Ukrayna v\u0259t\u0259nda\u015f\u0131 il\u0259 ba\u011fl\u0131 bu add\u0131m\u0131n b\u00fct\u00fcn s\u0259b\u0259bl\u0259rinin izah\u0131 \u00fc\u00e7\u00fcn G\u00fcrc\u00fcstan t\u0259r\u0259fin\u0259 m\u00fcraci\u0259t edir. Ukraynan\u0131n G\u00fcrc\u00fcstandak\u0131 s\u0259firliyi h\u0259l\u0259 d\u0259 saxlan\u0131lma il\u0259 ba\u011fl\u0131 r\u0259smi m\u0259lumat almay\u0131b\u201d, &#8212; dey\u0259 Nikiforov qeyd edib.<\/p>\n\n\n\n<figure class=\"wp-block-embed is-type-video is-provider-youtube wp-block-embed-youtube wp-embed-aspect-16-9 wp-has-aspect-ratio\"><div class=\"wp-block-embed__wrapper\">\n<iframe loading=\"lazy\" title=\"\u10e1\u10d0\u10e5\u10d0\u10e0\u10d7\u10d5\u10d4\u10da\u10dd\u10e1 \u10db\u10d4\u10e1\u10d0\u10db\u10d4 \u10de\u10e0\u10d4\u10d6\u10d8\u10d3\u10d4\u10dc\u10e2\u10d8, \u10eb\u10d4\u10d1\u10dc\u10d8\u10da\u10d8 \u10db\u10d8\u10ee\u10d4\u10d8\u10da \u10e1\u10d0\u10d0\u10d9\u10d0\u10e8\u10d5\u10d8\u10da\u10d8 \u10d3\u10d0\u10d9\u10d0\u10d5\u10d4\u10d1\u10e3\u10da\u10d8\u10d0\" width=\"715\" height=\"402\" src=\"https:\/\/www.youtube.com\/embed\/mlpKn_k_t4I?feature=oembed\" frameborder=\"0\" allow=\"accelerometer; autoplay; clipboard-write; encrypted-media; gyroscope; picture-in-picture\" allowfullscreen><\/iframe>\n<\/div><\/figure>\n\n\n\n<p><strong>G\u00fcrc\u00fcstan Prezidenti Salome Zurabi\u015fvili is\u0259 Tbilisid\u0259 h\u0259bs edil\u0259n sabiq d\u00f6vl\u0259t ba\u015f\u00e7\u0131s\u0131 Mixeil Saaka\u015fvilini \u0259fv etm\u0259y\u0259c\u0259yini b\u0259yan edib.<\/strong><\/p>\n\n\n\n<p>Prezident \u0259vv\u0259lc\u0259 G\u00fcrc\u00fcstan\u0131n h\u00fcquq-m\u00fchafiz\u0259 orqanlar\u0131na y\u00fcks\u0259k s\u0259viyy\u0259d\u0259 \u0259m\u0259liyyat ke\u00e7irdikl\u0259rin\u0259 g\u00f6r\u0259 t\u0259\u015f\u0259kk\u00fcr edib. Onun s\u00f6zl\u0259rin\u0259 g\u00f6r\u0259, bu \u0259m\u0259liyyat \u00f6lk\u0259d\u0259 d\u00f6vl\u0259t institular\u0131n\u0131n da\u011f\u0131lmad\u0131\u011f\u0131n\u0131, \u0259ksin\u0259 daha m\u00fck\u0259mm\u0259l i\u015fl\u0259dikl\u0259rini bir daha s\u00fcbuta yetirib.<\/p>\n\n\n\n<p>Salome Zurabi\u015fvili daha sonra deyib: \u201cBir \u00f6lk\u0259nin prezidentinin ictimaiyy\u0259t qar\u015f\u0131s\u0131nda h\u0259bs edilm\u0259si \u00fcr\u0259ka\u00e7an bir m\u0259s\u0259l\u0259 deyil. Amma qanun qar\u015f\u0131s\u0131nda ham\u0131 eynidir. Saaka\u015fvili beyn\u0259lxalq t\u0259r\u0259fda\u015flar\u0131n t\u00f6vsiy\u0259l\u0259rin\u0259 zidd olaraq sabitliyi pozmaq \u00fc\u00e7\u00fcn G\u00fcrc\u00fcstana g\u0259lib. Qanun qar\u015f\u0131s\u0131nda da cavab verm\u0259lidir\u201d, \u2013 dey\u0259, Salome Zurabi\u015fvili vur\u011fulay\u0131b.<\/p>\n\n\n\n<p>Qeyd ed\u0259k ki, bu g\u00fcn G\u00fcrc\u00fcstan\u0131n \u00fc\u00e7\u00fcnc\u00fc prezidenti Mixeil Saaka\u015fvili Tbilisid\u0259 saxlan\u0131l\u0131b.<\/p>\n\n\n\n<p>G\u00fcrc\u00fcstan\u0131n Ba\u015f Prokurorlu\u011fu sabiq prezidentl\u0259 ba\u011fl\u0131 m\u0259lumat yay\u0131b. M\u0259lumatda deyilir ki, Mixeil Saaka\u015fvili \u00fc\u00e7 m\u0259hk\u0259m\u0259 instansiyas\u0131 t\u0259r\u0259find\u0259n t\u0259qsirli bilinib v\u0259 6 il m\u00fcdd\u0259tin\u0259 azadl\u0131qdan m\u0259hrum edilib. H\u0259m\u00e7inin qeyd olunur ki, M.Saaka\u015fvilinin G\u00fcrc\u00fcstan s\u0259rh\u0259dini qanunsuz ke\u00e7m\u0259si fakt\u0131 il\u0259 ba\u011fl\u0131 ara\u015fd\u0131rmalar apar\u0131l\u0131r.<\/p>\n\n\n\n<figure class=\"wp-block-embed is-type-video is-provider-youtube wp-block-embed-youtube wp-embed-aspect-16-9 wp-has-aspect-ratio\"><div class=\"wp-block-embed__wrapper\">\n<iframe loading=\"lazy\" title=\"\u0410\u0440\u0435\u0441\u0442\u043e\u0432\u0430\u043d\u043d\u043e\u0433\u043e \u0421\u0430\u0430\u043a\u0430\u0448\u0432\u0438\u043b\u0438 \u0434\u043e\u0441\u0442\u0430\u0432\u0438\u043b\u0438 \u0432 \u0442\u044e\u0440\u044c\u043c\u0443 \u0432 \u0413\u0440\u0443\u0437\u0438\u0438\" width=\"715\" height=\"402\" src=\"https:\/\/www.youtube.com\/embed\/OQ-1aIOw9jc?feature=oembed\" frameborder=\"0\" allow=\"accelerometer; autoplay; clipboard-write; encrypted-media; gyroscope; picture-in-picture\" allowfullscreen><\/iframe>\n<\/div><\/figure>\n","protected":false},"excerpt":{"rendered":"<p>G\u00fcrc\u00fcstan\u0131n sabiq prezidenti Mixail Saaka\u015fvili ombudsman Nino Lomcariya il\u0259 g\u00f6r\u00fc\u015f\u00fcnd\u0259 nec\u0259 saxlan\u0131lmas\u0131ndan dan\u0131\u015f\u0131b. G\u00fcrc\u00fc medias\u0131 x\u0259b\u0259r verir ki, Saaka\u015fvilinin s\u00f6zl\u0259rin\u0259 g\u00f6r\u0259, polis ona qar\u015f\u0131<\/p>\n","protected":false},"author":2,"featured_media":50002,"comment_status":"closed","ping_status":"closed","sticky":false,"template":"","format":"standard","meta":{"footnotes":""},"categories":[13],"tags":[],"class_list":["post-50001","post","type-post","status-publish","format-standard","has-post-thumbnail","hentry","category-xarici"],"aioseo_notices":[],"_links":{"self":[{"href":"https:\/\/fedai.az\/index.php?rest_route=\/wp\/v2\/posts\/50001","targetHints":{"allow":["GET"]}}],"collection":[{"href":"https:\/\/fedai.az\/index.php?rest_route=\/wp\/v2\/posts"}],"about":[{"href":"https:\/\/fedai.az\/index.php?rest_route=\/wp\/v2\/types\/post"}],"author":[{"embeddable":true,"href":"https:\/\/fedai.az\/index.php?rest_route=\/wp\/v2\/users\/2"}],"replies":[{"embeddable":true,"href":"https:\/\/fedai.az\/index.php?rest_route=%2Fwp%2Fv2%2Fcomments&post=50001"}],"version-history":[{"count":5,"href":"https:\/\/fedai.az\/index.php?rest_route=\/wp\/v2\/posts\/50001\/revisions"}],"predecessor-version":[{"id":50017,"href":"https:\/\/fedai.az\/index.php?rest_route=\/wp\/v2\/posts\/50001\/revisions\/50017"}],"wp:featuredmedia":[{"embeddable":true,"href":"https:\/\/fedai.az\/index.php?rest_route=\/wp\/v2\/media\/50002"}],"wp:attachment":[{"href":"https:\/\/fedai.az\/index.php?rest_route=%2Fwp%2Fv2%2Fmedia&parent=50001"}],"wp:term":[{"taxonomy":"category","embeddable":true,"href":"https:\/\/fedai.az\/index.php?rest_route=%2Fwp%2Fv2%2Fcategories&post=50001"},{"taxonomy":"post_tag","embeddable":true,"href":"https:\/\/fedai.az\/index.php?rest_route=%2Fwp%2Fv2%2Ftags&post=50001"}],"curies":[{"name":"wp","href":"https:\/\/api.w.org\/{rel}","templated":true}]}}