{"id":50006,"date":"2021-10-02T03:04:13","date_gmt":"2021-10-01T23:04:13","guid":{"rendered":"https:\/\/fedai.az\/?p=50006"},"modified":"2021-10-02T03:04:17","modified_gmt":"2021-10-01T23:04:17","slug":"h%c9%99rbi-prokurorluqda-az%c9%99rbaycan-prokurorlugunun-yaranmasinin-103-illiyin%c9%99-h%c9%99sr-olunmus-m%c9%99rasim-kecirilib","status":"publish","type":"post","link":"https:\/\/fedai.az\/?p=50006","title":{"rendered":"H\u0259rbi Prokurorluqda Az\u0259rbaycan Prokurorlu\u011funun yaranmas\u0131n\u0131n 103 illiyin\u0259 h\u0259sr olunmu\u015f m\u0259rasim ke\u00e7irilib"},"content":{"rendered":"\n<p><strong>Oktyabr\u0131n 1-d\u0259 Az\u0259rbaycan Respublikas\u0131 H\u0259rbi Prokurorlu\u011funun m\u0259rk\u0259zi aparat\u0131nda Respublika H\u0259rbi Prokurorlu\u011funun, Bak\u0131 H\u0259rbi Prokurorlu\u011funun \u0259m\u0259kda\u015flar\u0131n\u0131n v\u0259 prokurorlu\u011fun veteranlar\u0131n\u0131n i\u015ftirak\u0131 il\u0259 Az\u0259rbaycan Respublikas\u0131 Prokurorlu\u011funun yaranmas\u0131n\u0131n 103 illiyin\u0259 h\u0259sr olunmu\u015f m\u0259rasim ke\u00e7irilib.<\/strong><\/p>\n\n\n\n<p>H\u0259rbi Prokurorlu\u011fun m\u0259tbuat xidm\u0259tind\u0259n&nbsp;<a href=\"https:\/\/azertag.az\/\" target=\"_blank\" rel=\"noreferrer noopener\">AZ\u018fRTAC<\/a>-a bildiribl\u0259r ki, t\u0259dbir i\u015ftirak\u00e7\u0131lar\u0131 \u0259vv\u0259lc\u0259 H\u0259rbi Prokurorlu\u011fun inzibati binas\u0131nda yerl\u0259\u015f\u0259n \u201cHeyd\u0259r \u018fliyev gu\u015f\u0259si\u201dnd\u0259 Az\u0259rbaycan xalq\u0131n\u0131n \u00dcmummilli Liderinin b\u00fcst\u00fc \u00f6n\u00fcn\u0259 g\u00fcl d\u0259st\u0259l\u0259ri d\u00fcz\u0259r\u0259k, b\u00f6y\u00fck \u015f\u0259xsiyy\u0259tin \u0259ziz v\u0259 unudulmaz xatir\u0259sin\u0259 d\u0259rin ehtiramlar\u0131n\u0131 ifad\u0259 edibl\u0259r.<\/p>\n\n\n\n<p>M\u0259rasim i\u015ftirak\u00e7\u0131lar\u0131 \u00f6lk\u0259mizin \u0259razi b\u00fct\u00f6vl\u00fcy\u00fc u\u011frunda canlar\u0131n\u0131 f\u0259da etmi\u015f \u015f\u0259hidl\u0259rimizin \u0259ziz v\u0259 unudulmaz xatir\u0259sini bir d\u0259qiq\u0259lik s\u00fckutla yad edib, b\u00fct\u00fcn qazil\u0259r\u0259 \u015f\u0259fa dil\u0259yibl\u0259r.<\/p>\n\n\n\n<figure class=\"wp-block-image size-large\"><img loading=\"lazy\" decoding=\"async\" width=\"1000\" height=\"666\" src=\"https:\/\/fedai.az\/wp-content\/uploads\/2021\/10\/16330890554282750328_1000x669.jpg\" alt=\"\" class=\"wp-image-50008\" srcset=\"https:\/\/fedai.az\/wp-content\/uploads\/2021\/10\/16330890554282750328_1000x669.jpg 1000w, https:\/\/fedai.az\/wp-content\/uploads\/2021\/10\/16330890554282750328_1000x669-300x200.jpg 300w, https:\/\/fedai.az\/wp-content\/uploads\/2021\/10\/16330890554282750328_1000x669-150x100.jpg 150w, https:\/\/fedai.az\/wp-content\/uploads\/2021\/10\/16330890554282750328_1000x669-768x511.jpg 768w\" sizes=\"auto, (max-width: 1000px) 100vw, 1000px\" \/><\/figure>\n\n\n\n<p><strong>Az\u0259rbaycan Respublikas\u0131 ba\u015f prokurorunun m\u00fcavini &#8212; Az\u0259rbaycan Respublikas\u0131n\u0131n h\u0259rbi prokuroru, \u0259dliyy\u0259 general-leytenant\u0131 Xanlar V\u0259liyev b\u00fct\u00fcn prokurorluq \u0259m\u0259kda\u015flar\u0131n\u0131, o c\u00fcml\u0259d\u0259n t\u0259dbir i\u015ftirak\u00e7\u0131lar\u0131n\u0131 1 oktyabr &#8212; prokurorluq i\u015f\u00e7il\u0259rinin pe\u015f\u0259 bayram\u0131 g\u00fcn\u00fc m\u00fcnasib\u0259til\u0259 t\u0259brik ed\u0259r\u0259k onlara xo\u015f arzular\u0131n\u0131 \u00e7atd\u0131r\u0131b.<\/strong><\/p>\n\n\n\n<p>Xanlar V\u0259liyev bildirib ki, Az\u0259rbaycan Prokurorlu\u011fu 80 il \u0259rzind\u0259 d\u00f6vl\u0259tin etibarl\u0131 s\u00fctunlar\u0131ndan biri kimi f\u0259aliyy\u0259t g\u00f6st\u0259rs\u0259 d\u0259, prokurorluq i\u015f\u00e7il\u0259rinin pe\u015f\u0259 bayram\u0131n\u0131n qeyd edilm\u0259si il\u0259 \u0259laq\u0259dar d\u00f6vl\u0259t s\u0259viyy\u0259sind\u0259 he\u00e7 bir t\u0259\u015f\u0259bb\u00fcs g\u00f6st\u0259rilm\u0259yib, bununla \u0259laq\u0259dar h\u0259r hans\u0131 r\u0259smi t\u0259dbir g\u00f6r\u00fclm\u0259yib. M\u0259hz ulu \u00f6nd\u0259r Heyd\u0259r \u018fliyevin 1998-ci il iyulun 17-d\u0259 imzalad\u0131\u011f\u0131 S\u0259r\u0259ncamla 1 oktyabr &#8212; prokurorluq i\u015f\u00e7il\u0259rinin pe\u015f\u0259 bayram\u0131 g\u00fcn\u00fcn\u00fcn t\u0259sis edilm\u0259si tarixi \u0259dal\u0259tin b\u0259rpa olunmas\u0131 il\u0259 yana\u015f\u0131, hakimiyy\u0259t orqanlar\u0131 aras\u0131nda x\u00fcsusi yeri olan prokurorlu\u011fa d\u00f6vl\u0259t s\u0259viyy\u0259sind\u0259 g\u00f6st\u0259ril\u0259n qay\u011f\u0131n\u0131n ifad\u0259si v\u0259 onun roluna r\u0259smi m\u00fcnasib\u0259tin t\u0259zah\u00fcr\u00fc olub.<\/p>\n\n\n\n<figure class=\"wp-block-image size-large\"><img loading=\"lazy\" decoding=\"async\" width=\"971\" height=\"669\" src=\"https:\/\/fedai.az\/wp-content\/uploads\/2021\/10\/1633088580183027074_1000x669.jpg\" alt=\"\" class=\"wp-image-50009\" srcset=\"https:\/\/fedai.az\/wp-content\/uploads\/2021\/10\/1633088580183027074_1000x669.jpg 971w, https:\/\/fedai.az\/wp-content\/uploads\/2021\/10\/1633088580183027074_1000x669-300x207.jpg 300w, https:\/\/fedai.az\/wp-content\/uploads\/2021\/10\/1633088580183027074_1000x669-150x103.jpg 150w, https:\/\/fedai.az\/wp-content\/uploads\/2021\/10\/1633088580183027074_1000x669-768x529.jpg 768w\" sizes=\"auto, (max-width: 971px) 100vw, 971px\" \/><\/figure>\n\n\n\n<p>H\u0259rbi prokuror Xanlar V\u0259liyev ulu \u00f6nd\u0259r Heyd\u0259r \u018fliyevin Az\u0259rbaycan\u0131n parlaq g\u0259l\u0259c\u0259yin\u0259 hesablanm\u0131\u015f m\u00fcdrik siyas\u0259tini yeni m\u00fcst\u0259vid\u0259 v\u0259 d\u00f6vr\u00fcn t\u0259l\u0259bl\u0259rin\u0259 uy\u011fun \u015f\u0259kild\u0259 davam etdir\u0259n Az\u0259rbaycan Respublikas\u0131n\u0131n Prezidenti \u0130lham \u018fliyevin r\u0259hb\u0259rliyi il\u0259 \u00f6lk\u0259mizd\u0259 b\u00fct\u00fcn sah\u0259l\u0259rd\u0259 \u0259ld\u0259 olunmu\u015f b\u00f6y\u00fck u\u011furlardan v\u0259 g\u00f6r\u00fcl\u0259n n\u0259h\u0259ng i\u015fl\u0259rd\u0259n, d\u00f6vl\u0259timizin daha da q\u00fcdr\u0259tl\u0259nm\u0259sind\u0259n, V\u0259t\u0259n m\u00fcharib\u0259sind\u0259 \u0259ld\u0259 etdiyimiz tarixi Q\u0259l\u0259b\u0259d\u0259n, koronavirus (COVID-19) pandemiyas\u0131na qar\u015f\u0131 apar\u0131lan u\u011furlu m\u00fcbariz\u0259d\u0259n, xalq\u0131m\u0131z\u0131n maddi v\u0259 sosial rifah hal\u0131n\u0131n davaml\u0131 yax\u015f\u0131la\u015fd\u0131r\u0131lmas\u0131ndan b\u0259hs edib. Bildirilib ki, \u0259ld\u0259 olunan u\u011furlar, o c\u00fcml\u0259d\u0259n 44 g\u00fcnl\u00fck d\u00f6y\u00fc\u015fl\u0259rd\u0259 qazan\u0131lan ard\u0131c\u0131l z\u0259f\u0259rl\u0259r d\u00f6vl\u0259timizin ba\u015f\u00e7\u0131s\u0131, M\u00fcz\u0259ff\u0259r Ali Ba\u015f Komandan \u0130lham \u018fliyevin m\u00fcdrik siyas\u0259ti, sars\u0131lmaz q\u0259tiyy\u0259ti, yorulmaz f\u0259aliyy\u0259ti, xalq\u0131m\u0131z\u0131n \u0259zmkarl\u0131\u011f\u0131 v\u0259 m\u00fcbarizliyi, Silahl\u0131 Q\u00fcvv\u0259l\u0259rimizin r\u0259\u015fad\u0259ti v\u0259 q\u0259hr\u0259man h\u0259rb\u00e7il\u0259rimizin \u015f\u00fcca\u0259ti say\u0259sind\u0259 m\u00fcmk\u00fcn olub.<\/p>\n\n\n\n<p>Xanlar V\u0259liyev vur\u011fulay\u0131b ki, \u00f6lk\u0259mizin h\u0259rt\u0259r\u0259fli inki\u015faf\u0131nda v\u0259 qazan\u0131lan ard\u0131c\u0131l u\u011furlarda mill\u0259tin\u0259 v\u0259 d\u00f6vl\u0259tin\u0259 s\u0259daq\u0259ti, milli-m\u0259n\u0259vi d\u0259y\u0259rl\u0259r\u0259 sadiqliyi, insanp\u0259rv\u0259rliyi, xeyirxah \u0259m\u0259ll\u0259ri v\u0259 dig\u0259r m\u0259ziyy\u0259tl\u0259ri il\u0259 b\u00fct\u00fcn d\u00fcnya qad\u0131nlar\u0131na \u00f6rn\u0259k olan Az\u0259rbaycan Respublikas\u0131n\u0131n Birinci vitse-prezidenti Mehriban xan\u0131m \u018fliyevan\u0131n \u00e7ox\u015fax\u0259li f\u0259aliyy\u0259ti m\u00fch\u00fcm \u0259h\u0259miyy\u0259t k\u0259sb edir.<\/p>\n\n\n\n<figure class=\"wp-block-image size-large\"><img loading=\"lazy\" decoding=\"async\" width=\"1000\" height=\"666\" src=\"https:\/\/fedai.az\/wp-content\/uploads\/2021\/10\/16330885806060847098_1000x669.jpg\" alt=\"\" class=\"wp-image-50010\" srcset=\"https:\/\/fedai.az\/wp-content\/uploads\/2021\/10\/16330885806060847098_1000x669.jpg 1000w, https:\/\/fedai.az\/wp-content\/uploads\/2021\/10\/16330885806060847098_1000x669-300x200.jpg 300w, https:\/\/fedai.az\/wp-content\/uploads\/2021\/10\/16330885806060847098_1000x669-150x100.jpg 150w, https:\/\/fedai.az\/wp-content\/uploads\/2021\/10\/16330885806060847098_1000x669-768x511.jpg 768w\" sizes=\"auto, (max-width: 1000px) 100vw, 1000px\" \/><\/figure>\n\n\n\n<p>Prokurorlu\u011fa d\u00f6vl\u0259t s\u0259viyy\u0259sind\u0259 g\u00f6st\u0259ril\u0259n diqq\u0259t v\u0259 qay\u011f\u0131dan b\u0259hs ed\u0259n \u0259dliyy\u0259 general-leytenant\u0131 Xanlar V\u0259liyev tarixi torpaqlar\u0131m\u0131z i\u015f\u011faldan azad olunduqdan sonra h\u0259min \u0259razil\u0259rd\u0259 H\u0259rbi Prokurorluq orqanlar\u0131n\u0131n f\u0259aliyy\u0259tinin s\u0259m\u0259r\u0259liliyini v\u0259 operativliyini art\u0131rmaq m\u0259qs\u0259dil\u0259 Az\u0259rbaycan Respublikas\u0131 Prezidentinin 2021-ci il 1 aprel tarixli S\u0259r\u0259ncam\u0131 il\u0259 Qubadl\u0131, K\u0259lb\u0259c\u0259r H\u0259rbi prokurorluqlar\u0131n\u0131n v\u0259 Qaraba\u011f H\u0259rbi Prokurorlu\u011funun \u0259sas\u0131nda A\u011fdam H\u0259rbi Prokurorlu\u011funun yarad\u0131lmas\u0131n\u0131 v\u0259 haz\u0131rda adlar\u0131 \u00e7\u0259kil\u0259n prokurorluqlar\u0131n q\u0131sa zamanda formala\u015fd\u0131r\u0131lm\u0131\u015f m\u00fcnbit \u015f\u0259raitd\u0259 u\u011furla f\u0259aliyy\u0259t g\u00f6st\u0259rdikl\u0259rini qeyd edib. Bildirilib ki, Prezident-xalq-ordu birliyinin n\u0259tic\u0259si olan m\u00f6ht\u0259\u015f\u0259m Q\u0259l\u0259b\u0259miz uzun ill\u0259r i\u015f\u011fal alt\u0131nda qalm\u0131\u015f tarixi torpaqlar\u0131m\u0131zda da ilk d\u0259f\u0259 olaraq pe\u015f\u0259 bayram\u0131 g\u00fcn\u00fcn\u00fc qeyd etm\u0259y\u0259 imkan ver\u0259c\u0259k v\u0259 bundan b\u00f6y\u00fck bayram sevinci ola bilm\u0259z.<\/p>\n\n\n\n<p>Sonda xidm\u0259ti v\u0259zif\u0259l\u0259rini n\u00fcmun\u0259vi icra etdikl\u0259rin\u0259 g\u00f6r\u0259 m\u00fckafatland\u0131r\u0131lm\u0131\u015f prokurorluq \u0259m\u0259kda\u015flar\u0131n\u0131n bir qismin\u0259 h\u0259rbi prokuror t\u0259r\u0259find\u0259n t\u0259ltifl\u0259r, prokurorlu\u011fun bir qrup veteranlar\u0131na is\u0259 h\u0259diyy\u0259l\u0259r t\u0259qdim olunub.<\/p>\n\n\n\n<figure class=\"wp-block-image size-large\"><img loading=\"lazy\" decoding=\"async\" width=\"1000\" height=\"666\" src=\"https:\/\/fedai.az\/wp-content\/uploads\/2021\/10\/16330906711513316764_1000x669.jpeg\" alt=\"\" class=\"wp-image-50007\" srcset=\"https:\/\/fedai.az\/wp-content\/uploads\/2021\/10\/16330906711513316764_1000x669.jpeg 1000w, https:\/\/fedai.az\/wp-content\/uploads\/2021\/10\/16330906711513316764_1000x669-300x200.jpeg 300w, https:\/\/fedai.az\/wp-content\/uploads\/2021\/10\/16330906711513316764_1000x669-150x100.jpeg 150w, https:\/\/fedai.az\/wp-content\/uploads\/2021\/10\/16330906711513316764_1000x669-768x511.jpeg 768w\" sizes=\"auto, (max-width: 1000px) 100vw, 1000px\" \/><\/figure>\n\n\n\n<p>H\u0259rbi prokuror Xanlar V\u0259liyev t\u0259dbir\u0259 yekun vuraraq H\u0259rbi Prokurorluq orqanlar\u0131 \u0259m\u0259kda\u015flar\u0131n\u0131n Prezident \u0130lham \u018fliyevin r\u0259hb\u0259rliyi il\u0259 \u00f6lk\u0259d\u0259 g\u00f6r\u00fcl\u0259n b\u00f6y\u00fck i\u015fl\u0259rd\u0259 v\u0259 h\u0259yata ke\u00e7iril\u0259n m\u0259hk\u0259m\u0259-h\u00fcquq islahatlar\u0131nda yax\u0131ndan i\u015ftirak ed\u0259c\u0259kl\u0259rini, qanun\u00e7ulu\u011fun, d\u00f6vl\u0259t\u00e7iliyin, ictimai-siyasi sabitliyin qorunmas\u0131, qanunun aliliyinin t\u0259min edilm\u0259si \u00fc\u00e7\u00fcn \u0259ll\u0259rind\u0259n g\u0259l\u0259ni \u0259sirg\u0259m\u0259y\u0259c\u0259kl\u0259rini, cinay\u0259tkarl\u0131\u011fa el\u0259c\u0259 d\u0259 d\u00f6vl\u0259timizin q\u00fcdr\u0259tl\u0259nm\u0259sin\u0259 v\u0259 milli maraqlara x\u0259l\u0259l g\u0259tir\u0259 bil\u0259c\u0259k b\u00fct\u00fcn hallara qar\u015f\u0131 bar\u0131\u015fmaz m\u00f6vqe tutacaqlar\u0131n\u0131 bildirib.<\/p>\n","protected":false},"excerpt":{"rendered":"<p>Oktyabr\u0131n 1-d\u0259 Az\u0259rbaycan Respublikas\u0131 H\u0259rbi Prokurorlu\u011funun m\u0259rk\u0259zi aparat\u0131nda Respublika H\u0259rbi Prokurorlu\u011funun, Bak\u0131 H\u0259rbi Prokurorlu\u011funun \u0259m\u0259kda\u015flar\u0131n\u0131n v\u0259 prokurorlu\u011fun veteranlar\u0131n\u0131n i\u015ftirak\u0131 il\u0259 Az\u0259rbaycan Respublikas\u0131 Prokurorlu\u011funun yaranmas\u0131n\u0131n<\/p>\n","protected":false},"author":2,"featured_media":50011,"comment_status":"closed","ping_status":"closed","sticky":false,"template":"","format":"standard","meta":{"footnotes":""},"categories":[3],"tags":[],"class_list":["post-50006","post","type-post","status-publish","format-standard","has-post-thumbnail","hentry","category-gundm"],"aioseo_notices":[],"_links":{"self":[{"href":"https:\/\/fedai.az\/index.php?rest_route=\/wp\/v2\/posts\/50006","targetHints":{"allow":["GET"]}}],"collection":[{"href":"https:\/\/fedai.az\/index.php?rest_route=\/wp\/v2\/posts"}],"about":[{"href":"https:\/\/fedai.az\/index.php?rest_route=\/wp\/v2\/types\/post"}],"author":[{"embeddable":true,"href":"https:\/\/fedai.az\/index.php?rest_route=\/wp\/v2\/users\/2"}],"replies":[{"embeddable":true,"href":"https:\/\/fedai.az\/index.php?rest_route=%2Fwp%2Fv2%2Fcomments&post=50006"}],"version-history":[{"count":1,"href":"https:\/\/fedai.az\/index.php?rest_route=\/wp\/v2\/posts\/50006\/revisions"}],"predecessor-version":[{"id":50012,"href":"https:\/\/fedai.az\/index.php?rest_route=\/wp\/v2\/posts\/50006\/revisions\/50012"}],"wp:featuredmedia":[{"embeddable":true,"href":"https:\/\/fedai.az\/index.php?rest_route=\/wp\/v2\/media\/50011"}],"wp:attachment":[{"href":"https:\/\/fedai.az\/index.php?rest_route=%2Fwp%2Fv2%2Fmedia&parent=50006"}],"wp:term":[{"taxonomy":"category","embeddable":true,"href":"https:\/\/fedai.az\/index.php?rest_route=%2Fwp%2Fv2%2Fcategories&post=50006"},{"taxonomy":"post_tag","embeddable":true,"href":"https:\/\/fedai.az\/index.php?rest_route=%2Fwp%2Fv2%2Ftags&post=50006"}],"curies":[{"name":"wp","href":"https:\/\/api.w.org\/{rel}","templated":true}]}}