{"id":50039,"date":"2021-10-02T05:16:44","date_gmt":"2021-10-02T01:16:44","guid":{"rendered":"https:\/\/fedai.az\/?p=50039"},"modified":"2021-10-02T05:16:47","modified_gmt":"2021-10-02T01:16:47","slug":"t%c9%99brik-muradov-rizvan-saban-oglu-55","status":"publish","type":"post","link":"https:\/\/fedai.az\/?p=50039","title":{"rendered":"T\u018fBR\u0130K: MURADOV R\u0130ZVAN \u015eABAN O\u011eLU &#8212; 55"},"content":{"rendered":"\n<p><strong>\u00a0\u00a0\u00a0\u00a0\u00a0\u00a0 <span class=\"has-inline-color has-vivid-red-color\">Pe\u015f\u0259karl\u0131\u011f\u0131 v\u0259 humanistliyi il\u0259 se\u00e7il\u0259n \u00f6mr\u00fcn\u00fcn\u00a0 \u0259n m\u0259hsuldar\u00a0 d\u00f6vr\u00fcn\u00fcn\u00a0 16 (on alt\u0131) ild\u0259n \u00e7oxunu Daxili \u0130\u015fl\u0259r Nazirliyinin Daxili Qo\u015funlar\u0131nda m\u00fcxt\u0259lif v\u0259zif\u0259l\u0259rd\u0259 ke\u00e7ir\u0259n 2-ci Qrup m\u00fchariib\u0259 \u0259lili, ehtiyatda olan mayor Muradov Rizvan \u015eaban o\u011flunun 8 sentyabrda 55 ya\u015f\u0131 tamam olur.<\/span><\/strong><\/p>\n\n\n\n<p><strong>Bu g\u00fcn m\u00fcnasib\u0259til\u0259 Avmvib r\u0259hb\u0259rliyi v\u0259 Az\u0259rbaycan V\u0259t\u0259n M\u00fcharib\u0259si\u00a0Veteranlar\u0131 \u0130ctimai\u00a0 Birliyinin s\u0259dr m\u00fcavini polkovnik Salman Musayev M\u00fcharib\u0259\u00a0 Veteran\u0131 ehtiyatda olan mayor Muradov Rizvan \u015eaban o\u011flunu do\u011fum g\u00fcn\u00fc m\u00fcnasib\u0259til\u0259 semimi q\u0259lbd\u0259n t\u0259brik edir,ona h\u0259yatda insan ucun \u0259n \u015firin nem\u0259t olan m\u00f6hk\u0259m can sa\u011fl\u0131\u011f\u0131 ,ail\u0259 s\u0259ad\u0259ti v\u0259 h\u0259yat yollar\u0131nda bitib &#8212; t\u00fck\u0259nm\u0259y\u0259n nailiyy\u0259tl\u0259r arzulay\u0131r.<\/strong><\/p>\n\n\n\n<p><strong>\u00a0\u00a0\u00a0 Qoy ya\u015f\u0131n\u0131n \u00fcst\u0259 g\u0259l\u0259n bu ya\u015f Rizvan \u015eaban o\u011flu Muradova\u00a0 sevinc dolu g\u00fcnl\u0259r b\u0259x\u015f etsin, h\u0259r yeni g\u00fcn\u00fc is\u0259 \u00f6t\u0259n g\u00fcnl\u0259rd\u0259n daha g\u00f6z\u0259l ist\u0259kl\u0259rin\u0259 uy\u011fun Rizvan\u0131 xo\u015fb\u0259xt ed\u0259c\u0259k \u015f\u0259kild\u0259 ke\u00e7sin. Amin!<\/strong><\/p>\n\n\n\n<figure class=\"wp-block-gallery columns-2 is-cropped wp-block-gallery-1 is-layout-flex wp-block-gallery-is-layout-flex\"><ul class=\"blocks-gallery-grid\"><li class=\"blocks-gallery-item\"><figure><img loading=\"lazy\" decoding=\"async\" width=\"526\" height=\"935\" src=\"https:\/\/fedai.az\/wp-content\/uploads\/2021\/10\/243537193_113409271101119_9212846638753373840_n.jpg\" alt=\"\" data-id=\"50040\" data-link=\"https:\/\/fedai.az\/?attachment_id=50040\" class=\"wp-image-50040\" srcset=\"https:\/\/fedai.az\/wp-content\/uploads\/2021\/10\/243537193_113409271101119_9212846638753373840_n.jpg 526w, https:\/\/fedai.az\/wp-content\/uploads\/2021\/10\/243537193_113409271101119_9212846638753373840_n-169x300.jpg 169w, https:\/\/fedai.az\/wp-content\/uploads\/2021\/10\/243537193_113409271101119_9212846638753373840_n-84x150.jpg 84w\" sizes=\"auto, (max-width: 526px) 100vw, 526px\" \/><\/figure><\/li><li class=\"blocks-gallery-item\"><figure><img loading=\"lazy\" decoding=\"async\" width=\"526\" height=\"778\" src=\"https:\/\/fedai.az\/wp-content\/uploads\/2021\/10\/243988004_113409401101106_5792403637285969948_n.jpg\" alt=\"\" data-id=\"50041\" data-full-url=\"https:\/\/fedai.az\/wp-content\/uploads\/2021\/10\/243988004_113409401101106_5792403637285969948_n.jpg\" data-link=\"https:\/\/fedai.az\/?attachment_id=50041\" class=\"wp-image-50041\" srcset=\"https:\/\/fedai.az\/wp-content\/uploads\/2021\/10\/243988004_113409401101106_5792403637285969948_n.jpg 526w, https:\/\/fedai.az\/wp-content\/uploads\/2021\/10\/243988004_113409401101106_5792403637285969948_n-203x300.jpg 203w, https:\/\/fedai.az\/wp-content\/uploads\/2021\/10\/243988004_113409401101106_5792403637285969948_n-101x150.jpg 101w\" sizes=\"auto, (max-width: 526px) 100vw, 526px\" \/><\/figure><\/li><\/ul><\/figure>\n\n\n\n<p>\u00a0\u00a0\u00a0 Ehtiyatda olan mayor Muradov Rizvan \u015eaban o\u011flu\u00a0 8 sentyabr 1966 &#8212; c\u0131\u00a0 ild\u0259 \u015e\u0259mkir rayonun Qapanl\u0131 k\u0259ndind\u0259 anadan olub.<\/p>\n\n\n\n<p>\u00a0\u00a0 O, 1973 -c\u00fc ild\u0259 \u015e\u0259mkir rayonunun \u00a0Qapanl\u0131 k\u0259nd orta m\u0259kt\u0259b\u0259inin\u00a0 birinci sinif\u0259 getmi\u015f, 1983-c\u00fc ild\u0259 h\u0259min m\u0259kt\u0259bi bitirmi\u015fdir.<\/p>\n\n\n\n<p>&nbsp;&nbsp;&nbsp; M\u00fcharib\u0259 Veteran\u0131&nbsp; ehtiyyatda olan mayor Rizvan \u015eaban o\u011flu Muradov 1984-c\u00fc ild\u0259 SSR\u0130 Daxili \u0130\u015fl\u0259r Nazirliyinin Daxili Qo\u015funlar\u0131n\u0131n LKG\u0130-n\u0131n 60 iliyi ad\u0131na Sankt-Peterburq \u015f\u0259h\u0259rind\u0259 yerl\u0259\u015f\u0259n Ali H\u0259rbi&nbsp; Siyas\u0131 m\u0259kt\u0259b\u0259 daxil olub, 1988-ci ild\u0259 is\u0259 h\u0259min ali h\u0259rbi m\u0259kt\u0259bi bitirib.<\/p>\n\n\n\n<p>&nbsp;&nbsp;&nbsp;&nbsp; Rizvan \u015eaban o\u011flu Muradov 1984-c\u00fc ilin iyul ay\u0131ndan 1992-ci ilin yanvar ay\u0131n\u0131n 10-na kimi SSR\u0130 Daxili \u0130\u015fl\u0259r Nazirliyinin Daxili Qo\u015funlar\u0131n\u0131n Solkamski \u015f\u0259h\u0259rind\u0259 yerl\u0259\u015f\u0259n h\u0259rbi hiss\u0259d\u0259 b\u00f6luk komandirinin t\u0259rbiy\u0259vi i\u015fl\u0259r \u00fczr\u0259 m\u00fcavini v\u0259zif\u0259sind\u0259 xidm\u0259t etmi\u015fdir.<\/p>\n\n\n\n<p>&nbsp;&nbsp;&nbsp; M\u00fcharib\u0259 Veteran\u0131 ehtiyyatda olan mayor Rizvan Muradov 2000-ci ild\u0259 X\u0259st\u0259liyi il\u0259 \u0259laq\u0259dar Silahl\u0131 Q\u00fcvv\u0259l\u0259rd\u0259n ehtiyata buraxld\u0131qdan sonra T\u0259hsil Nazirliyinin G\u0259nc\u0259 \u015f\u0259h\u0259rind\u0259 yerl\u0259\u015f\u0259n K\u0259nd t\u0259s\u0259rr\u00fcfat\u0131 Akademiyas\u0131nda m\u00fc\u0259llim i\u015fl\u0259mi\u015fdir.<\/p>\n\n\n\n<p>&nbsp;&nbsp; O,19 yanvar 1992-ci ild\u0259n-2000-ci ilin yanvar ayina kimi Daxili \u0130\u015fl\u0259r Nazirliyinin Daxili Qo\u015funlar\u0131n\u0131n Ba\u015f \u0130dar\u0259sinin, G\u0259nc\u0259 \u015f\u0259h\u0259rind\u0259,&nbsp; A\u011fdam, F\u00fczuli v\u0259 Hac\u0131qabul rayonunlarda yerl\u0259\u015f\u0259n h\u0259rbi hiss\u0259l\u0259rind\u0259 b\u00f6luk komandiri, h\u0259rbi hiss\u0259nin k\u0259\u015ffiyyat xidm\u0259tinin r\u0259isi, tabor komandiri, h\u0259rbi hiss\u0259nin q\u0259argah r\u0259isinin birinci m\u00fcavini&nbsp; v\u0259zif\u0259l\u0259rind\u0259 olmu\u015fdur.&nbsp; h\u0259rb\u0131 hiss\u0259 komandirinin m\u00fcavini-q\u0259ragah&nbsp;&nbsp; r\u0259isi v\u0259zif\u0259sini icra etmi\u015fdir.<\/p>\n\n\n\n<p>&nbsp;&nbsp;&nbsp; M\u00fcharib\u0259 Veteran\u0131 ehtiyatda olan mayor Rizvan Muradov 2000-ci ild\u0259 X\u0259st\u0259liyi il\u0259 \u0259laq\u0259dar Silahl\u0131 Q\u00fcvv\u0259l\u0259rd\u0259n ehtiyata buraxld\u0131qdan sonra T\u0259hsil Nazirliyinin G\u0259nc\u0259 \u015f\u0259h\u0259rind\u0259 yerl\u0259\u015f\u0259n K\u0259nd t\u0259s\u0259rr\u00fcfat\u0131 Akademiyas\u0131nda m\u00fc\u0259llim i\u015fl\u0259mi\u015fdir.<\/p>\n\n\n\n<p>Az\u0259rbaycan Respublikas\u0131n\u0131n \u0259razi b\u00fct\u00f6vl\u00fcy\u00fc u\u011frunda (A\u011fdam, A\u011fd\u0259r\u0259, F\u00fczuli v\u0259 C\u0259bray\u0131l rayonlar\u0131\u00a0 istiqam\u0259tind\u0259)\u00a0 ged\u0259n d\u00f6y\u00fc\u015fl\u0259rd\u0259 i\u015ftirak etmi\u015f, 22 dekabr 1993-c\u00fc ild\u0259 F\u00fczuli rayonunun B\u00f6y\u00fck- B\u0259hm\u0259nli k\u0259ndlinin azad olunmas\u0131 \u00fczr\u0259 ged\u0259n d\u00f6y\u00fc\u015fl\u0259rd\u0259\u00a0 a\u011f\u0131r yaralanm\u0131\u015fd\u0131r.<\/p>\n\n\n\n<figure class=\"wp-block-image size-large\"><img loading=\"lazy\" decoding=\"async\" width=\"960\" height=\"540\" src=\"https:\/\/fedai.az\/wp-content\/uploads\/2021\/10\/244114297_113409361101110_5058614719167477358_n.jpg\" alt=\"\" class=\"wp-image-50042\" srcset=\"https:\/\/fedai.az\/wp-content\/uploads\/2021\/10\/244114297_113409361101110_5058614719167477358_n.jpg 960w, https:\/\/fedai.az\/wp-content\/uploads\/2021\/10\/244114297_113409361101110_5058614719167477358_n-300x169.jpg 300w, https:\/\/fedai.az\/wp-content\/uploads\/2021\/10\/244114297_113409361101110_5058614719167477358_n-150x84.jpg 150w, https:\/\/fedai.az\/wp-content\/uploads\/2021\/10\/244114297_113409361101110_5058614719167477358_n-768x432.jpg 768w\" sizes=\"auto, (max-width: 960px) 100vw, 960px\" \/><\/figure>\n\n\n\n<p>&nbsp;&nbsp; O,Az\u0259rbaycan Respublikas\u0131nda ictimai qaydan\u0131n v\u0259 ictimai t\u0259hl\u00fck\u0259sizliyin qorunmasnda, m\u00fct\u0259\u015f\u0259kkil cinay\u0259tkarl\u0131qla m\u00fcbariz\u0259d\u0259, qanunsuz silahl\u0131 d\u0259st\u0259l\u0259rin z\u0259r\u0259rsizl\u0259\u015fdirilm\u0259sind\u0259, \u015f\u0259h\u0259rd\u0259 v\u0259 ya\u015fay\u0131\u015f m\u0259nt\u0259q\u0259l\u0259rind\u0259 ba\u015f vermi\u015f k\u00fctl\u0259vi ixti\u015fa\u015flar\u0131n qar\u015f\u0131s\u0131n\u0131n al\u0131nmas\u0131nda, d\u00f6vl\u0259tin \u0259razi b\u00fct\u00f6vl\u00fcy\u00fcn\u00fcn t\u0259min edilm\u0259sind\u0259,f\u00f6vqal\u0259d\u0259 hallar zaman\u0131 h\u00fcquqi rejimin t\u0259min edilm\u0259sind\u0259 h\u0259rbi hiss\u0259y\u0259 h\u0259val\u0259 edilmi\u015f v\u0259zif\u0259 v\u0259 tap\u015f\u0131r\u0131qlar\u0131n yerin\u0259 yetirilm\u0259sin\u0259 m\u0259suliyy\u0259tl\u0259 yana\u015fm\u0131\u015fd\u0131r.<\/p>\n\n\n\n<p>&nbsp;&nbsp; Mayor Muradov Rizvan H\u0259rbi xidm\u0259ti v\u0259zif\u0259l\u0259rinin icras\u0131 zaman\u0131 y\u00fcks\u0259k m\u0259n\u0259vi- d\u00f6y\u00fc\u015f haz\u0131rl\u0131\u011f\u0131nda, h\u0259rbi \u0131ntizam\u0131n m\u00f6hk\u0259ml\u0259ndirilm\u0259sind\u0259, y\u00fcks\u0259k g\u00f6st\u0259ril\u0259r\u0259 nail oldu\u011funa v\u0259 n\u00fcmun\u0259vi xidm\u0259tin\u0259 v\u0259 h\u0259rbi v\u0259zif\u0259l\u0259rinin yerin\u0259 yetirilm\u0259sin\u0259 m\u0259suliyy\u0259tl\u0259 yana\u015fd\u0131\u011f\u0131na g\u00f6r\u0259&nbsp; O, Daxili \u0130\u015fl\u0259r Nazirinin m\u00fcvafiq \u0259mri il\u0259. h\u0259v\u0259sl\u0259ndirm\u0259 qaydas\u0131nda vaxt\u0131ndan \u0259vv\u0259l mayor h\u0259rbi r\u00fctb\u0259si verilib .<\/p>\n\n\n\n<p><strong>DO\u011eUM G\u00dcN\u00dcN M\u00dcBAR\u018fK OLSUN<\/strong>, <strong>R\u0130ZVAN B\u018fY!<\/strong><\/p>\n\n\n\n<p><strong>B\u0130R \u0130L DAHA B\u0130TD\u0130, AMMA HE\u00c7 VAXT K\u018fD\u018fRL\u018fNM\u018f\u00a0 ZAMAN TEZ KE\u00c7\u0130R DEY\u018f&#8230;UNUTMA K\u0130 H\u018fR\u00a0 K\u018fS EYN\u0130 \u015eEY\u0130 YA\u015eAYIR.BU \u0130LIN SONUNDA GERIY\u018f BAXDIGINDA \u00dcM\u0130D ED\u0130R\u018fM B\u0130R &#171;M\u00d6C\u00dcZ\u018f\u00a0 \u0130LD\u0130R &#187; DEY\u018fRS\u018fN&#8230;B\u00dcT\u00dcN ARZULARLNIN REALLA\u015eMASI D\u0130L\u018fY\u0130ML\u018f&#8230;XO\u015eB\u018fXT \u0130LL\u018fR\u018f.<\/strong><\/p>\n\n\n\n<p><strong>D\u0259rin h\u00f6rm\u0259tl\u0259, Az\u0259rbaycan V\u0259t\u0259n M\u00fcharib\u0259si Veteranlar\u0131 \u0130ctimai Birliyinin s\u0259dr m\u00fcavini polkovnik Salman Musayev<\/strong><\/p>\n\n\n\n<figure class=\"wp-block-gallery columns-2 is-cropped wp-block-gallery-2 is-layout-flex wp-block-gallery-is-layout-flex\"><ul class=\"blocks-gallery-grid\"><li class=\"blocks-gallery-item\"><figure><img loading=\"lazy\" decoding=\"async\" width=\"600\" height=\"600\" src=\"https:\/\/fedai.az\/wp-content\/uploads\/2021\/10\/8265a327389da9fe4fdc2714b309120e-1.jpg\" alt=\"\" data-id=\"50044\" data-full-url=\"https:\/\/fedai.az\/wp-content\/uploads\/2021\/10\/8265a327389da9fe4fdc2714b309120e-1.jpg\" data-link=\"https:\/\/fedai.az\/?attachment_id=50044\" class=\"wp-image-50044\" srcset=\"https:\/\/fedai.az\/wp-content\/uploads\/2021\/10\/8265a327389da9fe4fdc2714b309120e-1.jpg 600w, https:\/\/fedai.az\/wp-content\/uploads\/2021\/10\/8265a327389da9fe4fdc2714b309120e-1-300x300.jpg 300w, https:\/\/fedai.az\/wp-content\/uploads\/2021\/10\/8265a327389da9fe4fdc2714b309120e-1-150x150.jpg 150w, https:\/\/fedai.az\/wp-content\/uploads\/2021\/10\/8265a327389da9fe4fdc2714b309120e-1-215x215.jpg 215w\" sizes=\"auto, (max-width: 600px) 100vw, 600px\" \/><\/figure><\/li><li class=\"blocks-gallery-item\"><figure><img loading=\"lazy\" decoding=\"async\" width=\"505\" height=\"640\" src=\"https:\/\/fedai.az\/wp-content\/uploads\/2021\/10\/243615091_113409467767766_6787973535623221601_n.jpg\" alt=\"\" data-id=\"50043\" data-link=\"https:\/\/fedai.az\/?attachment_id=50043\" class=\"wp-image-50043\" srcset=\"https:\/\/fedai.az\/wp-content\/uploads\/2021\/10\/243615091_113409467767766_6787973535623221601_n.jpg 505w, https:\/\/fedai.az\/wp-content\/uploads\/2021\/10\/243615091_113409467767766_6787973535623221601_n-237x300.jpg 237w, https:\/\/fedai.az\/wp-content\/uploads\/2021\/10\/243615091_113409467767766_6787973535623221601_n-118x150.jpg 118w\" sizes=\"auto, (max-width: 505px) 100vw, 505px\" \/><\/figure><\/li><\/ul><\/figure>\n","protected":false},"excerpt":{"rendered":"<p>\u00a0\u00a0\u00a0\u00a0\u00a0\u00a0 Pe\u015f\u0259karl\u0131\u011f\u0131 v\u0259 humanistliyi il\u0259 se\u00e7il\u0259n \u00f6mr\u00fcn\u00fcn\u00a0 \u0259n m\u0259hsuldar\u00a0 d\u00f6vr\u00fcn\u00fcn\u00a0 16 (on alt\u0131) ild\u0259n \u00e7oxunu Daxili \u0130\u015fl\u0259r Nazirliyinin Daxili Qo\u015funlar\u0131nda m\u00fcxt\u0259lif v\u0259zif\u0259l\u0259rd\u0259 ke\u00e7ir\u0259n 2-ci<\/p>\n","protected":false},"author":2,"featured_media":50045,"comment_status":"closed","ping_status":"closed","sticky":false,"template":"","format":"standard","meta":{"footnotes":""},"categories":[5],"tags":[],"class_list":["post-50039","post","type-post","status-publish","format-standard","has-post-thumbnail","hentry","category-veteran"],"aioseo_notices":[],"_links":{"self":[{"href":"https:\/\/fedai.az\/index.php?rest_route=\/wp\/v2\/posts\/50039","targetHints":{"allow":["GET"]}}],"collection":[{"href":"https:\/\/fedai.az\/index.php?rest_route=\/wp\/v2\/posts"}],"about":[{"href":"https:\/\/fedai.az\/index.php?rest_route=\/wp\/v2\/types\/post"}],"author":[{"embeddable":true,"href":"https:\/\/fedai.az\/index.php?rest_route=\/wp\/v2\/users\/2"}],"replies":[{"embeddable":true,"href":"https:\/\/fedai.az\/index.php?rest_route=%2Fwp%2Fv2%2Fcomments&post=50039"}],"version-history":[{"count":1,"href":"https:\/\/fedai.az\/index.php?rest_route=\/wp\/v2\/posts\/50039\/revisions"}],"predecessor-version":[{"id":50046,"href":"https:\/\/fedai.az\/index.php?rest_route=\/wp\/v2\/posts\/50039\/revisions\/50046"}],"wp:featuredmedia":[{"embeddable":true,"href":"https:\/\/fedai.az\/index.php?rest_route=\/wp\/v2\/media\/50045"}],"wp:attachment":[{"href":"https:\/\/fedai.az\/index.php?rest_route=%2Fwp%2Fv2%2Fmedia&parent=50039"}],"wp:term":[{"taxonomy":"category","embeddable":true,"href":"https:\/\/fedai.az\/index.php?rest_route=%2Fwp%2Fv2%2Fcategories&post=50039"},{"taxonomy":"post_tag","embeddable":true,"href":"https:\/\/fedai.az\/index.php?rest_route=%2Fwp%2Fv2%2Ftags&post=50039"}],"curies":[{"name":"wp","href":"https:\/\/api.w.org\/{rel}","templated":true}]}}