{"id":50073,"date":"2021-10-02T15:13:27","date_gmt":"2021-10-02T11:13:27","guid":{"rendered":"https:\/\/fedai.az\/?p=50073"},"modified":"2021-10-02T15:13:30","modified_gmt":"2021-10-02T11:13:30","slug":"ozunu-muharib%c9%99-%c9%99lili-kimi-t%c9%99qdim-ed%c9%99n-s%c9%99xs-ifsa-edildi","status":"publish","type":"post","link":"https:\/\/fedai.az\/?p=50073","title":{"rendered":"\u00d6z\u00fcn\u00fc m\u00fcharib\u0259 \u0259lili kimi t\u0259qdim ed\u0259n \u015f\u0259xs if\u015fa edildi"},"content":{"rendered":"\n<p><strong>\u201c\u0130kinci D\u00fcnya m\u00fcharib\u0259sind\u0259n sonra b\u0259zi adamlar h\u0259rbi paltar geyin\u0259r\u0259k bir s\u0131ra qanunsuz \u0259m\u0259ll\u0259r t\u00f6r\u0259tm\u0259y\u0259 ba\u015flad\u0131lar. \u201cNKVD\u201dnin ara\u015fd\u0131rmalar\u0131ndan sonra m\u0259lum olurdu ki, h\u0259min \u015f\u0259xsl\u0259r x\u0259st\u0259lik ad\u0131 il\u0259 m\u00fcharib\u0259d\u0259n yay\u0131n\u0131blar\u201d.<\/strong><\/p>\n\n\n\n<p>Bunu jurnalist v\u0259 yaz\u0131\u00e7\u0131 Az\u0259r Qism\u0259t \u00f6z\u00fcn\u00fcn sosial \u015f\u0259b\u0259k\u0259 hesab\u0131nda bildirib.<\/p>\n\n\n\n<p>O qeyd edib ki, Az\u0259rbaycanda ilk Qaraba\u011f m\u00fcharib\u0259sind\u0259n sonra da b\u0259zi \u015f\u0259xsl\u0259r h\u0259rbi paltar geyin\u0259r\u0259k sui-istifad\u0259 hallar\u0131na yol verdil\u0259r, b\u0259zil\u0259ri obyekt&nbsp;sahibi oldular.<\/p>\n\n\n\n<p>\u201cArt\u0131q 44 g\u00fcnl\u00fck z\u0259f\u0259r sava\u015f\u0131ndan sonra da bel\u0259 hallar m\u00fc\u015fahid\u0259 edilm\u0259kd\u0259dir\u201d, &#8212; dey\u0259n A. Qism\u0259t \u0259lav\u0259 edib ki, b\u0259zi sosial \u015f\u0259b\u0259k\u0259l\u0259rd\u0259 Bak\u0131 \u015f\u0259h\u0259r sakini M\u00fcrs\u0259lov Bab\u0259k Alb\u0259nd\u0259 o\u011fluna yard\u0131m g\u00f6st\u0259rilm\u0259si haqq\u0131nda m\u0259lumat yay\u0131ld\u0131:<\/p>\n\n\n\n<p>\u201c\u018fm\u0259k v\u0259 \u018fhalinin Sosial M\u00fcdafi\u0259 Nazirliyi il\u0259 \u0259laq\u0259 saxlad\u0131m. Oradan m\u0259n\u0259 deyildi ki, Bab\u0259k M\u00fcrs\u0259lov he\u00e7 vaxt h\u0259rbi s\u0259b\u0259bl\u0259rd\u0259n \u0259lil olmay\u0131b. Ona birinci d\u0259f\u0259 2009-cu ild\u0259 \u00fcmumi s\u0259b\u0259bd\u0259n be\u015f&nbsp;il m\u00fcdd\u0259tin\u0259 2-ci qrup \u0259lillik t\u0259yinat\u0131 apar\u0131l\u0131b. 2016-c\u0131 ild\u0259 m\u0259lum q\u0259rardan sonra v\u0259t\u0259nda\u015f\u0131n \u0259lillik d\u0259r\u0259c\u0259si he\u00e7 bir m\u00fcayin\u0259 apar\u0131lmadan avtomatik be\u015f&nbsp;il m\u00fcdd\u0259tin\u0259 uzad\u0131l\u0131b. \u018flillik m\u00fcdd\u0259ti bitdikd\u0259n sonra onun yeni g\u00f6nd\u0259ri\u015fi bu d\u0259f\u0259 h\u0259rbi s\u0259b\u0259b il\u0259 \u0259laq\u0259dar r\u0259smil\u0259\u015fdirilib v\u0259 diaqnoz \u0259lillik \u0259lam\u0259ti t\u0259yin etm\u0259diyind\u0259n ona \u0259lillik t\u0259yin olunmay\u0131b. M\u00fcraci\u0259ti \u0259sas\u0131nda Bab\u0259k M\u00fcrs\u0259lov \u0259yani m\u00fcayin\u0259 edil\u0259rk\u0259n d\u0259 g\u00f6nd\u0259ri\u015fd\u0259 qeyd edil\u0259n diaqnoz t\u0259sdiqini tapmay\u0131b. O, art\u0131q bir ne\u00e7\u0259 d\u0259f\u0259 \u0259yani m\u00fcayin\u0259d\u0259 i\u015ftirak edib v\u0259 onunla ba\u011fl\u0131 q\u0259rar d\u0259yi\u015fm\u0259yib\u201d.<\/p>\n\n\n\n<p>A.Qism\u0259t vur\u011fulay\u0131b ki, h\u0259rb v\u0259 qazilik ad\u0131ndan istifad\u0259 etm\u0259k \u0259sl \u015f\u0259hid v\u0259 qazil\u0259rimizin ad\u0131na t\u0259hqirdir.<\/p>\n\n\n\n<p>M\u0259nb\u0259: oxu.az<\/p>\n","protected":false},"excerpt":{"rendered":"<p>\u201c\u0130kinci D\u00fcnya m\u00fcharib\u0259sind\u0259n sonra b\u0259zi adamlar h\u0259rbi paltar geyin\u0259r\u0259k bir s\u0131ra qanunsuz \u0259m\u0259ll\u0259r t\u00f6r\u0259tm\u0259y\u0259 ba\u015flad\u0131lar. \u201cNKVD\u201dnin ara\u015fd\u0131rmalar\u0131ndan sonra m\u0259lum olurdu ki, h\u0259min \u015f\u0259xsl\u0259r x\u0259st\u0259lik<\/p>\n","protected":false},"author":2,"featured_media":50074,"comment_status":"closed","ping_status":"closed","sticky":false,"template":"","format":"standard","meta":{"footnotes":""},"categories":[12],"tags":[],"class_list":["post-50073","post","type-post","status-publish","format-standard","has-post-thumbnail","hentry","category-sosial"],"aioseo_notices":[],"_links":{"self":[{"href":"https:\/\/fedai.az\/index.php?rest_route=\/wp\/v2\/posts\/50073","targetHints":{"allow":["GET"]}}],"collection":[{"href":"https:\/\/fedai.az\/index.php?rest_route=\/wp\/v2\/posts"}],"about":[{"href":"https:\/\/fedai.az\/index.php?rest_route=\/wp\/v2\/types\/post"}],"author":[{"embeddable":true,"href":"https:\/\/fedai.az\/index.php?rest_route=\/wp\/v2\/users\/2"}],"replies":[{"embeddable":true,"href":"https:\/\/fedai.az\/index.php?rest_route=%2Fwp%2Fv2%2Fcomments&post=50073"}],"version-history":[{"count":1,"href":"https:\/\/fedai.az\/index.php?rest_route=\/wp\/v2\/posts\/50073\/revisions"}],"predecessor-version":[{"id":50075,"href":"https:\/\/fedai.az\/index.php?rest_route=\/wp\/v2\/posts\/50073\/revisions\/50075"}],"wp:featuredmedia":[{"embeddable":true,"href":"https:\/\/fedai.az\/index.php?rest_route=\/wp\/v2\/media\/50074"}],"wp:attachment":[{"href":"https:\/\/fedai.az\/index.php?rest_route=%2Fwp%2Fv2%2Fmedia&parent=50073"}],"wp:term":[{"taxonomy":"category","embeddable":true,"href":"https:\/\/fedai.az\/index.php?rest_route=%2Fwp%2Fv2%2Fcategories&post=50073"},{"taxonomy":"post_tag","embeddable":true,"href":"https:\/\/fedai.az\/index.php?rest_route=%2Fwp%2Fv2%2Ftags&post=50073"}],"curies":[{"name":"wp","href":"https:\/\/api.w.org\/{rel}","templated":true}]}}