{"id":50080,"date":"2021-10-02T15:59:36","date_gmt":"2021-10-02T11:59:36","guid":{"rendered":"https:\/\/fedai.az\/?p=50080"},"modified":"2021-10-02T16:02:21","modified_gmt":"2021-10-02T12:02:21","slug":"saakasvili-h%c9%99bsxanadan-t%c9%99r%c9%99fdarlarina-m%c9%99ktub-yazib","status":"publish","type":"post","link":"https:\/\/fedai.az\/?p=50080","title":{"rendered":"Saaka\u015fvili h\u0259bsxanadan t\u0259r\u0259fdarlar\u0131na m\u0259ktub yaz\u0131b"},"content":{"rendered":"\n<p>G\u00fcrc\u00fcstanda saxlan\u0131lan eks-prezident&nbsp;Mixail Saaka\u015fvili&nbsp;c\u0259za\u00e7\u0259km\u0259 m\u00fc\u0259ssis\u0259sind\u0259n t\u0259r\u0259fdarlar\u0131na m\u0259ktub g\u00f6nd\u0259rib. O, Kiyevd\u0259n G\u00fcrc\u00fcstana g\u0259l\u0259rk\u0259n saxlan\u0131laca\u011f\u0131n\u0131 g\u00f6zl\u0259diyini bildirib.<\/p>\n\n\n\n<p><strong>\u201cM\u0259nim azadl\u0131\u011f\u0131m v\u0259 daha \u00f6n\u0259mlisi G\u00fcrc\u00fcstan\u0131n azadl\u0131\u011f\u0131 sizin f\u0259all\u0131\u011f\u0131n\u0131z v\u0259 yax\u0131n g\u00fcnl\u0259rd\u0259ki m\u00fcbariz ruhunuzdan as\u0131l\u0131 olacaq. Beyn\u0259lxalq d\u0259st\u0259k d\u0259 bundan as\u0131l\u0131d\u0131r. Xahi\u015f edir\u0259m, \u015f\u00fcbh\u0259 etm\u0259yin v\u0259 sona q\u0259d\u0259r inan\u0131n ki, q\u0259l\u0259b\u0259miz \u00f6z \u0259limizd\u0259dir. Sizi sevir\u0259m\u201d<\/strong>, \u2013 m\u0259ktubda deyilir.<\/p>\n\n\n\n<figure class=\"wp-block-image size-large is-resized\"><img loading=\"lazy\" decoding=\"async\" src=\"https:\/\/fedai.az\/wp-content\/uploads\/2021\/10\/safe_image-2.jpg\" alt=\"\" class=\"wp-image-50082\" width=\"928\" height=\"484\" srcset=\"https:\/\/fedai.az\/wp-content\/uploads\/2021\/10\/safe_image-2.jpg 500w, https:\/\/fedai.az\/wp-content\/uploads\/2021\/10\/safe_image-2-300x157.jpg 300w, https:\/\/fedai.az\/wp-content\/uploads\/2021\/10\/safe_image-2-150x78.jpg 150w\" sizes=\"auto, (max-width: 928px) 100vw, 928px\" \/><\/figure>\n","protected":false},"excerpt":{"rendered":"<p>G\u00fcrc\u00fcstanda saxlan\u0131lan eks-prezident&nbsp;Mixail Saaka\u015fvili&nbsp;c\u0259za\u00e7\u0259km\u0259 m\u00fc\u0259ssis\u0259sind\u0259n t\u0259r\u0259fdarlar\u0131na m\u0259ktub g\u00f6nd\u0259rib. O, Kiyevd\u0259n G\u00fcrc\u00fcstana g\u0259l\u0259rk\u0259n saxlan\u0131laca\u011f\u0131n\u0131 g\u00f6zl\u0259diyini bildirib. \u201cM\u0259nim azadl\u0131\u011f\u0131m v\u0259 daha \u00f6n\u0259mlisi G\u00fcrc\u00fcstan\u0131n azadl\u0131\u011f\u0131 sizin f\u0259all\u0131\u011f\u0131n\u0131z<\/p>\n","protected":false},"author":2,"featured_media":49982,"comment_status":"closed","ping_status":"closed","sticky":false,"template":"","format":"standard","meta":{"footnotes":""},"categories":[13],"tags":[],"class_list":["post-50080","post","type-post","status-publish","format-standard","has-post-thumbnail","hentry","category-xarici"],"aioseo_notices":[],"_links":{"self":[{"href":"https:\/\/fedai.az\/index.php?rest_route=\/wp\/v2\/posts\/50080","targetHints":{"allow":["GET"]}}],"collection":[{"href":"https:\/\/fedai.az\/index.php?rest_route=\/wp\/v2\/posts"}],"about":[{"href":"https:\/\/fedai.az\/index.php?rest_route=\/wp\/v2\/types\/post"}],"author":[{"embeddable":true,"href":"https:\/\/fedai.az\/index.php?rest_route=\/wp\/v2\/users\/2"}],"replies":[{"embeddable":true,"href":"https:\/\/fedai.az\/index.php?rest_route=%2Fwp%2Fv2%2Fcomments&post=50080"}],"version-history":[{"count":2,"href":"https:\/\/fedai.az\/index.php?rest_route=\/wp\/v2\/posts\/50080\/revisions"}],"predecessor-version":[{"id":50083,"href":"https:\/\/fedai.az\/index.php?rest_route=\/wp\/v2\/posts\/50080\/revisions\/50083"}],"wp:featuredmedia":[{"embeddable":true,"href":"https:\/\/fedai.az\/index.php?rest_route=\/wp\/v2\/media\/49982"}],"wp:attachment":[{"href":"https:\/\/fedai.az\/index.php?rest_route=%2Fwp%2Fv2%2Fmedia&parent=50080"}],"wp:term":[{"taxonomy":"category","embeddable":true,"href":"https:\/\/fedai.az\/index.php?rest_route=%2Fwp%2Fv2%2Fcategories&post=50080"},{"taxonomy":"post_tag","embeddable":true,"href":"https:\/\/fedai.az\/index.php?rest_route=%2Fwp%2Fv2%2Ftags&post=50080"}],"curies":[{"name":"wp","href":"https:\/\/api.w.org\/{rel}","templated":true}]}}