{"id":50084,"date":"2021-10-02T16:21:16","date_gmt":"2021-10-02T12:21:16","guid":{"rendered":"https:\/\/fedai.az\/?p=50084"},"modified":"2021-10-02T16:21:21","modified_gmt":"2021-10-02T12:21:21","slug":"gyf-d%c9%99-sanli-z%c9%99f%c9%99rimiz-adli-anim-t%c9%99dbiri-kecirilib","status":"publish","type":"post","link":"https:\/\/fedai.az\/?p=50084","title":{"rendered":"GYF-d\u0259 \u201c\u015eanl\u0131 Z\u0259f\u0259rimiz\u201d adl\u0131 An\u0131m t\u0259dbiri ke\u00e7irilib"},"content":{"rendered":"\n<p><strong>Bu g\u00fcn \u201cQarda\u015fl\u0131\u011f\u0131m\u0131z \u018fb\u0259didir\u201d QHT Koalisiyas\u0131n\u0131n tariximizin \u015fanl\u0131 s\u0259hif\u0259sin\u0259 \u00e7evril\u0259n 27 sentyabr II Qaraba\u011f m\u00fcharib\u0259sinin ba\u015flanmas\u0131 v\u0259 bu yolda canlar\u0131n\u0131 f\u0259da ed\u0259n c\u0259sur V\u0259t\u0259n M\u00fcharib\u0259si \u015f\u0259hidl\u0259rinin xatir\u0259sin\u0259 h\u0259sr olunmu\u015f \u201c\u015eanl\u0131 Z\u0259f\u0259rimiz\u201d adl\u0131 an\u0131m t\u0259dbiri ke\u00e7irilib. T\u0259dbird\u0259 T\u00fcrkiy\u0259 C\u00fcmhuriyy\u0259tinin Az\u0259rbaycandak\u0131 f\u00f6vqal\u0259d\u0259 v\u0259 s\u0259aliyy\u0259tli s\u0259firi Do\u00e7. Dr. Cahit Ba\u011fc\u0131, T\u00fcrkiy\u0259 C\u00fcmhuriyy\u0259ti Bak\u0131 B\u00f6y\u00fck El\u00e7iliyi Din Hizmetleri M\u00fc\u015faviri Zeki Yavuzy\u0131lmaz, mill\u0259t v\u0259kill\u0259ri Ceyhun M\u0259mm\u0259dov v\u0259 Anar \u0130sg\u0259nd\u0259rov, QHT r\u0259hb\u0259rl\u0259ri, media t\u0259msil\u00e7il\u0259ri, m\u00fcxt\u0259lif d\u00f6vl\u0259t qurumlar\u0131n\u0131n n\u00fcmay\u0259nd\u0259l\u0259ri, ehtiyatda olan h\u0259rbi\u00e7il\u0259r, \u015f\u0259hid ail\u0259l\u0259ri, qazil\u0259r v\u0259 aliml\u0259r i\u015ftirak edib.<\/strong><\/p>\n\n\n\n<figure class=\"wp-block-image size-large\"><img loading=\"lazy\" decoding=\"async\" width=\"1024\" height=\"682\" src=\"https:\/\/fedai.az\/wp-content\/uploads\/2021\/10\/244407450_417290346583755_1550504760020237768_n.jpg\" alt=\"\" class=\"wp-image-50085\" srcset=\"https:\/\/fedai.az\/wp-content\/uploads\/2021\/10\/244407450_417290346583755_1550504760020237768_n.jpg 1024w, https:\/\/fedai.az\/wp-content\/uploads\/2021\/10\/244407450_417290346583755_1550504760020237768_n-300x200.jpg 300w, https:\/\/fedai.az\/wp-content\/uploads\/2021\/10\/244407450_417290346583755_1550504760020237768_n-150x100.jpg 150w, https:\/\/fedai.az\/wp-content\/uploads\/2021\/10\/244407450_417290346583755_1550504760020237768_n-768x512.jpg 768w\" sizes=\"auto, (max-width: 1024px) 100vw, 1024px\" \/><\/figure>\n\n\n\n<p><br>\u201cQarda\u015fl\u0131\u011f\u0131m\u0131z \u018fb\u0259didir\u201d QHT Koalisiyas\u0131n\u0131n v\u0259 \u201cT\u0259rxis Olunmu\u015f G\u0259ncl\u0259rin H\u0259rbi\u00e7il\u0259ri Maarifl\u0259ndirm\u0259 Birliyi\u201dnin s\u0259dri Emin H\u0259s\u0259nli t\u0259dbiri giri\u015f s\u00f6z\u00fc il\u0259 a\u00e7araq \u201cQarda\u015fl\u0131\u011f\u0131m\u0131z \u0259b\u0259didir\u201d QHT Koalisiyas\u0131n\u0131n diqq\u0259tinin h\u0259r zaman \u015f\u0259hid ail\u0259l\u0259ri v\u0259 qazil\u0259rin \u00fcz\u0259rind\u0259 oldu\u011funu v\u0259 koalisiyan\u0131n bu kimi t\u0259dbirl\u0259ri daim t\u0259\u015fkil etdiyini qeyd edib.<\/p>\n\n\n\n<p><br>T\u00fcrkiy\u0259 C\u00fcmhuriyy\u0259tinin Az\u0259rbaycandak\u0131 f\u00f6vqal\u0259d\u0259 v\u0259 s\u0259aliyy\u0259tli s\u0259firi Do\u00e7. Dr. Cahit Ba\u011fc\u0131 Az\u0259rbaycan T\u00fcrkiy\u0259 aras\u0131ndak\u0131 qarda\u015fl\u0131q m\u00fcnasib\u0259tl\u0259rinin b\u00f6y\u00fckl\u00fcy\u00fcn\u0259 v\u0259 g\u00fcc\u00fcn\u0259 V\u0259t\u0259n M\u00fcharib\u0259sind\u0259 bir daha \u015fahidlik edildiyini, Az\u0259rbaycan\u0131n haqq davas\u0131nda, i\u015f\u011fal alt\u0131nda olan 20% torpaqlar\u0131n\u0131n geri qaytar\u0131lmas\u0131nda ba\u015fda \u0130lham \u018fliyev olmaqla b\u00fct\u00fcn Az\u0259rbaycan\u0131n rolu v\u0259 \u0259m\u0259yinin oldu\u011funu, h\u0259m\u00e7inin Az\u0259rbaycan\u0131 h\u0259r zaman \u00f6z\u00fcn\u0259 qarda\u015f hesab ed\u0259n T\u00fcrkiy\u0259 Respublikas\u0131 ikinci Qaraba\u011f M\u00fcharib\u0259sind\u0259 \u00f6z d\u0259st\u0259yini \u0259sirg\u0259m\u0259diyini bildirib.<\/p>\n\n\n\n<figure class=\"wp-block-image size-large\"><img loading=\"lazy\" decoding=\"async\" width=\"1024\" height=\"682\" src=\"https:\/\/fedai.az\/wp-content\/uploads\/2021\/10\/244410748_621127802211983_4862689325173166199_n.jpg\" alt=\"\" class=\"wp-image-50086\" srcset=\"https:\/\/fedai.az\/wp-content\/uploads\/2021\/10\/244410748_621127802211983_4862689325173166199_n.jpg 1024w, https:\/\/fedai.az\/wp-content\/uploads\/2021\/10\/244410748_621127802211983_4862689325173166199_n-300x200.jpg 300w, https:\/\/fedai.az\/wp-content\/uploads\/2021\/10\/244410748_621127802211983_4862689325173166199_n-150x100.jpg 150w, https:\/\/fedai.az\/wp-content\/uploads\/2021\/10\/244410748_621127802211983_4862689325173166199_n-768x512.jpg 768w\" sizes=\"auto, (max-width: 1024px) 100vw, 1024px\" \/><\/figure>\n\n\n\n<p><br>Mill\u0259t v\u0259kili Ceyhun M\u0259mm\u0259dov \u00e7\u0131x\u0131\u015f ed\u0259r\u0259k bildirib ki, \u015f\u0259hidl\u0259rin v\u0259 qazil\u0259rin say\u0259sind\u0259 art\u0131q torpaqlar\u0131m\u0131z azad edilib, onlar\u0131n qorxmazl\u0131\u011f\u0131, c\u0259sar\u0259ti v\u0259 \u015f\u00fcca\u0259ti n\u0259tic\u0259sind\u0259 bizl\u0259r v\u0259t\u0259nimizin b\u00fct\u00f6vl\u00fcy\u00fcn\u00fcn \u015fahidi oluruq. Tarix elml\u0259ri doktoru, professor Anar \u0130sg\u0259nd\u0259rov Az\u0259rbaycan tarixinin q\u0259l\u0259b\u0259l\u0259rl\u0259 z\u0259ngin oldu\u011funu, h\u0259r bir az\u0259rbaycanl\u0131n\u0131n v\u0259t\u0259nin azadl\u0131\u011f\u0131 u\u011frunda canlar\u0131ndan ke\u00e7m\u0259y\u0259 haz\u0131r olduqlar\u0131n\u0131, amma bu z\u0259f\u0259rin, \u0259vv\u0259lkil\u0259rd\u0259n daha \u015fanl\u0131, daha ali bir z\u0259f\u0259r oldu\u011funu qeyd edib.<\/p>\n\n\n\n<figure class=\"wp-block-image size-large\"><img loading=\"lazy\" decoding=\"async\" width=\"1024\" height=\"682\" src=\"https:\/\/fedai.az\/wp-content\/uploads\/2021\/10\/244399418_599757211047865_2376871601332122653_n.jpg\" alt=\"\" class=\"wp-image-50087\" srcset=\"https:\/\/fedai.az\/wp-content\/uploads\/2021\/10\/244399418_599757211047865_2376871601332122653_n.jpg 1024w, https:\/\/fedai.az\/wp-content\/uploads\/2021\/10\/244399418_599757211047865_2376871601332122653_n-300x200.jpg 300w, https:\/\/fedai.az\/wp-content\/uploads\/2021\/10\/244399418_599757211047865_2376871601332122653_n-150x100.jpg 150w, https:\/\/fedai.az\/wp-content\/uploads\/2021\/10\/244399418_599757211047865_2376871601332122653_n-768x512.jpg 768w\" sizes=\"auto, (max-width: 1024px) 100vw, 1024px\" \/><\/figure>\n\n\n\n<p>General-leytenat Ya\u015far Ayd\u0259mirov is\u0259 Az\u0259rabaycan\u0131n h\u0259rb tarixind\u0259n, d\u00f6y\u00fc\u015f taktikalar\u0131 v\u0259 strateji planlar\u0131ndan b\u0259hs edib. V\u0259t\u0259n m\u00fcharib\u0259sinin qazil\u0259ri XTQ-nin ba\u015f giziri Bani-Pa\u015fa \u018fv\u0259z v\u0259 ba\u015f gizir M\u0259mm\u0259dov Mahir \u00f6z \u00e7\u0131x\u0131\u015flar\u0131nda V\u0259t\u0259n m\u00fcharib\u0259sind\u0259ki Az\u0259rbaycan ordusunun \u015f\u00fcca\u0259tind\u0259n b\u0259hs edib v\u0259 m\u0259\u011frur az\u0259rbaycan xalq\u0131na \u00f6z t\u0259\u015f\u0259kk\u00fcrl\u0259rini bildiribl\u0259r.<\/p>\n\n\n\n<p><br>Daha sonra \u00e7\u0131x\u0131\u015f ed\u0259n G\u0259ncliy\u0259 Yard\u0131m Fondunun prezidenti c\u0259nab Ahmet Tecim 27 sentyabrdan ba\u015flayan 44 g\u00fcnl\u00fck m\u00fcharib\u0259nin milli-m\u0259n\u0259vi duy\u011fular\u0131, Az\u0259rbaycan xalq\u0131n\u0131n, x\u00fcsusi il\u0259 g\u0259ncl\u0259r v\u0259 u\u015faqlar\u0131n \u00f6z\u00fcn\u0259inam\u0131n\u0131, d\u00f6vl\u0259t\u0259 inam\u0131n\u0131 g\u00fccl\u0259ndirdi. Bu yolda V\u0259t\u0259n M\u00fcharib\u0259si \u015f\u0259hidl\u0259rinin v\u0259 qazil\u0259rinin \u0259m\u0259yi \u00f6d\u0259nilm\u0259zdir. Bizl\u0259r d\u0259 daim onlar\u0131n qay\u011f\u0131s\u0131na qalmal\u0131y\u0131q, \u015f\u0259hid ail\u0259l\u0259ri v\u0259 qazil\u0259ri daim diqq\u0259td\u0259 saxlamal\u0131y\u0131q dey\u0259 qeyd edib.<\/p>\n\n\n\n<figure class=\"wp-block-image size-large\"><img loading=\"lazy\" decoding=\"async\" width=\"1024\" height=\"682\" src=\"https:\/\/fedai.az\/wp-content\/uploads\/2021\/10\/244414179_2652426745054206_3626790395721594596_n.jpg\" alt=\"\" class=\"wp-image-50088\" srcset=\"https:\/\/fedai.az\/wp-content\/uploads\/2021\/10\/244414179_2652426745054206_3626790395721594596_n.jpg 1024w, https:\/\/fedai.az\/wp-content\/uploads\/2021\/10\/244414179_2652426745054206_3626790395721594596_n-300x200.jpg 300w, https:\/\/fedai.az\/wp-content\/uploads\/2021\/10\/244414179_2652426745054206_3626790395721594596_n-150x100.jpg 150w, https:\/\/fedai.az\/wp-content\/uploads\/2021\/10\/244414179_2652426745054206_3626790395721594596_n-768x512.jpg 768w\" sizes=\"auto, (max-width: 1024px) 100vw, 1024px\" \/><\/figure>\n\n\n\n<p><br>T\u0259dbirin sonunda T\u00fcrkiy\u0259 C\u00fcmhuriyy\u0259ti Bak\u0131 B\u00f6y\u00fck El\u00e7iliyi Din Hizmetleri M\u00fc\u015faviri Zeki Yavuzy\u0131lmaz t\u0259r\u0259find\u0259n \u015f\u0259hidl\u0259rimizin ruhuna dua oxunub v\u0259 \u015f\u0259hidl\u0259rimiz \u00fc\u00e7\u00fcn ehsan s\u00fcfr\u0259si a\u00e7\u0131l\u0131b.<\/p>\n\n\n\n<figure class=\"wp-block-image size-large\"><img loading=\"lazy\" decoding=\"async\" width=\"1024\" height=\"682\" src=\"https:\/\/fedai.az\/wp-content\/uploads\/2021\/10\/244360691_622069925838744_4083697660845433977_n.jpg\" alt=\"\" class=\"wp-image-50089\" srcset=\"https:\/\/fedai.az\/wp-content\/uploads\/2021\/10\/244360691_622069925838744_4083697660845433977_n.jpg 1024w, https:\/\/fedai.az\/wp-content\/uploads\/2021\/10\/244360691_622069925838744_4083697660845433977_n-300x200.jpg 300w, https:\/\/fedai.az\/wp-content\/uploads\/2021\/10\/244360691_622069925838744_4083697660845433977_n-150x100.jpg 150w, https:\/\/fedai.az\/wp-content\/uploads\/2021\/10\/244360691_622069925838744_4083697660845433977_n-768x512.jpg 768w\" sizes=\"auto, (max-width: 1024px) 100vw, 1024px\" \/><\/figure>\n","protected":false},"excerpt":{"rendered":"<p>Bu g\u00fcn \u201cQarda\u015fl\u0131\u011f\u0131m\u0131z \u018fb\u0259didir\u201d QHT Koalisiyas\u0131n\u0131n tariximizin \u015fanl\u0131 s\u0259hif\u0259sin\u0259 \u00e7evril\u0259n 27 sentyabr II Qaraba\u011f m\u00fcharib\u0259sinin ba\u015flanmas\u0131 v\u0259 bu yolda canlar\u0131n\u0131 f\u0259da ed\u0259n c\u0259sur V\u0259t\u0259n<\/p>\n","protected":false},"author":2,"featured_media":50090,"comment_status":"closed","ping_status":"closed","sticky":false,"template":"","format":"standard","meta":{"footnotes":""},"categories":[3],"tags":[],"class_list":["post-50084","post","type-post","status-publish","format-standard","has-post-thumbnail","hentry","category-gundm"],"aioseo_notices":[],"_links":{"self":[{"href":"https:\/\/fedai.az\/index.php?rest_route=\/wp\/v2\/posts\/50084","targetHints":{"allow":["GET"]}}],"collection":[{"href":"https:\/\/fedai.az\/index.php?rest_route=\/wp\/v2\/posts"}],"about":[{"href":"https:\/\/fedai.az\/index.php?rest_route=\/wp\/v2\/types\/post"}],"author":[{"embeddable":true,"href":"https:\/\/fedai.az\/index.php?rest_route=\/wp\/v2\/users\/2"}],"replies":[{"embeddable":true,"href":"https:\/\/fedai.az\/index.php?rest_route=%2Fwp%2Fv2%2Fcomments&post=50084"}],"version-history":[{"count":1,"href":"https:\/\/fedai.az\/index.php?rest_route=\/wp\/v2\/posts\/50084\/revisions"}],"predecessor-version":[{"id":50091,"href":"https:\/\/fedai.az\/index.php?rest_route=\/wp\/v2\/posts\/50084\/revisions\/50091"}],"wp:featuredmedia":[{"embeddable":true,"href":"https:\/\/fedai.az\/index.php?rest_route=\/wp\/v2\/media\/50090"}],"wp:attachment":[{"href":"https:\/\/fedai.az\/index.php?rest_route=%2Fwp%2Fv2%2Fmedia&parent=50084"}],"wp:term":[{"taxonomy":"category","embeddable":true,"href":"https:\/\/fedai.az\/index.php?rest_route=%2Fwp%2Fv2%2Fcategories&post=50084"},{"taxonomy":"post_tag","embeddable":true,"href":"https:\/\/fedai.az\/index.php?rest_route=%2Fwp%2Fv2%2Ftags&post=50084"}],"curies":[{"name":"wp","href":"https:\/\/api.w.org\/{rel}","templated":true}]}}