{"id":50094,"date":"2021-10-03T00:12:10","date_gmt":"2021-10-02T20:12:10","guid":{"rendered":"https:\/\/fedai.az\/?p=50094"},"modified":"2021-10-03T00:12:14","modified_gmt":"2021-10-02T20:12:14","slug":"prezident-misir-m%c9%99rdanovu-t%c9%99ltif-etdi","status":"publish","type":"post","link":"https:\/\/fedai.az\/?p=50094","title":{"rendered":"Prezident Misir M\u0259rdanovu t\u0259ltif etdi"},"content":{"rendered":"\n<p><strong>Az\u0259rbaycan Respublikas\u0131n\u0131n ictimai-siyasi h\u0259yat\u0131nda v\u0259 elmi-pedaqoji sah\u0259d\u0259 uzunm\u00fcdd\u0259tli s\u0259m\u0259r\u0259li f\u0259aliyy\u0259tin\u0259 g\u00f6r\u0259 Misir Cumail o\u011flu M\u0259rdanov 1-ci d\u0259r\u0259c\u0259li \u201cV\u0259t\u0259n\u0259 xidm\u0259t\u0259 g\u00f6r\u0259\u201d ordeni il\u0259 t\u0259ltif edilib.<\/strong><\/p>\n\n\n\n<p>Bununla ba\u011fl\u0131 Prezident \u0130lham \u018fliyev s\u0259r\u0259ncam imzalay\u0131b.<\/p>\n\n\n\n<p>Qeyd ed\u0259k ki, sabah Misir M\u0259rdanovun 75 ya\u015f\u0131 tamam olur.<\/p>\n\n\n\n<figure class=\"wp-block-image size-large\"><img loading=\"lazy\" decoding=\"async\" width=\"1024\" height=\"682\" src=\"https:\/\/fedai.az\/wp-content\/uploads\/2021\/10\/misir-merdanov-1024x682.jpg\" alt=\"\" class=\"wp-image-50095\" srcset=\"https:\/\/fedai.az\/wp-content\/uploads\/2021\/10\/misir-merdanov-1024x682.jpg 1024w, https:\/\/fedai.az\/wp-content\/uploads\/2021\/10\/misir-merdanov-300x200.jpg 300w, https:\/\/fedai.az\/wp-content\/uploads\/2021\/10\/misir-merdanov-150x100.jpg 150w, https:\/\/fedai.az\/wp-content\/uploads\/2021\/10\/misir-merdanov-768x512.jpg 768w, https:\/\/fedai.az\/wp-content\/uploads\/2021\/10\/misir-merdanov.jpg 1103w\" sizes=\"auto, (max-width: 1024px) 100vw, 1024px\" \/><\/figure>\n","protected":false},"excerpt":{"rendered":"<p>Az\u0259rbaycan Respublikas\u0131n\u0131n ictimai-siyasi h\u0259yat\u0131nda v\u0259 elmi-pedaqoji sah\u0259d\u0259 uzunm\u00fcdd\u0259tli s\u0259m\u0259r\u0259li f\u0259aliyy\u0259tin\u0259 g\u00f6r\u0259 Misir Cumail o\u011flu M\u0259rdanov 1-ci d\u0259r\u0259c\u0259li \u201cV\u0259t\u0259n\u0259 xidm\u0259t\u0259 g\u00f6r\u0259\u201d ordeni il\u0259 t\u0259ltif edilib.<\/p>\n","protected":false},"author":2,"featured_media":50096,"comment_status":"closed","ping_status":"closed","sticky":false,"template":"","format":"standard","meta":{"footnotes":""},"categories":[3],"tags":[],"class_list":["post-50094","post","type-post","status-publish","format-standard","has-post-thumbnail","hentry","category-gundm"],"aioseo_notices":[],"_links":{"self":[{"href":"https:\/\/fedai.az\/index.php?rest_route=\/wp\/v2\/posts\/50094","targetHints":{"allow":["GET"]}}],"collection":[{"href":"https:\/\/fedai.az\/index.php?rest_route=\/wp\/v2\/posts"}],"about":[{"href":"https:\/\/fedai.az\/index.php?rest_route=\/wp\/v2\/types\/post"}],"author":[{"embeddable":true,"href":"https:\/\/fedai.az\/index.php?rest_route=\/wp\/v2\/users\/2"}],"replies":[{"embeddable":true,"href":"https:\/\/fedai.az\/index.php?rest_route=%2Fwp%2Fv2%2Fcomments&post=50094"}],"version-history":[{"count":1,"href":"https:\/\/fedai.az\/index.php?rest_route=\/wp\/v2\/posts\/50094\/revisions"}],"predecessor-version":[{"id":50097,"href":"https:\/\/fedai.az\/index.php?rest_route=\/wp\/v2\/posts\/50094\/revisions\/50097"}],"wp:featuredmedia":[{"embeddable":true,"href":"https:\/\/fedai.az\/index.php?rest_route=\/wp\/v2\/media\/50096"}],"wp:attachment":[{"href":"https:\/\/fedai.az\/index.php?rest_route=%2Fwp%2Fv2%2Fmedia&parent=50094"}],"wp:term":[{"taxonomy":"category","embeddable":true,"href":"https:\/\/fedai.az\/index.php?rest_route=%2Fwp%2Fv2%2Fcategories&post=50094"},{"taxonomy":"post_tag","embeddable":true,"href":"https:\/\/fedai.az\/index.php?rest_route=%2Fwp%2Fv2%2Ftags&post=50094"}],"curies":[{"name":"wp","href":"https:\/\/api.w.org\/{rel}","templated":true}]}}