{"id":50101,"date":"2021-10-03T00:53:23","date_gmt":"2021-10-02T20:53:23","guid":{"rendered":"https:\/\/fedai.az\/?p=50101"},"modified":"2021-10-03T00:53:27","modified_gmt":"2021-10-02T20:53:27","slug":"%c9%99fsan%c9%99vi-turk-xaqaninin-m%c9%99zari-tapildi-tarixcil%c9%99ri-mat-qoyan-iddia","status":"publish","type":"post","link":"https:\/\/fedai.az\/?p=50101","title":{"rendered":"\u018ffsan\u0259vi T\u00fcrk xaqan\u0131n\u0131n m\u0259zar\u0131 tap\u0131ld\u0131? &#8212; Tarix\u00e7il\u0259ri mat qoyan \u0130DD\u0130A"},"content":{"rendered":"\n<p><strong>O\u011fuzlar\u0131n ulu \u0259cdad\u0131 hesab olunan \u0259fsan\u0259vi t\u00fcrk xaqan\u0131 Alp \u018fr Tonqan\u0131n m\u0259zar\u0131n\u0131n tap\u0131ld\u0131\u011f\u0131 iddia olunur.<\/strong><\/p>\n\n\n\n<p>&#171;Odatv&#187; x\u0259b\u0259r\u00a0verir ki, bu iddia il\u0259 T\u00fcrkiy\u0259 Qazi Universitetinin professoru Necati Demir \u00e7\u0131x\u0131\u015f edib.<\/p>\n\n\n\n<p>Tarixi m\u0259nb\u0259l\u0259r\u0259 \u0259sas\u0259n, T\u00fcrk xaqan\u0131 Alp \u018fr Tonqa eram\u0131zdan \u0259vv\u0259l VII \u0259srd\u0259 ya\u015fay\u0131b. O d\u00f6vrd\u0259 Altaylardan Qafqaza q\u0259d\u0259r uzanan geni\u015f co\u011frafiyada Turan \u0130mperiyas\u0131 qurdu\u011fu bildirilir. T\u00fcrk tarixinin \u0259n q\u0259dim \u0259d\u0259bi v\u0259 siyasi \u0259s\u0259rl\u0259rind\u0259n say\u0131lan &#171;Divan\u00fc-L\u00fcgat-it-T\u00fcrk&#187; v\u0259 &#171;Qutadqu Bilik&#187;d\u0259 \u0259fsan\u0259vi h\u00f6kmdardan b\u0259hs edilib. Eyni zamanda, Firdovsinin &#171;\u015eahnam\u0259&#187; poemas\u0131ndak\u0131 \u018ffrasiyab\u0131n da Alp \u018fr Tonqa oldu\u011fu bildirilir.<\/p>\n\n\n\n<p>Alp \u018fr Tonqan\u0131n m\u0259zar\u0131 indiy\u0259 kimi daha \u00e7ox T\u00fcrkm\u0259nistan\u0131n M\u0259rv \u015f\u0259h\u0259rind\u0259 axtar\u0131l\u0131rd\u0131. \u00c7\u00fcnki h\u0259min \u015f\u0259h\u0259rin tarixinin m\u0259hz onun ad\u0131 il\u0259 ba\u015fland\u0131\u011f\u0131 deyilir.<\/p>\n\n\n\n<p>Professor Necati Demir is\u0259 Alp \u018fr Tonqan\u0131n m\u0259zar\u0131n\u0131 \u00d6zb\u0259kistan\u0131n Buxara \u015f\u0259h\u0259rind\u0259 tapd\u0131\u011f\u0131n\u0131 iddia edib:<\/p>\n\n\n\n<p><strong>&#171;T\u00fcrk d\u00fcnyas\u0131na say\u011f\u0131 il\u0259 b\u0259yan edirik ki, t\u00fcrkl\u00fcy\u00fcn ulu \u0259cdad\u0131 Alp \u018fr Tonqan\u0131n m\u0259zar\u0131 Buxarada t\u0259r\u0259fimizd\u0259n tap\u0131l\u0131b. T\u00fcrk d\u00fcnyas\u0131na salam olsun&#8230;<\/strong><\/p>\n\n\n\n<p>Q\u0259dim \u0259r\u0259b v\u0259 fars m\u0259nb\u0259l\u0259rind\u0259 Alp \u018fr Tonqan\u0131n m\u0259zar\u0131n\u0131n Buxarada oldu\u011fu yaz\u0131l\u0131b. Bu i\u015fd\u0259 yerli tarix\u00e7il\u0259r v\u0259 t\u0259dqiqat\u00e7\u0131lardan d\u0259st\u0259k ald\u0131m. M\u0259zarla ba\u011fl\u0131 detallar\u0131 qar\u015f\u0131dak\u0131 g\u00fcnl\u0259rd\u0259 a\u00e7\u0131qlayacam&#187;.<\/p>\n\n\n\n<p>Lakin tarix\u00e7il\u0259r professorun bu a\u00e7\u0131qlamas\u0131na h\u0259l\u0259 ki skeptik yana\u015faraq, onun iddias\u0131n\u0131 t\u0259sdiql\u0259m\u0259y\u0259 t\u0259l\u0259smirl\u0259r.<\/p>\n\n\n\n<p>M\u0259nb\u0259: Yenicag<\/p>\n","protected":false},"excerpt":{"rendered":"<p>O\u011fuzlar\u0131n ulu \u0259cdad\u0131 hesab olunan \u0259fsan\u0259vi t\u00fcrk xaqan\u0131 Alp \u018fr Tonqan\u0131n m\u0259zar\u0131n\u0131n tap\u0131ld\u0131\u011f\u0131 iddia olunur. &#171;Odatv&#187; x\u0259b\u0259r\u00a0verir ki, bu iddia il\u0259 T\u00fcrkiy\u0259 Qazi Universitetinin<\/p>\n","protected":false},"author":2,"featured_media":50103,"comment_status":"closed","ping_status":"closed","sticky":false,"template":"","format":"standard","meta":{"footnotes":""},"categories":[7],"tags":[],"class_list":["post-50101","post","type-post","status-publish","format-standard","has-post-thumbnail","hentry","category-tarix"],"aioseo_notices":[],"_links":{"self":[{"href":"https:\/\/fedai.az\/index.php?rest_route=\/wp\/v2\/posts\/50101","targetHints":{"allow":["GET"]}}],"collection":[{"href":"https:\/\/fedai.az\/index.php?rest_route=\/wp\/v2\/posts"}],"about":[{"href":"https:\/\/fedai.az\/index.php?rest_route=\/wp\/v2\/types\/post"}],"author":[{"embeddable":true,"href":"https:\/\/fedai.az\/index.php?rest_route=\/wp\/v2\/users\/2"}],"replies":[{"embeddable":true,"href":"https:\/\/fedai.az\/index.php?rest_route=%2Fwp%2Fv2%2Fcomments&post=50101"}],"version-history":[{"count":1,"href":"https:\/\/fedai.az\/index.php?rest_route=\/wp\/v2\/posts\/50101\/revisions"}],"predecessor-version":[{"id":50104,"href":"https:\/\/fedai.az\/index.php?rest_route=\/wp\/v2\/posts\/50101\/revisions\/50104"}],"wp:featuredmedia":[{"embeddable":true,"href":"https:\/\/fedai.az\/index.php?rest_route=\/wp\/v2\/media\/50103"}],"wp:attachment":[{"href":"https:\/\/fedai.az\/index.php?rest_route=%2Fwp%2Fv2%2Fmedia&parent=50101"}],"wp:term":[{"taxonomy":"category","embeddable":true,"href":"https:\/\/fedai.az\/index.php?rest_route=%2Fwp%2Fv2%2Fcategories&post=50101"},{"taxonomy":"post_tag","embeddable":true,"href":"https:\/\/fedai.az\/index.php?rest_route=%2Fwp%2Fv2%2Ftags&post=50101"}],"curies":[{"name":"wp","href":"https:\/\/api.w.org\/{rel}","templated":true}]}}