{"id":50108,"date":"2021-10-03T01:06:20","date_gmt":"2021-10-02T21:06:20","guid":{"rendered":"https:\/\/fedai.az\/?p=50108"},"modified":"2021-10-03T01:06:27","modified_gmt":"2021-10-02T21:06:27","slug":"1-il-onc%c9%99-suqovusanin-erm%c9%99ni-isgalindan-azad-edildi","status":"publish","type":"post","link":"https:\/\/fedai.az\/?p=50108","title":{"rendered":"1 il \u00f6nc\u0259 Suqovu\u015fan\u0131n erm\u0259ni i\u015f\u011fal\u0131ndan azad edildi"},"content":{"rendered":"\n<p><strong>Bu g\u00fcn T\u0259rt\u0259r rayonunun&nbsp;Suqovu\u015fan&nbsp;v\u0259&nbsp;Tal\u0131\u015f k\u0259ndl\u0259rinin&nbsp;Erm\u0259nistan Silahl\u0131 Q\u00fcvv\u0259l\u0259rinin i\u015f\u011fal\u0131ndan azad edilm\u0259sind\u0259n 1 il \u00f6t\u00fcr.<\/strong><\/p>\n\n\n\n<p>2020-ci ilin oktyabr\u0131n 3-d\u0259 Az\u0259rbaycan Ordusu h\u0259r iki k\u0259ndi erm\u0259ni i\u015f\u011fal\u00e7\u0131lar\u0131ndan t\u0259mizl\u0259yib.<\/p>\n\n\n\n<p>H\u0259min g\u00fcn Suqovu\u015fan v\u0259 Tal\u0131\u015fda Az\u0259rbaycan\u0131n \u00fc\u00e7r\u0259ngli \u015fanl\u0131 bayra\u011f\u0131 qald\u0131r\u0131l\u0131b.<\/p>\n\n\n\n<figure class=\"wp-block-image size-large is-resized\"><img loading=\"lazy\" decoding=\"async\" src=\"https:\/\/fedai.az\/wp-content\/uploads\/2021\/10\/\u0411\u0435\u0437-\u043d\u0430\u0437\u0432\u0430\u043d\u0438\u044f-9.jpg\" alt=\"\" class=\"wp-image-50109\" width=\"923\" height=\"512\" srcset=\"https:\/\/fedai.az\/wp-content\/uploads\/2021\/10\/\u0411\u0435\u0437-\u043d\u0430\u0437\u0432\u0430\u043d\u0438\u044f-9.jpg 301w, https:\/\/fedai.az\/wp-content\/uploads\/2021\/10\/\u0411\u0435\u0437-\u043d\u0430\u0437\u0432\u0430\u043d\u0438\u044f-9-150x83.jpg 150w\" sizes=\"auto, (max-width: 923px) 100vw, 923px\" \/><\/figure>\n\n\n\n<p>1992-ci ild\u0259 A\u011fd\u0259r\u0259 rayonu l\u0259\u011fv edil\u0259r\u0259k \u0259razisi qon\u015fu A\u011fdam, T\u0259rt\u0259r v\u0259 K\u0259lb\u0259c\u0259r rayonlar\u0131 aras\u0131nda b\u00f6l\u00fc\u015fd\u00fcr\u00fcl\u00fcb. Q\u0259dim ad\u0131 Suqovu\u015fan olan, sovet hakimiyy\u0259ti ill\u0259rind\u0259 Madagiz adland\u0131r\u0131lan k\u0259nd T\u0259rt\u0259r rayonuna birl\u0259\u015fdiril\u0259n ya\u015fay\u0131\u015f m\u0259nt\u0259q\u0259l\u0259rind\u0259n biridir.<\/p>\n\n\n\n<p>Suqovu\u015fan ilk d\u0259f\u0259 1991-1992-ci ill\u0259rd\u0259 Az\u0259rbaycan Ordusu t\u0259r\u0259find\u0259n i\u015f\u011faldan azad edilib. Lakin 1994-c\u00fc ilin aprelind\u0259 yenid\u0259n Erm\u0259nistan t\u0259r\u0259find\u0259n i\u015f\u011fal olunub.<\/p>\n\n\n\n<p>K\u0259nd \u0259razisind\u0259 Suqovu\u015fan su anbar\u0131 v\u0259 Suqovu\u015fan-1 su elektrik stansiyas\u0131 yerl\u0259\u015fir. Erm\u0259nil\u0259r Suqovu\u015fanu i\u015f\u011fal etdikd\u0259n sonra burada h\u0259rbi hiss\u0259l\u0259r yaratm\u0131\u015fd\u0131. 49971 sayl\u0131 h\u0259rbi hiss\u0259 Erm\u0259nistan ordusunun Qaraba\u011fdak\u0131 \u0259n yax\u015f\u0131 h\u0259rbi hiss\u0259l\u0259rind\u0259n biri hesab olunurdu. Bundan ba\u015fqa, erm\u0259ni ordusunun &#171;6-c\u0131 m\u00fcdafi\u0259 rayonu&#187; kimi qeyd etdiyi 33651 n\u00f6mr\u0259li h\u0259rbi hiss\u0259 d\u0259 Suqovu\u015fanda m\u00f6vqe tuturdu.<\/p>\n\n\n\n<figure class=\"wp-block-image size-large is-resized\"><img loading=\"lazy\" decoding=\"async\" src=\"https:\/\/fedai.az\/wp-content\/uploads\/2021\/10\/images-8.jpg\" alt=\"\" class=\"wp-image-50110\" width=\"923\" height=\"506\" srcset=\"https:\/\/fedai.az\/wp-content\/uploads\/2021\/10\/images-8.jpg 303w, https:\/\/fedai.az\/wp-content\/uploads\/2021\/10\/images-8-300x164.jpg 300w, https:\/\/fedai.az\/wp-content\/uploads\/2021\/10\/images-8-150x82.jpg 150w\" sizes=\"auto, (max-width: 923px) 100vw, 923px\" \/><\/figure>\n\n\n\n<p>Az\u0259rbaycan Prezidenti, M\u00fcz\u0259ff\u0259r Ali Ba\u015f Komandan \u0130lham \u018fliyev 2020-ci ilin oktyabr ay\u0131n\u0131n 3-d\u0259 Suqovu\u015fan\u0131n erm\u0259ni i\u015f\u011fal\u0131ndan azad olundu\u011funu a\u00e7\u0131qlay\u0131b. Daha sonra Ali Ba\u015f Komandan h\u0259min d\u00f6v\u00fcrd\u0259 1-ci Ordu Korpusuna komandanl\u0131q ed\u0259n general-mayor Hikm\u0259t H\u0259s\u0259novu Suqovu\u015fan\u0131n i\u015f\u011faldan azad olunmas\u0131&nbsp;m\u00fcnasib\u0259til\u0259 t\u0259brik edib.<\/p>\n\n\n\n<p>Suqovu\u015fan d\u00f6y\u00fc\u015f\u00fc Az\u0259rbaycan Ordusunun \u0130kinci Qaraba\u011f m\u00fcharib\u0259sind\u0259 \u015fimal-\u015f\u0259rq c\u0259bh\u0259sind\u0259 ba\u015f ver\u0259n \u0259n \u0259h\u0259miyy\u0259tli d\u00f6y\u00fc\u015fl\u0259rd\u0259n biri hesab olunur. Suqovu\u015fan-A\u011fd\u0259r\u0259 istiqam\u0259tind\u0259 ged\u0259n d\u00f6y\u00fc\u015fl\u0259r zaman\u0131 Erm\u0259nistan silahl\u0131 q\u00fcvv\u0259l\u0259rinin 77-ci tank taborun 4 tank\u0131 m\u0259hv edilib, 3 tank\u0131 is\u0259 q\u0259nim\u0259t g\u00f6t\u00fcr\u00fcl\u00fcb.<\/p>\n\n\n\n<figure class=\"wp-block-image size-large is-resized\"><img loading=\"lazy\" decoding=\"async\" src=\"https:\/\/fedai.az\/wp-content\/uploads\/2021\/10\/\u0411\u0435\u0437-\u043d\u0430\u0437\u0432\u0430\u043d\u0438\u044f-8.jpg\" alt=\"\" class=\"wp-image-50111\" width=\"925\" height=\"693\" srcset=\"https:\/\/fedai.az\/wp-content\/uploads\/2021\/10\/\u0411\u0435\u0437-\u043d\u0430\u0437\u0432\u0430\u043d\u0438\u044f-8.jpg 259w, https:\/\/fedai.az\/wp-content\/uploads\/2021\/10\/\u0411\u0435\u0437-\u043d\u0430\u0437\u0432\u0430\u043d\u0438\u044f-8-150x112.jpg 150w\" sizes=\"auto, (max-width: 925px) 100vw, 925px\" \/><\/figure>\n\n\n\n<p>Erm\u0259nistan Silahl\u0131 Q\u00fcvv\u0259l\u0259rinin A\u011fd\u0259r\u0259 istiqam\u0259tind\u0259 yerl\u0259\u015f\u0259n 5-ci da\u011fat\u0131c\u0131 alay\u0131n\u0131n m\u00fcdafi\u0259 sah\u0259sin\u0259 qo\u015funlar\u0131m\u0131z t\u0259r\u0259find\u0259n artilleriya z\u0259rb\u0259l\u0259rinin endirilm\u0259si n\u0259tic\u0259sind\u0259 alay\u0131n 4 \u0259d\u0259d avtomobil texnikas\u0131 m\u0259hv edilib, \u015f\u0259xsi hey\u0259ti aras\u0131nda \u00e7oxlu sayda \u00f6l\u0259n v\u0259 yaralanan olub. 5-ci da\u011fat\u0131c\u0131 alay\u0131n bir ne\u00e7\u0259 b\u00f6lm\u0259sinin \u015f\u0259xsi hey\u0259ti d\u00f6y\u00fc\u015f m\u00f6vqeyini&nbsp;t\u0259rk ed\u0259r\u0259k qa\u00e7\u0131b.<\/p>\n\n\n\n<p>Suqovu\u015fan\u0131n d\u00fc\u015fm\u0259nd\u0259n azad edilm\u0259si Suqovu\u015fan su anbar\u0131ndan T\u0259rt\u0259r, Goranboy v\u0259 Yevlax rayonlar\u0131na suyun verilm\u0259si il\u0259 ekoloji tarazl\u0131q t\u0259min olunub.<\/p>\n\n\n\n<p>Prezident \u0130lham \u018fliyevin qanunvericilik t\u0259\u015f\u0259bb\u00fcs\u00fc il\u0259 &#171;Az\u0259rbaycan Respublikas\u0131n\u0131n T\u0259rt\u0259r rayonunun Madagiz k\u0259ndinin Suqovu\u015fan adland\u0131r\u0131lmas\u0131 haqq\u0131nda&#187;&nbsp;qanun layih\u0259si&nbsp;Milli M\u0259clis\u0259 g\u00f6nd\u0259rilib. Layih\u0259 parlamentin 2020-ci ilin oktyabr\u0131n 6-da ke\u00e7iril\u0259n plenar iclas\u0131nda m\u00fczakir\u0259y\u0259 \u00e7\u0131xar\u0131l\u0131b v\u0259 q\u0259bul edilib.<\/p>\n\n\n\n<p>Daha sonra Prezident \u0130lham \u018fliyev Madagiz k\u0259ndinin Suqovu\u015fan k\u0259ndi adland\u0131r\u0131lmas\u0131 haqq\u0131nda&nbsp;qanunu imzalay\u0131b.&nbsp;S\u0259n\u0259d\u0259 \u0259sas\u0259n, T\u0259rt\u0259r rayonunun \u00c7ayl\u0131 k\u0259nd inzibati \u0259razi dair\u0259si t\u0259rkibind\u0259ki Madagiz k\u0259ndi Suqovu\u015fan k\u0259ndi adland\u0131r\u0131l\u0131b.<\/p>\n\n\n\n<p>Prezident \u0130lham \u018fliyevin&nbsp;2020-ci ilin dekabr\u0131n 29-da&nbsp;v\u0259&nbsp;2021-ci ilin iyunun 24-d\u0259&nbsp;imzalad\u0131\u011f\u0131 m\u00fcvafiq s\u0259r\u0259ncamlara \u0259sas\u0259n, bir qrup h\u0259rbi qulluq\u00e7u \u201cSuqovu\u015fan\u0131n azad olunmas\u0131na g\u00f6r\u0259\u201d medal\u0131 il\u0259 t\u0259ltif edilib.<\/p>\n\n\n\n<figure class=\"wp-block-image size-large is-resized\"><img loading=\"lazy\" decoding=\"async\" src=\"https:\/\/fedai.az\/wp-content\/uploads\/2021\/10\/\u0411\u0435\u0437-\u043d\u0430\u0437\u0432\u0430\u043d\u0438\u044f-5.jpg\" alt=\"\" class=\"wp-image-50112\" width=\"927\" height=\"617\" srcset=\"https:\/\/fedai.az\/wp-content\/uploads\/2021\/10\/\u0411\u0435\u0437-\u043d\u0430\u0437\u0432\u0430\u043d\u0438\u044f-5.jpg 275w, https:\/\/fedai.az\/wp-content\/uploads\/2021\/10\/\u0411\u0435\u0437-\u043d\u0430\u0437\u0432\u0430\u043d\u0438\u044f-5-150x100.jpg 150w\" sizes=\"auto, (max-width: 927px) 100vw, 927px\" \/><\/figure>\n\n\n\n<p>2020-ci ilin oktyabr ay\u0131n\u0131n 3-d\u0259 erm\u0259ni i\u015f\u011fal\u0131ndan azad olunan Tal\u0131\u015f k\u0259ndi XVIII-XIX \u0259srl\u0259rd\u0259 m\u00f6vcud olmu\u015f G\u00fcl\u00fcstan m\u0259likliyinin m\u0259rk\u0259zi olub. Tal\u0131\u015f k\u0259ndi \u0259vv\u0259ll\u0259r A\u011fd\u0259r\u0259 rayonunun inzibati \u0259razisin\u0259 aid olub. Lakin 1992-ci ild\u0259 A\u011fd\u0259r\u0259 rayonu l\u0259\u011fv edil\u0259r\u0259k \u0259razisi qon\u015fu A\u011fdam, T\u0259rt\u0259r v\u0259 K\u0259lb\u0259c\u0259r rayonlar\u0131 aras\u0131nda b\u00f6l\u00fc\u015fd\u00fcr\u00fcl\u00fcb. Tal\u0131\u015f k\u0259ndi d\u0259 T\u0259rt\u0259r rayonuna birl\u0259\u015fdiril\u0259n k\u0259ndl\u0259rd\u0259n biridir.<\/p>\n\n\n\n<p>K\u0259nd Qaraba\u011f m\u00fcharib\u0259sinin \u0259vv\u0259lind\u0259 Erm\u0259nistan ordusu t\u0259r\u0259find\u0259n i\u015f\u011fal olunub. Lakin 1992-ci ilin A\u011fd\u0259r\u0259 \u0259m\u0259liyyat\u0131 zaman\u0131 iyunun 16-s\u0131 Az\u0259rbaycan\u0131n Milli Q\u0259hr\u0259man\u0131 M\u0259h\u0259mm\u0259d H\u0259s\u0259novun 1-ci Goranboy batalyonu v\u0259 komandir Nazim Bayramovun tank batalyonu (\u00fcmumilikd\u0259 8 tank) t\u0259r\u0259find\u0259n Tapqaraqoyunlu istiqam\u0259tind\u0259n birg\u0259 s\u00fcr\u0259tli h\u00fccum n\u0259tic\u0259sind\u0259 k\u0259nd erm\u0259ni i\u015f\u011fal\u00e7\u0131lar\u0131ndan azad edilib. H\u00fccum zaman\u0131 Az\u0259rbaycan Ordusunun c\u0259mi 1 \u0259sg\u0259ri yaralanm\u0131\u015fd\u0131. Lakin 1994-c\u00fc ilin aprel ay\u0131nda h\u00fccum ed\u0259n erm\u0259ni q\u00fcvv\u0259l\u0259ri k\u0259ndi yenid\u0259n i\u015f\u011fal edibl\u0259r.<\/p>\n\n\n\n<p>2 aprel 2016-c\u0131 il tarixind\u0259 Tal\u0131\u015f k\u0259ndinin \u0259traf\u0131ndak\u0131 strateji y\u00fcks\u0259klikl\u0259r Az\u0259rbaycan Ordusunun erm\u0259ni i\u015f\u011fal\u00e7\u0131lar\u0131na qar\u015f\u0131 ke\u00e7irdiyi \u0259m\u0259liyyat zaman\u0131 d\u00fc\u015fm\u0259nd\u0259n tam geri al\u0131n\u0131b.<\/p>\n\n\n\n<figure class=\"wp-block-image size-large is-resized\"><img loading=\"lazy\" decoding=\"async\" src=\"https:\/\/fedai.az\/wp-content\/uploads\/2021\/10\/\u0411\u0435\u0437-\u043d\u0430\u0437\u0432\u0430\u043d\u0438\u044f-4-1.jpg\" alt=\"\" class=\"wp-image-50113\" width=\"920\" height=\"573\" srcset=\"https:\/\/fedai.az\/wp-content\/uploads\/2021\/10\/\u0411\u0435\u0437-\u043d\u0430\u0437\u0432\u0430\u043d\u0438\u044f-4-1.jpg 284w, https:\/\/fedai.az\/wp-content\/uploads\/2021\/10\/\u0411\u0435\u0437-\u043d\u0430\u0437\u0432\u0430\u043d\u0438\u044f-4-1-150x93.jpg 150w, https:\/\/fedai.az\/wp-content\/uploads\/2021\/10\/\u0411\u0435\u0437-\u043d\u0430\u0437\u0432\u0430\u043d\u0438\u044f-4-1-115x73.jpg 115w\" sizes=\"auto, (max-width: 920px) 100vw, 920px\" \/><\/figure>\n\n\n\n<p>2017-ci il fevral\u0131n 24-25-n\u0259 ke\u00e7\u0259n gec\u0259 Erm\u0259nistan Silahl\u0131 Q\u00fcvv\u0259l\u0259ri Tal\u0131\u015f k\u0259ndinin \u0259traf\u0131ndak\u0131 strateji y\u00fcks\u0259klikl\u0259ri \u0259l\u0259 ke\u00e7irm\u0259k m\u0259qs\u0259dil\u0259 t\u0259xribat t\u00f6r\u0259dibl\u0259r. Lakin Az\u0259rbaycan Silahl\u0131 Q\u00fcvv\u0259l\u0259ri ke\u00e7irdiyi \u0259m\u0259liyyat zaman\u0131 onlar\u0131n qar\u015f\u0131s\u0131n\u0131 alaraq pilotsuz u\u00e7u\u015f aparat\u0131 olan PUA-n\u0131 m\u0259hv edibl\u0259r.<\/p>\n\n\n\n<p>Qeyd ed\u0259k ki, oktyabr\u0131n 3-d\u0259 Suqovu\u015fan v\u0259 Tal\u0131\u015f k\u0259ndl\u0259ri il\u0259 yana\u015f\u0131 C\u0259bray\u0131l rayonun Mehdili, \u00c7ax\u0131rl\u0131, A\u015fa\u011f\u0131 Maralyan, \u015e\u0259yb\u0259y, Quycaq k\u0259ndl\u0259ri v\u0259 F\u00fczuli rayonunun A\u015fa\u011f\u0131 \u018fbd\u00fcrr\u0259hmanl\u0131 k\u0259ndi d\u0259 Erm\u0259nistan Silahl\u0131 Q\u00fcvv\u0259l\u0259rinin i\u015f\u011fal\u0131ndan azad edilib.<\/p>\n\n\n\n<p><strong>Qaraba\u011f Az\u0259rbaycand\u0131r!<\/strong><\/p>\n\n\n\n<figure class=\"wp-block-image size-large is-resized\"><img loading=\"lazy\" decoding=\"async\" src=\"https:\/\/fedai.az\/wp-content\/uploads\/2021\/10\/\u0411\u0435\u0437-\u043d\u0430\u0437\u0432\u0430\u043d\u0438\u044f-6.jpg\" alt=\"\" class=\"wp-image-50114\" width=\"925\" height=\"577\" srcset=\"https:\/\/fedai.az\/wp-content\/uploads\/2021\/10\/\u0411\u0435\u0437-\u043d\u0430\u0437\u0432\u0430\u043d\u0438\u044f-6.jpg 284w, https:\/\/fedai.az\/wp-content\/uploads\/2021\/10\/\u0411\u0435\u0437-\u043d\u0430\u0437\u0432\u0430\u043d\u0438\u044f-6-150x93.jpg 150w, https:\/\/fedai.az\/wp-content\/uploads\/2021\/10\/\u0411\u0435\u0437-\u043d\u0430\u0437\u0432\u0430\u043d\u0438\u044f-6-115x73.jpg 115w\" sizes=\"auto, (max-width: 925px) 100vw, 925px\" \/><\/figure>\n","protected":false},"excerpt":{"rendered":"<p>Bu g\u00fcn T\u0259rt\u0259r rayonunun&nbsp;Suqovu\u015fan&nbsp;v\u0259&nbsp;Tal\u0131\u015f k\u0259ndl\u0259rinin&nbsp;Erm\u0259nistan Silahl\u0131 Q\u00fcvv\u0259l\u0259rinin i\u015f\u011fal\u0131ndan azad edilm\u0259sind\u0259n 1 il \u00f6t\u00fcr. 2020-ci ilin oktyabr\u0131n 3-d\u0259 Az\u0259rbaycan Ordusu h\u0259r iki k\u0259ndi erm\u0259ni i\u015f\u011fal\u00e7\u0131lar\u0131ndan<\/p>\n","protected":false},"author":2,"featured_media":50115,"comment_status":"closed","ping_status":"closed","sticky":false,"template":"","format":"standard","meta":{"footnotes":""},"categories":[4],"tags":[],"class_list":["post-50108","post","type-post","status-publish","format-standard","has-post-thumbnail","hentry","category-qarabag"],"aioseo_notices":[],"_links":{"self":[{"href":"https:\/\/fedai.az\/index.php?rest_route=\/wp\/v2\/posts\/50108","targetHints":{"allow":["GET"]}}],"collection":[{"href":"https:\/\/fedai.az\/index.php?rest_route=\/wp\/v2\/posts"}],"about":[{"href":"https:\/\/fedai.az\/index.php?rest_route=\/wp\/v2\/types\/post"}],"author":[{"embeddable":true,"href":"https:\/\/fedai.az\/index.php?rest_route=\/wp\/v2\/users\/2"}],"replies":[{"embeddable":true,"href":"https:\/\/fedai.az\/index.php?rest_route=%2Fwp%2Fv2%2Fcomments&post=50108"}],"version-history":[{"count":1,"href":"https:\/\/fedai.az\/index.php?rest_route=\/wp\/v2\/posts\/50108\/revisions"}],"predecessor-version":[{"id":50116,"href":"https:\/\/fedai.az\/index.php?rest_route=\/wp\/v2\/posts\/50108\/revisions\/50116"}],"wp:featuredmedia":[{"embeddable":true,"href":"https:\/\/fedai.az\/index.php?rest_route=\/wp\/v2\/media\/50115"}],"wp:attachment":[{"href":"https:\/\/fedai.az\/index.php?rest_route=%2Fwp%2Fv2%2Fmedia&parent=50108"}],"wp:term":[{"taxonomy":"category","embeddable":true,"href":"https:\/\/fedai.az\/index.php?rest_route=%2Fwp%2Fv2%2Fcategories&post=50108"},{"taxonomy":"post_tag","embeddable":true,"href":"https:\/\/fedai.az\/index.php?rest_route=%2Fwp%2Fv2%2Ftags&post=50108"}],"curies":[{"name":"wp","href":"https:\/\/api.w.org\/{rel}","templated":true}]}}