{"id":50117,"date":"2021-10-03T01:13:03","date_gmt":"2021-10-02T21:13:03","guid":{"rendered":"https:\/\/fedai.az\/?p=50117"},"modified":"2021-10-03T01:13:08","modified_gmt":"2021-10-02T21:13:08","slug":"xaricd%c9%99-alti-ordu-yaratmisiq-iran-generalindan-sok-aciqlama","status":"publish","type":"post","link":"https:\/\/fedai.az\/?p=50117","title":{"rendered":"\u201cXaricd\u0259 alt\u0131 ordu yaratm\u0131\u015f\u0131q&#8230;\u201d &#8212; \u0130ran general\u0131ndan \u015eOK A\u00c7IQLAMA"},"content":{"rendered":"\n<p><strong>\u0130ran\u0131n y\u00fcks\u0259k r\u00fctb\u0259li h\u0259rbi r\u0259isl\u0259rind\u0259n general Qulam\u0259li R\u0259\u015fid bildirib ki, \u0130slam Respublikas\u0131n\u0131n \u00f6lk\u0259 h\u00fcdudlar\u0131ndan k\u0259narda \u201calt\u0131 ordusu\u201d var. \u018fl-\u018fr\u0259biy\u0259\u201d kanal\u0131 x\u0259b\u0259r verir ki, general Qulam\u0259li R\u0259\u015fif \u0130nqilab Ke\u015fik\u00e7il\u0259ri Korpusunun \u201cHatam \u0259l-Anbiy\u0259\u201d hava h\u00fccumundan m\u00fcdafi\u0259 bazas\u0131n\u0131n komandan\u0131d\u0131r. O, f\u0259xrl\u0259 bildirib ki, \u0130ran\u0131n xaricd\u0259 yaratd\u0131\u011f\u0131 \u201cordular\u201d indi \u0130slam Respublikas\u0131na i\u015fl\u0259yir.<\/strong><\/p>\n\n\n\n<p>General deyib ki, bu ordular\u0131n ideoloji y\u00fck\u00fc var v\u0259 onlar\u0131n missiyas\u0131 \u0130ran\u0131 ist\u0259nil\u0259n xarici h\u00fccumdan m\u00fcdafi\u0259 etm\u0259kdir. Bu xarici ordular Livandak\u0131 \u201cHizbullah\u201ddan, F\u0259l\u0259stind\u0259ki H\u018fMAS v\u0259 \u201c\u0130slami cihad\u201ddan, Suriyada irany\u00f6n\u00fcml\u00fc qrupla\u015fmadan, \u0130raqda \u201cH\u0259\u015fdi \u0259\u015f-\u015eaabi\u201d qrupla\u015fmas\u0131ndan v\u0259 Y\u0259m\u0259nd\u0259ki husil\u0259rin \u201c\u018fnsan Alla\u201d qrupla\u015fmas\u0131ndan ibar\u0259tdir.<\/p>\n\n\n\n<figure class=\"wp-block-image size-large\"><img loading=\"lazy\" decoding=\"async\" width=\"767\" height=\"433\" src=\"https:\/\/fedai.az\/wp-content\/uploads\/2021\/10\/XA.png\" alt=\"\" class=\"wp-image-50118\" srcset=\"https:\/\/fedai.az\/wp-content\/uploads\/2021\/10\/XA.png 767w, https:\/\/fedai.az\/wp-content\/uploads\/2021\/10\/XA-300x169.png 300w, https:\/\/fedai.az\/wp-content\/uploads\/2021\/10\/XA-150x85.png 150w\" sizes=\"auto, (max-width: 767px) 100vw, 767px\" \/><\/figure>\n\n\n\n<p>Qulam\u0259li R\u0259\u015fid qeyd edib ki, \u0130nqilab Ke\u015fik\u00e7il\u0259ri Korpusunun \u201cQ\u00fcds\u201d x\u00fcsusi t\u0259yinatl\u0131 q\u00fcvv\u0259l\u0259rinin komandiri general Qas\u0131m S\u00fcleymani \u00f6ld\u00fcr\u00fclm\u0259zd\u0259n \u0259vv\u0259l h\u0259min xarici ordulardan b\u0259hs etmi\u015fdi. \u201cBildirmi\u015fdi ki, o \u0130ran \u0259razil\u0259rind\u0259n k\u0259narda alt\u0131 ordu yarad\u0131b\u201d,-o xat\u0131rlad\u0131b.<\/p>\n\n\n\n<p>M\u0259nb\u0259: Virtualaz.org<\/p>\n","protected":false},"excerpt":{"rendered":"<p>\u0130ran\u0131n y\u00fcks\u0259k r\u00fctb\u0259li h\u0259rbi r\u0259isl\u0259rind\u0259n general Qulam\u0259li R\u0259\u015fid bildirib ki, \u0130slam Respublikas\u0131n\u0131n \u00f6lk\u0259 h\u00fcdudlar\u0131ndan k\u0259narda \u201calt\u0131 ordusu\u201d var. \u018fl-\u018fr\u0259biy\u0259\u201d kanal\u0131 x\u0259b\u0259r verir ki, general<\/p>\n","protected":false},"author":2,"featured_media":50119,"comment_status":"closed","ping_status":"closed","sticky":false,"template":"","format":"standard","meta":{"footnotes":""},"categories":[1],"tags":[],"class_list":["post-50117","post","type-post","status-publish","format-standard","has-post-thumbnail","hentry","category-siyast"],"aioseo_notices":[],"_links":{"self":[{"href":"https:\/\/fedai.az\/index.php?rest_route=\/wp\/v2\/posts\/50117","targetHints":{"allow":["GET"]}}],"collection":[{"href":"https:\/\/fedai.az\/index.php?rest_route=\/wp\/v2\/posts"}],"about":[{"href":"https:\/\/fedai.az\/index.php?rest_route=\/wp\/v2\/types\/post"}],"author":[{"embeddable":true,"href":"https:\/\/fedai.az\/index.php?rest_route=\/wp\/v2\/users\/2"}],"replies":[{"embeddable":true,"href":"https:\/\/fedai.az\/index.php?rest_route=%2Fwp%2Fv2%2Fcomments&post=50117"}],"version-history":[{"count":1,"href":"https:\/\/fedai.az\/index.php?rest_route=\/wp\/v2\/posts\/50117\/revisions"}],"predecessor-version":[{"id":50120,"href":"https:\/\/fedai.az\/index.php?rest_route=\/wp\/v2\/posts\/50117\/revisions\/50120"}],"wp:featuredmedia":[{"embeddable":true,"href":"https:\/\/fedai.az\/index.php?rest_route=\/wp\/v2\/media\/50119"}],"wp:attachment":[{"href":"https:\/\/fedai.az\/index.php?rest_route=%2Fwp%2Fv2%2Fmedia&parent=50117"}],"wp:term":[{"taxonomy":"category","embeddable":true,"href":"https:\/\/fedai.az\/index.php?rest_route=%2Fwp%2Fv2%2Fcategories&post=50117"},{"taxonomy":"post_tag","embeddable":true,"href":"https:\/\/fedai.az\/index.php?rest_route=%2Fwp%2Fv2%2Ftags&post=50117"}],"curies":[{"name":"wp","href":"https:\/\/api.w.org\/{rel}","templated":true}]}}